{"id":47305,"date":"2026-05-03T09:07:22","date_gmt":"2026-05-03T12:07:22","guid":{"rendered":"https:\/\/boomdenoticias.com\/?p=47305"},"modified":"2026-05-03T09:07:22","modified_gmt":"2026-05-03T12:07:22","slug":"cuando-y-a-que-hora-corre-franco-colapinto-en-el-gp-de-miami-de-formula-1","status":"publish","type":"post","link":"https:\/\/boomdenoticias.com\/?p=47305","title":{"rendered":"Cu\u00e1ndo y a qu\u00e9 hora corre Franco Colapinto en el GP de Miami de F\u00f3rmula 1"},"content":{"rendered":"<p>El argentino<b> <\/b><a href=\"https:\/\/www.lanacion.com.ar\/deportes\/automovilismo\/anibal-colapinto-el-papa-de-franco-en-el-road-show-siempre-le-dije-disfruta-lo-que-hagas-y-hacelo-nid27042026\/\" target=\"_blank\" rel=\"noreferrer\" title=\"https:\/\/www.lanacion.com.ar\/deportes\/automovilismo\/anibal-colapinto-el-papa-de-franco-en-el-road-show-siempre-le-dije-disfruta-lo-que-hagas-y-hacelo-nid27042026\/\"><b>Franco Colapinto<\/b><\/a><b> <\/b>vuelve a la acci\u00f3n este fin de semana en el <b>Gran Premio de Miami<\/b>, correspondiente a la <b>sexta fecha de la temporada 2026 de la F\u00f3rmula 1<\/b>. La actividad se desarrollar\u00e1 en el <b>Aut\u00f3dromo Internacional de Miami, en Estados Unidos<\/b>, bajo el formato sprint.<\/p>\n<p>El piloto de Alpine afronta su primer a\u00f1o completo como titular en la m\u00e1xima categor\u00eda y buscar\u00e1 mejorar su rendimiento tras el GP de Jap\u00f3n, donde termin\u00f3 16\u00b0, lejos de su compa\u00f1ero de equipo, <b>Pierre Gasly<\/b>.<\/p>\n<p><img loading=\"lazy\" decoding=\"async\" src=\"https:\/\/resizer.glanacion.com\/resizer\/v2\/GSTYCMKFNZERHNJ3Q2X2GAOTEI.jpg?auth=fd1bfe8605be0542f05613435c230b13c4973d585b66caee1589d23629bf2512&amp;smart=true&amp;width=2048&amp;height=1366\" alt=\"GP F\u00f3rmula 1 Miami\" height=\"1366\" width=\"2048\" \/><\/p>\n<h1>Cu\u00e1ndo y a qu\u00e9 hora corre Colapinto<\/h1>\n<p>El fin de semana tendr\u00e1 formato sprint, lo que implica menos entrenamientos y m\u00e1s acci\u00f3n competitiva desde el inicio. <b>Este domingo la carrera est\u00e1 programada para las 14 horas (hora de la Argentina)<\/b>. El horario se adelant\u00f3 por la posibilidad de una tormenta el\u00e9ctrica en Miami.<\/p>\n<p><img loading=\"lazy\" decoding=\"async\" src=\"https:\/\/resizer.glanacion.com\/resizer\/v2\/4G2HUBEYNJBGNFL4PYMA4DDI5Y.jpg?auth=ff906d07fb6b01a9a2dc924e901620b7016df762a285ccc39d579f4fa6b56a6c&amp;smart=true&amp;width=1068&amp;height=1184\" alt=\"GP F\u00f3rmula 1 Miami\" height=\"1184\" width=\"1068\" \/><\/p>\n<h1>D\u00f3nde ver la carrera<\/h1>\n<p>Toda la actividad del Gran Premio de Miami se podr\u00e1 seguir en vivo a trav\u00e9s de <b>Fox Sports<\/b> y la plataforma de streaming<b> Disney+<\/b>.<\/p>\n<p><img loading=\"lazy\" decoding=\"async\" src=\"https:\/\/resizer.glanacion.com\/resizer\/v2\/GAPG3NNN5BG6TK6MMNIX6573XI.jpg?auth=7526c1ff97ad31100d7997097b0478084902fcf9c3e972dcf1c536b408c54af1&amp;smart=true&amp;width=2000&amp;height=1335\" alt=\"Franco Colapinto se luci\u00f3 el fin de semana pasado en Buenos Aires\" height=\"1335\" width=\"2000\" \/><\/p>\n<h1>El regreso tras el impacto en Buenos Aires<\/h1>\n<p>Colapinto llega a Miami luego del Road Show que protagoniz\u00f3 en la ciudad de Buenos Aires, donde gener\u00f3 una fuerte repercusi\u00f3n entre los fan\u00e1ticos. Ya instalado en Estados Unidos, <b>el pilarense destac\u00f3 el trabajo previo del equipo y puso el foco en el desaf\u00edo inmediato<\/b>.<\/p>\n<blockquote class=\"instagram-media\" data-instgrm-captioned data-instgrm-permalink=\"https:\/\/www.instagram.com\/reel\/DXhHl09DOpc\/?utm_source=ig_embed&amp;utm_campaign=loading\" data-instgrm-version=\"14\">\n<div> <a href=\"https:\/\/www.instagram.com\/reel\/DXhHl09DOpc\/?utm_source=ig_embed&amp;utm_campaign=loading\" target=\"_blank\"> \n<div>\n<div><\/div>\n<div>\n<div><\/div>\n<div><\/div>\n<\/div>\n<\/div>\n<div><\/div>\n<div><\/div>\n<div>\n<div>View this post on Instagram<\/div>\n<\/div>\n<div><\/div>\n<div>\n<div>\n<div><\/div>\n<div><\/div>\n<div><\/div>\n<\/div>\n<div>\n<div><\/div>\n<div><\/div>\n<\/div>\n<div>\n<div><\/div>\n<div><\/div>\n<div><\/div>\n<\/div>\n<\/div>\n<div>\n<div><\/div>\n<div><\/div>\n<\/div>\n<p><\/p><\/a><\/div>\n<\/blockquote>\n<p>\u201cComo equipo hicimos un trabajo valioso en el simulador durante el receso y tuvimos el incre\u00edble Road Show en Buenos Aires. <b>Todav\u00eda no puedo creer lo especial que fue manejar un F\u00f3rmula 1 en casa<\/b>. La gente me apoy\u00f3 mucho y fue hermoso hacer esto para ellos. Pero ahora, todo mi enfoque est\u00e1 puesto en Miami y en el fin de semana Sprint que tenemos por delante\u201d, expres\u00f3 en declaraciones difundidas por Alpine.<\/p>\n<p>La sexta fecha del calendario se disputa este fin de semana en Estados Unidos; el piloto argentino afronta su primera temporada completa en la categor\u00edaAutomovilismoLA NACION<\/p>","protected":false},"excerpt":{"rendered":"<p>El argentino Franco Colapinto vuelve a la acci\u00f3n este fin de semana en el Gran Premio de Miami, correspondiente a&hellip;<\/p>\n","protected":false},"author":1,"featured_media":47306,"comment_status":"closed","ping_status":"closed","sticky":false,"template":"","format":"standard","meta":{"footnotes":""},"categories":[31],"tags":[],"class_list":["post-47305","post","type-post","status-publish","format-standard","has-post-thumbnail","hentry","category-pais"],"_links":{"self":[{"href":"https:\/\/boomdenoticias.com\/index.php?rest_route=\/wp\/v2\/posts\/47305","targetHints":{"allow":["GET"]}}],"collection":[{"href":"https:\/\/boomdenoticias.com\/index.php?rest_route=\/wp\/v2\/posts"}],"about":[{"href":"https:\/\/boomdenoticias.com\/index.php?rest_route=\/wp\/v2\/types\/post"}],"author":[{"embeddable":true,"href":"https:\/\/boomdenoticias.com\/index.php?rest_route=\/wp\/v2\/users\/1"}],"replies":[{"embeddable":true,"href":"https:\/\/boomdenoticias.com\/index.php?rest_route=%2Fwp%2Fv2%2Fcomments&post=47305"}],"version-history":[{"count":0,"href":"https:\/\/boomdenoticias.com\/index.php?rest_route=\/wp\/v2\/posts\/47305\/revisions"}],"wp:featuredmedia":[{"embeddable":true,"href":"https:\/\/boomdenoticias.com\/index.php?rest_route=\/wp\/v2\/media\/47306"}],"wp:attachment":[{"href":"https:\/\/boomdenoticias.com\/index.php?rest_route=%2Fwp%2Fv2%2Fmedia&parent=47305"}],"wp:term":[{"taxonomy":"category","embeddable":true,"href":"https:\/\/boomdenoticias.com\/index.php?rest_route=%2Fwp%2Fv2%2Fcategories&post=47305"},{"taxonomy":"post_tag","embeddable":true,"href":"https:\/\/boomdenoticias.com\/index.php?rest_route=%2Fwp%2Fv2%2Ftags&post=47305"}],"curies":[{"name":"wp","href":"https:\/\/api.w.org\/{rel}","templated":true}]}}