{"id":47303,"date":"2026-05-03T09:08:00","date_gmt":"2026-05-03T12:08:00","guid":{"rendered":"https:\/\/boomdenoticias.com\/?p=47303"},"modified":"2026-05-03T09:08:00","modified_gmt":"2026-05-03T12:08:00","slug":"un-incendio-en-un-hotel-en-el-microcentro-obligo-a-evacuar-a-100-personas","status":"publish","type":"post","link":"https:\/\/boomdenoticias.com\/?p=47303","title":{"rendered":"Un incendio en un hotel en el microcentro oblig\u00f3 a evacuar a 100 personas"},"content":{"rendered":"<p>Un<b> <\/b><a href=\"https:\/\/www.lanacion.com.ar\/sociedad\/un-incendio-en-la-facultad-de-ciencias-sociales-de-la-uba-obligo-a-evacuar-el-edificio-y-dejo-dos-nid27042026\/\" target=\"_self\" rel=\"\" title=\"https:\/\/www.lanacion.com.ar\/sociedad\/un-incendio-en-la-facultad-de-ciencias-sociales-de-la-uba-obligo-a-evacuar-el-edificio-y-dejo-dos-nid27042026\/\"><b>incendio<\/b><\/a> se desat\u00f3 durante la madrugada de este domingo en un hotel del microcentro porte\u00f1o. El hecho ocurri\u00f3 en el <b>HR Luxor<\/b>, ubicado en la Avenida Roque S\u00e1enz Pe\u00f1a al 800, entre Esmeralda y Sarmiento, apenas pasada la medianoche. <\/p>\n<p>El fuego se origin\u00f3 en una<b> habitaci\u00f3n del noveno piso<\/b>. Fuentes del SAME confirmaron a LA NACION que m\u00e1s de <b>100 hu\u00e9spedes<\/b> <b>debieron ser evacuadas de urgencia<\/b>. <\/p>\n<p>Un total de<b> seis personas <\/b>-cuatro mujeres y dos hombres- recibieron atenci\u00f3n m\u00e9dica en el lugar, aunque no fue necesario su traslado a hospitales.<\/p>\n<p><img loading=\"lazy\" decoding=\"async\" src=\"https:\/\/resizer.glanacion.com\/resizer\/v2\/JOM7R7DI7ZES3L7H4QKDNUWV7A.jpg?auth=a43e9b4988d3f6f981c5cc75eeaf426f0e7c797a7d7dcd68eacdba6b5ac15589&amp;smart=true&amp;width=1280&amp;height=720\" alt=\"El fuego se origin\u00f3 en una habitaci\u00f3n del noveno piso\" height=\"720\" width=\"1280\" \/><\/p>\n<p>En el lugar se despleg\u00f3 un importante operativo que se extendi\u00f3 por m\u00e1s de dos horas. Cont\u00f3 con la participaci\u00f3n de<b> cinco dotaciones de los Bomberos de la Ciudad<\/b> y voluntarios de Puerto Madero, y personal de la Polic\u00eda, Defensa Civil y Tr\u00e1nsito.<\/p>\n<h1>Incendio en la UBA<\/h1>\n<p>Un <a href=\"https:\/\/www.lanacion.com.ar\/sociedad\/un-incendio-en-la-facultad-de-ciencias-sociales-de-la-uba-obligo-a-evacuar-el-edificio-y-dejo-dos-nid27042026\/\" target=\"_self\" rel=\"\" title=\"https:\/\/www.lanacion.com.ar\/sociedad\/un-incendio-en-la-facultad-de-ciencias-sociales-de-la-uba-obligo-a-evacuar-el-edificio-y-dejo-dos-nid27042026\/\">incendio en la UBA<\/a> el lunes pasado oblig\u00f3 a evacuar el edificio y dej\u00f3 <b>dos hospitalizados.<\/b><\/p>\n<p>El fuego se inici\u00f3 de forma generalizada en <b>dos contenedores de residuos<\/b> situados en un pulm\u00f3n a cielo abierto aproximadamente 10&#215;5 metro del patio interno del establecimiento, seg\u00fan precisaron fuentes policiales a LA NACION.<\/p>\n<p>Las llamas fueron combatidas inicialmente por trabajadores del establecimiento mediante una red fija contra incendios. Tras el arribo de los Bomberos, las tareas se reforzaron con el despliegue de l\u00edneas de 38 y 63,5 mil\u00edmetros, lo que permiti\u00f3 controlar r\u00e1pidamente el foco \u00edgneo.<\/p>\n<p><img loading=\"lazy\" decoding=\"async\" src=\"https:\/\/resizer.glanacion.com\/resizer\/v2\/TJMNHYPA7ZA43LBMWC2PXUFKYY.jpg?auth=4b0bca53aa94edd6433c276dab049bb451c3d9ec540d56aeed4b34a42b68a327&amp;smart=true&amp;width=720&amp;height=1280\" alt=\"El fuego se origin\u00f3 en un contenedor ubicado en un patio interno del establecimiento educativo\" height=\"1280\" width=\"720\" \/><\/p>\n<p>Ante la emergencia, las autoridades universitarias activaron de inmediato el protocolo de evacuaci\u00f3n y <b>procedieron a desalojar el edificio de planta baja y cuatro pisos.<\/b><\/p>\n<p>Personal del SAME traslad\u00f3 a dos hombres de 32 y 47 a\u00f1os al Hospital Ramos Mej\u00eda por cuadros de inhalaci\u00f3n de humo, mientras que un tercer afectado, de 45 a\u00f1os, fue asistido en el lugar.<\/p>\n<p>Desde la Facultad de Ciencias Sociales indicaron a este diario que las actividades, tanto acad\u00e9micas como administrativas, se retomaron a las 13 y que el edificio <b>no sufri\u00f3 \u201cda\u00f1os graves\u201d<\/b>. Asimismo, a\u00f1adieron que se inici\u00f3 una investigaci\u00f3n para determinar las causas del incendio.<\/p>\n<p>El fuego se origin\u00f3 pasada la medianoche en el noveno piso del HR Luxor; seis personas fueron atendidos en el lugarSociedadLA NACION<\/p>","protected":false},"excerpt":{"rendered":"<p>Un incendio se desat\u00f3 durante la madrugada de este domingo en un hotel del microcentro porte\u00f1o. El hecho ocurri\u00f3 en&hellip;<\/p>\n","protected":false},"author":1,"featured_media":47304,"comment_status":"closed","ping_status":"closed","sticky":false,"template":"","format":"standard","meta":{"footnotes":""},"categories":[31],"tags":[],"class_list":["post-47303","post","type-post","status-publish","format-standard","has-post-thumbnail","hentry","category-pais"],"_links":{"self":[{"href":"https:\/\/boomdenoticias.com\/index.php?rest_route=\/wp\/v2\/posts\/47303","targetHints":{"allow":["GET"]}}],"collection":[{"href":"https:\/\/boomdenoticias.com\/index.php?rest_route=\/wp\/v2\/posts"}],"about":[{"href":"https:\/\/boomdenoticias.com\/index.php?rest_route=\/wp\/v2\/types\/post"}],"author":[{"embeddable":true,"href":"https:\/\/boomdenoticias.com\/index.php?rest_route=\/wp\/v2\/users\/1"}],"replies":[{"embeddable":true,"href":"https:\/\/boomdenoticias.com\/index.php?rest_route=%2Fwp%2Fv2%2Fcomments&post=47303"}],"version-history":[{"count":0,"href":"https:\/\/boomdenoticias.com\/index.php?rest_route=\/wp\/v2\/posts\/47303\/revisions"}],"wp:featuredmedia":[{"embeddable":true,"href":"https:\/\/boomdenoticias.com\/index.php?rest_route=\/wp\/v2\/media\/47304"}],"wp:attachment":[{"href":"https:\/\/boomdenoticias.com\/index.php?rest_route=%2Fwp%2Fv2%2Fmedia&parent=47303"}],"wp:term":[{"taxonomy":"category","embeddable":true,"href":"https:\/\/boomdenoticias.com\/index.php?rest_route=%2Fwp%2Fv2%2Fcategories&post=47303"},{"taxonomy":"post_tag","embeddable":true,"href":"https:\/\/boomdenoticias.com\/index.php?rest_route=%2Fwp%2Fv2%2Ftags&post=47303"}],"curies":[{"name":"wp","href":"https:\/\/api.w.org\/{rel}","templated":true}]}}