{"id":47301,"date":"2026-05-03T09:14:52","date_gmt":"2026-05-03T12:14:52","guid":{"rendered":"https:\/\/boomdenoticias.com\/?p=47301"},"modified":"2026-05-03T09:14:52","modified_gmt":"2026-05-03T12:14:52","slug":"detuvieron-a-tres-ladrones-extranjeros-que-robaron-dos-farmacias-en-el-centro","status":"publish","type":"post","link":"https:\/\/boomdenoticias.com\/?p=47301","title":{"rendered":"Detuvieron a tres ladrones extranjeros que robaron dos farmacias en el centro"},"content":{"rendered":"<p>La Polic\u00eda de la Ciudad detuvo a tres extranjeros por el<a href=\"https:\/\/www.lanacion.com.ar\/sociedad\/robo-en-una-farmacia-en-olivos-cerca-de-la-quinta-presidencial-nid1063741\/\" target=\"_self\" rel=\"\" title=\"https:\/\/www.lanacion.com.ar\/sociedad\/robo-en-una-farmacia-en-olivos-cerca-de-la-quinta-presidencial-nid1063741\/\"><b> robo a una farmacia<\/b><\/a> en el barrio porte\u00f1o de San Nicol\u00e1s.<\/p>\n<p>La intervenci\u00f3n policial se inici\u00f3 a partir de una denuncia radicada por el responsable del local situado sobre la calle Carlos Pellegrini al 400, donde los sospechosos<b> robaron productos de cosm\u00e9tica y perfumer\u00eda<\/b> y luego se dieron a la fuga, seg\u00fan precisaron fuentes policiales porte\u00f1as a LA NACION.<\/p>\n<p><img loading=\"lazy\" decoding=\"async\" src=\"https:\/\/resizer.glanacion.com\/resizer\/v2\/JICKDX7AHJD7TL2DOKIJCLHHSU.jpg?auth=3e541c110bddf29d28d22ec8ccc780ad7fe2919aed01c55005baaba9cc2411a6&amp;smart=true&amp;width=3084&amp;height=2446\" alt=\"Los detenidos fueron identificados como un hombre de nacionalidad peruana, de 38 a\u00f1os, y dos mujeres de nacionalidad chilena, de 38 y 39 a\u00f1os respectivamente. \" height=\"2446\" width=\"3084\" \/><\/p>\n<p>Los efectivos lograron dar con los sospechosos luego de <b>detectar el auto en que se desplazaban<\/b>. El personal de la Comisar\u00eda Vecinal 1\u00aa, que realizaba tareas de prevenci\u00f3n en la zona, logr\u00f3 interceptarlos en Carlos Pellegrini y Avenida Del Libertador, en el barrio de Retiro. <\/p>\n<p>Los detenidos fueron identificados como un<b> hombre de nacionalidad peruana<\/b>, de 38 a\u00f1os, <b>antecedentes penales y una condena<\/b> por delitos contra la propiedad, y dos mujeres de nacionalidad chilena, de 38 y 39 a\u00f1os respectivamente. <\/p>\n<p>Entre los elementos sustra\u00eddos, la polic\u00eda hall\u00f3 un total de <b>23 cajas de perfumes<\/b>, dos potes de crema para el tratamiento del cabello y una mochila.<\/p>\n<p><img loading=\"lazy\" decoding=\"async\" src=\"https:\/\/resizer.glanacion.com\/resizer\/v2\/QMMYBWGFXFF6DCNF6RJIBCDMQ4.jpeg?auth=49e7c244c91afacfb28359d004db010c3e37944cf1681647ae3fbffa474a9e62&amp;smart=true&amp;width=1129&amp;height=1184\" alt=\"Los sospechosos son un hombre de nacionalidad peruana con antecedentes penales y dos mujeres chilenas\" height=\"1184\" width=\"1129\" \/><\/p>\n<p>A su vez contestaron que los delincuentes <b>hab\u00edan perpetrado un robo bajo la misma modalidad <\/b>apenas unos momentos antes en otra sucursal de la misma cadena de farmacias, ubicada sobre la calle Yrigoyen al 900. <\/p>\n<p>En ese sentido se determin\u00f3 que <b>formar\u00edan parte de una banda delictiva <\/b>cuyo objetivo principal es el robo en locales comerciales porte\u00f1os.<\/p>\n<p>La investigaci\u00f3n del caso qued\u00f3 bajo la \u00f3rbita del Juzgado Nacional en lo Criminal y Correccional N\u00b0 58, a cargo de Manuel Bruniard.<\/p>\n<p>Los sospechosos son un hombre de nacionalidad peruana con antecedentes penales y dos mujeres chilenasSeguridadLA NACION<\/p>","protected":false},"excerpt":{"rendered":"<p>La Polic\u00eda de la Ciudad detuvo a tres extranjeros por el robo a una farmacia en el barrio porte\u00f1o de&hellip;<\/p>\n","protected":false},"author":1,"featured_media":47302,"comment_status":"closed","ping_status":"closed","sticky":false,"template":"","format":"standard","meta":{"footnotes":""},"categories":[31],"tags":[],"class_list":["post-47301","post","type-post","status-publish","format-standard","has-post-thumbnail","hentry","category-pais"],"_links":{"self":[{"href":"https:\/\/boomdenoticias.com\/index.php?rest_route=\/wp\/v2\/posts\/47301","targetHints":{"allow":["GET"]}}],"collection":[{"href":"https:\/\/boomdenoticias.com\/index.php?rest_route=\/wp\/v2\/posts"}],"about":[{"href":"https:\/\/boomdenoticias.com\/index.php?rest_route=\/wp\/v2\/types\/post"}],"author":[{"embeddable":true,"href":"https:\/\/boomdenoticias.com\/index.php?rest_route=\/wp\/v2\/users\/1"}],"replies":[{"embeddable":true,"href":"https:\/\/boomdenoticias.com\/index.php?rest_route=%2Fwp%2Fv2%2Fcomments&post=47301"}],"version-history":[{"count":0,"href":"https:\/\/boomdenoticias.com\/index.php?rest_route=\/wp\/v2\/posts\/47301\/revisions"}],"wp:featuredmedia":[{"embeddable":true,"href":"https:\/\/boomdenoticias.com\/index.php?rest_route=\/wp\/v2\/media\/47302"}],"wp:attachment":[{"href":"https:\/\/boomdenoticias.com\/index.php?rest_route=%2Fwp%2Fv2%2Fmedia&parent=47301"}],"wp:term":[{"taxonomy":"category","embeddable":true,"href":"https:\/\/boomdenoticias.com\/index.php?rest_route=%2Fwp%2Fv2%2Fcategories&post=47301"},{"taxonomy":"post_tag","embeddable":true,"href":"https:\/\/boomdenoticias.com\/index.php?rest_route=%2Fwp%2Fv2%2Ftags&post=47301"}],"curies":[{"name":"wp","href":"https:\/\/api.w.org\/{rel}","templated":true}]}}