{"id":47299,"date":"2026-05-03T08:33:31","date_gmt":"2026-05-03T11:33:31","guid":{"rendered":"https:\/\/boomdenoticias.com\/?p=47299"},"modified":"2026-05-03T08:33:31","modified_gmt":"2026-05-03T11:33:31","slug":"ee-uu-acusa-al-gobernador-de-sinaloa-de-ayudar-a-los-narcos-y-mexico-resiste-su-extradicion","status":"publish","type":"post","link":"https:\/\/boomdenoticias.com\/?p=47299","title":{"rendered":"EE.UU. acusa al gobernador de Sinaloa de ayudar a los narcos y M\u00e9xico resiste su extradici\u00f3n"},"content":{"rendered":"<div class=\"sc-45461e9c-0 eqiBeF container-text text-embed \">\n<p>Es un nuevo cap\u00edtulo de las tensas relaciones con EE.UU. que pone contra las cuerdas a la presidencia azteca. Todo escal\u00f3 el viernes, cuando la Fiscal\u00eda General de M\u00e9xico rechaz\u00f3 el arresto y extradici\u00f3n del gobernador oficialista de Sinaloa, Ruben Rocha Moya, y de otros nueve funcionarios, acusados por la justicia de Nueva York de haber ayudado a narcotraficantes a introducir droga ilegal en suelo estadounidense. Entre los acusados hay un legislador y un alcalde Morena, el partido de la presidenta <strong>Claudia Sheinbaum<\/strong>.<\/p>\n<\/div>\n<div class=\"sc-45461e9c-0 eqiBeF container-text text-embed \">\n<p>Este s\u00e1bado, el gobernador Rocha Moya solicit\u00f3 una licencia \u201ctemporaria\u201d para dejar el cargo y defenderse de las imputaciones que llegan del gobierno de Donald Trump. Rocha Moya, quien neg\u00f3 los cargos, <strong>es el funcionario mexicano de m\u00e1s alto rango acusado en EE.UU. desde 2020. <\/strong>La acusaci\u00f3n pone a la presidenta Sheinbaum en una posici\u00f3n dif\u00edcil, ya que el gobernador pertenece a su partido y la jefa de Estado deber\u00e1 demostrar a sus seguidores que no ceder\u00e1 f\u00e1cilmente ante las exigencias estadounidenses, al tiempo que asegura a una impaciente Casa Blanca que es un aliado comprometido en la lucha contra el narcotr\u00e1fico.<\/p>\n<\/div>\n<div class=\"sc-45461e9c-0 eqiBeF container-text text-embed \">\n<p>Los fiscales federales de Manhattan anunciaron el mi\u00e9rcoles la apertura de una acusaci\u00f3n formal contra Rocha Moya, de 76 a\u00f1os, y otros nueve funcionarios, a quienes se imputa haber ayudado al <strong>C\u00e1rtel de Sinaloa<\/strong> a introducir fentanilo, hero\u00edna, coca\u00edna y metanfetamina desde M\u00e9xico a EE.UU. Seg\u00fan los fiscales, l\u00edderes del C\u00e1rtel de Sinaloa respaldaron a Rocha Moya para su elecci\u00f3n secuestrando e intimidando a rivales, a cambio de su promesa de protegerlos mientras distribu\u00edan drogas en EE.UU.<\/p>\n<\/div>\n<div class=\"sc-45461e9c-0 eqiBeF container-text text-embed \">\n<p>La acusaci\u00f3n alega que los funcionarios estaban estrechamente vinculados a la facci\u00f3n de ese c\u00e1rtel conocida como \u201cLos Chapitos\u201d, dirigida por los hijos de <a href=\"https:\/\/www.clarin.com\/mundo\/corte-apelaciones-unidos-confirmo-condena-perpetua-joaquin-chapo-guzman_0_lXLyVtPZr6.html\" target=\"_blank\" title=\"Joaqu\u00edn \u201cEl Chapo\u201d Guzm\u00e1n,\">Joaqu\u00edn \u201cEl Chapo\u201d Guzm\u00e1n,<\/a> el antiguo l\u00edder del narcogrupo que actualmente cumple cadena perpetua en una prisi\u00f3n estadounidense.<\/p>\n<\/div>\n<div class=\"sc-98b114a2-0 bkqiHH image-embed  image-embed \"><img fetchpriority=\"high\" decoding=\"async\" alt=\"Donald Trump y Claudia Sheinbaum, durante el sorteo para el Mundial de F\u00fatbol, en diciembre en Washington. Foto: AP\" loading=\"eager\" width=\"720\" height=\"480\" data-nimg=\"1\" src=\"https:\/\/www.clarin.com\/img\/2026\/03\/05\/N8EPzvMD4_720x0__1.jpg\" \/><span class=\"epigraphe\" aria-hidden=\"true\">Donald Trump y Claudia Sheinbaum, durante el sorteo para el Mundial de F\u00fatbol, en diciembre en Washington. Foto: AP<\/span><span class=\"picture-open\"><button class=\"open-image\" aria-label=\"Open Image\"><\/button><\/span><\/div>\n\n<h2>Pedido de extradici\u00f3n<\/h2>\n<div class=\"sc-45461e9c-0 eqiBeF container-text text-embed \">\n<p>M\u00e9xico reconoci\u00f3 el mi\u00e9rcoles que Estados Unidos hab\u00eda solicitado la extradici\u00f3n de ciertas personas y el viernes la Fiscal\u00eda General de la Rep\u00fablica rechaz\u00f3 el reclamo alegando que no hab\u00eda motivos ni fundamentos para la urgencia de la medida. La Secretar\u00eda de Relaciones Exteriores indic\u00f3 que la Fiscal\u00eda General revisar\u00eda la solicitud.<\/p>\n<\/div>\n<div class=\"sc-45461e9c-0 eqiBeF container-text text-embed \">\n<p>\u201cEs un momento decisivo porque se trata de una acusaci\u00f3n formal del Departamento de Justicia, que tiene repercusiones pol\u00edticas. Refleja lo que antes era solo un rumor: que el partido gobernante no est\u00e1 exento de la infiltraci\u00f3n del crimen organizado en sus filas\u201d, afirm\u00f3 Rodrigo Villegas , director ejecutivo de la consultora de riesgos Suass Group, con sede en M\u00e9xico DF.<\/p>\n<\/div>\n<div class=\"sc-45461e9c-0 eqiBeF container-text text-embed \">\n<p>Rocha Moya afirm\u00f3 en una publicaci\u00f3n en X que las acusaciones estadounidenses <strong>carecen de \u201ctoda verdad o fundamento\u201d,<\/strong> y describi\u00f3 la acci\u00f3n de los fiscales como un ataque contra el partido gobernante. El alcalde de Culiac\u00e1n, el oficialista Juan de Dios G\u00e1mez, tambi\u00e9n est\u00e1 acusado. Otro senador en funciones imputado en el caso, Enrique Inzunza, public\u00f3 en X que las acusaciones son falsas.<\/p>\n<\/div>\n<div class=\"sc-106e49c0-0 dcVumd freeHtml-embed undefined\">\n<blockquote class=\"twitter-tweet\">\n<p lang=\"es\" dir=\"ltr\">Rechazo categ\u00f3rica y absolutamente las imputaciones formuladas en mi contra, por la Fiscal\u00eda Federal del Distrito Sur de Nueva York, ya que carecen de veracidad y fundamento alguno.  Y as\u00ed se demostrar\u00e1, con toda contundencia, en el momento oportuno.<\/p>\n<p>Este ataque no es \u00fanicamente\u2026<\/p>\n<p>\u2014 Rub\u00e9n Rocha Moya (@rochamoya_) <a href=\"https:\/\/twitter.com\/rochamoya_\/status\/2049577651501723859?ref_src=twsrc%5Etfw\">April 29, 2026<\/a><\/p><\/blockquote>\n<\/div>\n<div class=\"sc-45461e9c-0 eqiBeF container-text text-embed \">\n<p><strong>Estados Unidos ha amenazado a M\u00e9xico con aranceles e intervenci\u00f3n militar<\/strong> si no toma medidas suficientes para combatir el crimen organizado. Ambos pa\u00edses se encuentran en pleno proceso de revisi\u00f3n del tratado de libre comercio de Am\u00e9rica del Norte que comparten con Canad\u00e1.<\/p>\n<\/div>\n<div class=\"sc-45461e9c-0 eqiBeF container-text text-embed \">\n<p>\u201cLa administraci\u00f3n Trump ha priorizado la ruptura del v\u00ednculo entre el crimen y la pol\u00edtica en M\u00e9xico y ha ejercido una fuerte presi\u00f3n sobre el gobierno mexicano desde el principio\u201d, afirm\u00f3 Vanda Felbab-Brown, investigadora de la Brookings Institution de Washington. \u201cEsto no significa el fin de las acusaciones estadounidenses\u201d.<\/p>\n<\/div>\n<h2>&#8220;Punto de inflexi\u00f3n&#8221; <\/h2>\n<div class=\"sc-45461e9c-0 eqiBeF container-text text-embed \">\n<p>El nuevo choque con Estados Unidos pone a la presidenta Sheinbaum ante un \u201cpunto de inflexi\u00f3n\u201d en la relaci\u00f3n bilateral, advirti\u00f3 este s\u00e1bado a EFE Andr\u00e9s Sumano, investigador del Colegio de la Frontera Norte. Seg\u00fan ese investigador, hay tres escenarios posibles para la jefa de Estado: \u201carropar y proteger\u201d a ese grupo de pol\u00edticos -que \u201ces lo que parece que est\u00e1 haciendo\u201d, dijo; entregarlos a Estados Unidos o iniciar un procedimiento contra ellos en M\u00e9xico.<\/p>\n<\/div>\n<div class=\"sc-45461e9c-0 eqiBeF container-text text-embed \">\n<p>\u201cEsta \u00faltima a m\u00ed me parece hasta ahora la mejor opci\u00f3n de todas las que tiene, pero va a implicar evidentemente rompimientos al interior del oficialista Morena\u201d, apunt\u00f3, ya que el pedido de extradici\u00f3n contra Rocha Moya genera a M\u00e9xico \u201cproblemas en todos los sentidos\u201d al golpear al partido del gobierno y a su estrategia de cooperaci\u00f3n con la Casa Blanca.<\/p>\n<\/div>\n<div class=\"sc-45461e9c-0 eqiBeF container-text text-embed \">\n<p>Adem\u00e1s, es todo un \u201creto\u201d para la pol\u00edtica de seguridad de M\u00e9xico, que hab\u00eda tenido recientemente resultados \u201cmuy notables\u201d como el abatimiento del l\u00edder del Cartel Jalisco Nueva Generaci\u00f3n (CJNG), El Mencho, y la detenci\u00f3n la semana pasada de su supuesto sucesor.<\/p>\n<\/div>\n<div class=\"sc-45461e9c-0 eqiBeF container-text text-embed \">\n<p>Por ahora, ve que la presidenta ha optado por \u201cganar tiempo\u201d al reiterar que se necesitan pruebas y remitirse a lo que decida el Ministerio P\u00fablico, aunque llegar\u00e1 un momento en que se \u201cvencer\u00e1n los plazos\u201d, as\u00ed como la \u201cpaciencia\u201d de la Administraci\u00f3n estadounidense.<\/p>\n<\/div>\n<div class=\"sc-45461e9c-0 eqiBeF container-text text-embed \">\n<p>En el hipot\u00e9tico caso de que M\u00e9xico opte por no entregar al gobernador de Sinaloa, el investigador Sumano alert\u00f3 que eso abrir\u00eda la puerta a diversas <strong>represalias por parte del gobierno estadounidense.<\/strong> Desde \u201cpresiones\u201d econ\u00f3micas hasta el \u201ccaso m\u00e1s extremo\u201d: que Washington intervenga mandando militares para \u201cllevarse\u201d al pol\u00edtico, algo que el profesor del Colegio de la Frontera Norte ve como muy poco probable.<\/p>\n<\/div>\n<div class=\"sc-45461e9c-0 eqiBeF container-text text-embed \">\n<p>A nivel nacional, todo el nuevo choque con la justicia de Estados Unidos supone un desaf\u00edo adicional, ya que los partidos pol\u00edticos comienzan a prepararse para las elecciones de mitad de mandato de 2027, que incluyen esca\u00f1os en el Congreso y gobernaciones, varias de ellas en estados fronterizos con Estados Unidos.<\/p>\n<\/div>\n<div class=\"sc-45461e9c-0 eqiBeF container-text text-embed \">\n<p>La detenci\u00f3n de Ismael \u201cEl Mayo\u201d Zambada, l\u00edder de una facci\u00f3n del C\u00e1rtel de Sinaloa, en 2024 desat\u00f3 una sangrienta guerra entre c\u00e1rteles que ha dejado hasta ahora m\u00e1s de 2.400 muertos. Sheinbaum se ha comprometido a abordar la alta tasa de homicidios en Sinaloa, pero los episodios violentos han continuado este a\u00f1o.<\/p>\n<\/div>\n<div class=\"sc-45461e9c-0 eqiBeF container-text text-embed \">\n<p>Fuente: EFE<\/p>\n<\/div>\n<p><strong><a href=\"https:\/\/blockads.fivefilters.org\/\">Adblock test<\/a><\/strong> <a href=\"https:\/\/blockads.fivefilters.org\/acceptable.html\">(Why?)<\/a><\/p>","protected":false},"excerpt":{"rendered":"<p>Es un nuevo cap\u00edtulo de las tensas relaciones con EE.UU. que pone contra las cuerdas a la presidencia azteca. Todo&hellip;<\/p>\n","protected":false},"author":1,"featured_media":47300,"comment_status":"closed","ping_status":"closed","sticky":false,"template":"","format":"standard","meta":{"footnotes":""},"categories":[36],"tags":[],"class_list":["post-47299","post","type-post","status-publish","format-standard","has-post-thumbnail","hentry","category-mundo"],"_links":{"self":[{"href":"https:\/\/boomdenoticias.com\/index.php?rest_route=\/wp\/v2\/posts\/47299","targetHints":{"allow":["GET"]}}],"collection":[{"href":"https:\/\/boomdenoticias.com\/index.php?rest_route=\/wp\/v2\/posts"}],"about":[{"href":"https:\/\/boomdenoticias.com\/index.php?rest_route=\/wp\/v2\/types\/post"}],"author":[{"embeddable":true,"href":"https:\/\/boomdenoticias.com\/index.php?rest_route=\/wp\/v2\/users\/1"}],"replies":[{"embeddable":true,"href":"https:\/\/boomdenoticias.com\/index.php?rest_route=%2Fwp%2Fv2%2Fcomments&post=47299"}],"version-history":[{"count":0,"href":"https:\/\/boomdenoticias.com\/index.php?rest_route=\/wp\/v2\/posts\/47299\/revisions"}],"wp:featuredmedia":[{"embeddable":true,"href":"https:\/\/boomdenoticias.com\/index.php?rest_route=\/wp\/v2\/media\/47300"}],"wp:attachment":[{"href":"https:\/\/boomdenoticias.com\/index.php?rest_route=%2Fwp%2Fv2%2Fmedia&parent=47299"}],"wp:term":[{"taxonomy":"category","embeddable":true,"href":"https:\/\/boomdenoticias.com\/index.php?rest_route=%2Fwp%2Fv2%2Fcategories&post=47299"},{"taxonomy":"post_tag","embeddable":true,"href":"https:\/\/boomdenoticias.com\/index.php?rest_route=%2Fwp%2Fv2%2Ftags&post=47299"}],"curies":[{"name":"wp","href":"https:\/\/api.w.org\/{rel}","templated":true}]}}