{"id":47297,"date":"2026-05-03T08:33:31","date_gmt":"2026-05-03T11:33:31","guid":{"rendered":"https:\/\/boomdenoticias.com\/?p=47297"},"modified":"2026-05-03T08:33:31","modified_gmt":"2026-05-03T11:33:31","slug":"mas-de-40-bases-militares-la-sombra-de-putin-y-el-nuevo-desafio-de-europa-por-el-retiro-de-soldados-de-ee-uu","status":"publish","type":"post","link":"https:\/\/boomdenoticias.com\/?p=47297","title":{"rendered":"M\u00e1s de 40 bases militares, la sombra de Putin y el nuevo desaf\u00edo de Europa por el retiro de soldados de EE.UU."},"content":{"rendered":"<div class=\"sc-45461e9c-0 eqiBeF container-text text-embed \">\n<p>Tras el estallido de furia con el canciller Friedrich Merz, Donald Trump dijo este s\u00e1bado que retirar\u00e1 m\u00e1s <a href=\"https:\/\/www.clarin.com\/mundo\/estados-unidos-retirara-5000-soldados-alemania-profundiza-enfrentamiento-europa_0_vGNzJ6qSCt.html\" target=\"_blank\" title=\"retiro de 5.000 soldados de Alemania\">5.000 soldados de Alemania<\/a> y <strong>reactiv\u00f3 tensiones con la OTAN<\/strong>. La decisi\u00f3n representa cerca del 15% de los 35.000 efectivos desplegados en ese pa\u00eds y se da en un contexto de creciente distanciamiento pol\u00edtico entre Washington y sus aliados de Europa, con los que est\u00e1 enfrentado por la <a href=\"https:\/\/www.clarin.com\/mundo\/guerra-estados-unidos-israel-iran-vivo-regimen-persa-advierte-reanudacion-conflicto-israelies-intensifican-ataques-hezbollah-libano_0_Fm2lYBz1Cb.html\" target=\"_blank\" title=\"guerra en Medio Oriente\">guerra en Medio Oriente<\/a>.<\/p>\n<\/div>\n<div class=\"sc-45461e9c-0 eqiBeF container-text text-embed \">\n<p>El Pent\u00e1gono hab\u00eda dicho el viernes que se preparaba para sacar 5.000 soldados de Alemania. Pero este s\u00e1bado Trump subi\u00f3 la advertencia. &#8220;Vamos a reducir dr\u00e1sticamente y <strong>vamos a recortar mucho m\u00e1s de 5.000&#8243;,<\/strong> dijo el presidente de Estados Unidos en declaraciones a los medios en Florida.<\/p>\n<\/div>\n<div class=\"sc-45461e9c-0 eqiBeF container-text text-embed \">\n<p>Tras la amenaza inicial, desde Berl\u00edn el gobierno busc\u00f3 bajar el tono de la medida, aunque dej\u00f3 en claro que marca un cambio de \u00e9poca. &#8220;Se esperaba que se retiraran tropas de Estados Unidos de Europa, y tambi\u00e9n de Alemania. Los europeos <strong>tenemos que asumir una mayor responsabilidad<\/strong> en nuestra seguridad&#8221;, afirm\u00f3 el ministro de Defensa, Boris Pistorius.<\/p>\n<\/div>\n<div class=\"sc-45461e9c-0 eqiBeF container-text text-embed \">\n<p>En la misma l\u00ednea, la OTAN se\u00f1al\u00f3 que el movimiento &#8220;subraya la necesidad de que Europa siga invirtiendo m\u00e1s en defensa&#8221;.<\/p>\n<\/div>\n<div class=\"sc-45461e9c-0 eqiBeF container-text text-embed \">\n<p>Adem\u00e1s de estar enfrentado con las autoridades alemanas, Trump tambi\u00e9n expuso sus diferencias con Pedro S\u00e1nchez y con Giorgia Meloni, luego de que ambos se negaran al uso de las bases en sus pa\u00edses para el conflicto b\u00e9lico entre EE.UU., Israel e Ir\u00e1n. <\/p>\n<\/div>\n<div class=\"sc-45461e9c-0 eqiBeF container-text text-embed \">\n<p>La bronca con el presidente del gobierno de Espa\u00f1a, adem\u00e1s, se remonta al rechazo de S\u00e1nchez a subir el presupuesto en Defensa en los niveles que quer\u00eda el mandatario estadounidense.<\/p>\n<\/div>\n<div class=\"sc-45461e9c-0 eqiBeF container-text text-embed \">\n<p>Merz critic\u00f3 la semana pasada la guerra en Ir\u00e1n, al afirmar que Estados Unidos est\u00e1 siendo <strong>\u201chumillado\u201d por el liderazgo iran\u00ed <\/strong>y al reprochar la falta de estrategia de Washington. Antes del anuncio de retiro de tropas, Trump asegur\u00f3 que el canciller alem\u00e1n aprobaba el proyecto de Ir\u00e1n de construir una bomba nuclear.<\/p>\n<\/div>\n<div class=\"sc-45461e9c-0 eqiBeF container-text text-embed \">\n<p>La decisi\u00f3n de repatriar soldados estadounidenses en Alemania tambi\u00e9n tuvo impacto dentro de Estados Unidos, con <strong>cuestionamientos incluso de los republicanos. <\/strong><\/p>\n<\/div>\n<div class=\"sc-98b114a2-0 bkqiHH image-embed  image-embed \"><img fetchpriority=\"high\" decoding=\"async\" alt=\"Friedrich Merz y Donald Trump, en un encuentro en marzo pasado. Foto EFE\" loading=\"eager\" width=\"720\" height=\"480\" data-nimg=\"1\" src=\"https:\/\/www.clarin.com\/img\/2026\/05\/02\/3d8ZOWzhy_720x0__1.jpg\" \/><span class=\"epigraphe\" aria-hidden=\"true\">Friedrich Merz y Donald Trump, en un encuentro en marzo pasado. Foto EFE<\/span><span class=\"picture-open\"><button class=\"open-image\" aria-label=\"Open Image\"><\/button><\/span><\/div>\n<div class=\"sc-45461e9c-0 eqiBeF container-text text-embed \">\n<p>Legisladores de ese espacio pol\u00edtico Unidos advirtieron que la retirada podr\u00eda<strong> \u201cenviar un mensaje equivocado\u201d al presidente ruso Vladimir Putin,<\/strong> en un momento en que la guerra en Ucrania sigue condicionando la seguridad regional. Tambi\u00e9n remarcaron que, aunque Europa aumente su gasto militar, transformar esa inversi\u00f3n en capacidad concreta llevar\u00e1 tiempo.<\/p>\n<\/div>\n<h2>La presencia militar estadounidense en Europa: un pilar en revisi\u00f3n<\/h2>\n<div class=\"sc-45461e9c-0 eqiBeF container-text text-embed \">\n<p>El repliegue, que el Pent\u00e1gono prev\u00e9 completar en un plazo de entre seis y doce meses, podr\u00eda ser solo el primer paso de un ajuste m\u00e1s amplio. <\/p>\n<\/div>\n<div class=\"sc-45461e9c-0 eqiBeF container-text text-embed \">\n<p>Estados Unidos suele mantener <strong>entre 80.000 y 100.000 militares en m\u00e1s de 40 bases<\/strong> distribuidas en Europa. Su presencia se reforz\u00f3 tras la invasi\u00f3n rusa de Ucrania, aunque se mantiene lejos del pico posterior a la Segunda Guerra Mundial: 475 mil soldados desplegados en el continente. <\/p>\n<\/div>\n<div class=\"sc-45461e9c-0 eqiBeF container-text text-embed \">\n<p>Alemania es el eje de ese despliegue, con alrededor de 35.000 efectivos en siete instalaciones clave (algunas fuentes indican que el n\u00famero real llega a 39.000). <\/p>\n<\/div>\n<div class=\"sc-45461e9c-0 eqiBeF container-text text-embed \">\n<p>Entre ellas, la <strong>base a\u00e9rea de Ramstein <\/strong>se destaca como el principal nodo log\u00edstico fuera del territorio estadounidense, mientras que en Stuttgart se encuentran los comandos para Europa y \u00c1frica. Adem\u00e1s, instalaciones como Grafenw\u00f6hr, Landstuhl o B\u00fcchel cumplen funciones estrat\u00e9gicas que van desde el entrenamiento hasta el almacenamiento de armamento sensible.<\/p>\n<\/div>\n<div class=\"sc-45461e9c-0 eqiBeF container-text text-embed \">\n<p>En Italia hay alrededor de 13.000 soldados, en Polonia 14.000, en el Reino Unido 10.000, en Espa\u00f1a unos 4.000 \u2014con la base naval de Base Naval de Rota como punto estrat\u00e9gico\u2014 y en Rumania cerca de 2.000. En este \u00faltimo pa\u00eds, la base de Constanza se encuentra en expansi\u00f3n y podr\u00eda superar en tama\u00f1o a Ramstein.<\/p>\n<\/div>\n<div class=\"sc-98b114a2-0 bkqiHH image-embed  image-embed \"><img decoding=\"async\" alt=\"Soldados de Estados Unidos en una base de entrenamiento en Hungr\u00eda. Foto Zsolt Czegledi\/MTI via AP\" loading=\"eager\" width=\"720\" height=\"480\" data-nimg=\"1\" src=\"https:\/\/www.clarin.com\/img\/2022\/06\/15\/JRQp5ojNj_720x0__1.jpg\" \/><span class=\"epigraphe\" aria-hidden=\"true\">Soldados de Estados Unidos en una base de entrenamiento en Hungr\u00eda. Foto Zsolt Czegledi\/MTI via AP<\/span><span class=\"picture-open\"><button class=\"open-image\" aria-label=\"Open Image\"><\/button><\/span><\/div>\n<div class=\"sc-45461e9c-0 eqiBeF container-text text-embed \">\n<p>Adem\u00e1s, Estados Unidos mantiene nueve guarniciones del Ej\u00e9rcito (USAG): cinco en Alemania, una en B\u00e9lgica, una en Italia, una en Polonia y dos en la regi\u00f3n del Mar Negro (Rumania y Bulgaria). Francia, en tanto, no alberga bases estadounidenses y mantiene un sistema de disuasi\u00f3n nuclear independiente.<\/p>\n<\/div>\n<div class=\"sc-45461e9c-0 eqiBeF container-text text-embed \">\n<p>La presencia estadounidense en Europa no se limita a tropas. Tambi\u00e9n incluye sistemas de defensa antia\u00e9rea integrados en la estructura de la OTAN y parte del llamado <strong>&#8220;paraguas nuclear&#8221;<\/strong>, con armas desplegadas en varios pa\u00edses bajo control de Washington. Este entramado ha sido, durante d\u00e9cadas, uno de los pilares de la disuasi\u00f3n frente a Rusia.<\/p>\n<\/div>\n<div class=\"sc-45461e9c-0 eqiBeF container-text text-embed \">\n<p>En paralelo, Europa comenz\u00f3 a acelerar debates que hasta hace poco parec\u00edan lejanos. La necesidad de fortalecer sus propias capacidades de defensa y reducir la dependencia de Washington aparece ahora como una prioridad. En los \u00faltimos a\u00f1os, varios pa\u00edses aumentaron su gasto militar y se comprometieron a destinar una mayor proporci\u00f3n de su producto interno a este objetivo.<\/p>\n<\/div>\n<div class=\"sc-45461e9c-0 eqiBeF container-text text-embed \">\n<p>En ese contexto, Alemania aparece como una pieza clave. Su rol dentro de la OTAN, su peso econ\u00f3mico y su ubicaci\u00f3n estrat\u00e9gica la convierten en un actor central para cualquier intento de reconfiguraci\u00f3n de la seguridad europea. Al mismo tiempo, el repliegue de tropas estadounidenses reabre interrogantes sobre el equilibrio dentro de la alianza.<\/p>\n<\/div>\n<div class=\"sc-45461e9c-0 eqiBeF container-text text-embed \">\n<p><em>Con informaci\u00f3n de agencias<\/em><\/p>\n<\/div>\n<p><strong><a href=\"https:\/\/blockads.fivefilters.org\/\">Adblock test<\/a><\/strong> <a href=\"https:\/\/blockads.fivefilters.org\/acceptable.html\">(Why?)<\/a><\/p>","protected":false},"excerpt":{"rendered":"<p>Tras el estallido de furia con el canciller Friedrich Merz, Donald Trump dijo este s\u00e1bado que retirar\u00e1 m\u00e1s 5.000 soldados&hellip;<\/p>\n","protected":false},"author":1,"featured_media":47298,"comment_status":"closed","ping_status":"closed","sticky":false,"template":"","format":"standard","meta":{"footnotes":""},"categories":[36],"tags":[],"class_list":["post-47297","post","type-post","status-publish","format-standard","has-post-thumbnail","hentry","category-mundo"],"_links":{"self":[{"href":"https:\/\/boomdenoticias.com\/index.php?rest_route=\/wp\/v2\/posts\/47297","targetHints":{"allow":["GET"]}}],"collection":[{"href":"https:\/\/boomdenoticias.com\/index.php?rest_route=\/wp\/v2\/posts"}],"about":[{"href":"https:\/\/boomdenoticias.com\/index.php?rest_route=\/wp\/v2\/types\/post"}],"author":[{"embeddable":true,"href":"https:\/\/boomdenoticias.com\/index.php?rest_route=\/wp\/v2\/users\/1"}],"replies":[{"embeddable":true,"href":"https:\/\/boomdenoticias.com\/index.php?rest_route=%2Fwp%2Fv2%2Fcomments&post=47297"}],"version-history":[{"count":0,"href":"https:\/\/boomdenoticias.com\/index.php?rest_route=\/wp\/v2\/posts\/47297\/revisions"}],"wp:featuredmedia":[{"embeddable":true,"href":"https:\/\/boomdenoticias.com\/index.php?rest_route=\/wp\/v2\/media\/47298"}],"wp:attachment":[{"href":"https:\/\/boomdenoticias.com\/index.php?rest_route=%2Fwp%2Fv2%2Fmedia&parent=47297"}],"wp:term":[{"taxonomy":"category","embeddable":true,"href":"https:\/\/boomdenoticias.com\/index.php?rest_route=%2Fwp%2Fv2%2Fcategories&post=47297"},{"taxonomy":"post_tag","embeddable":true,"href":"https:\/\/boomdenoticias.com\/index.php?rest_route=%2Fwp%2Fv2%2Ftags&post=47297"}],"curies":[{"name":"wp","href":"https:\/\/api.w.org\/{rel}","templated":true}]}}