{"id":47284,"date":"2026-05-02T20:34:15","date_gmt":"2026-05-02T23:34:15","guid":{"rendered":"https:\/\/boomdenoticias.com\/?p=47284"},"modified":"2026-05-02T20:34:15","modified_gmt":"2026-05-02T23:34:15","slug":"colapinto-se-metio-en-la-pelea-y-largara-8-en-miami-antonelli-se-quedo-con-la-pole","status":"publish","type":"post","link":"https:\/\/boomdenoticias.com\/?p=47284","title":{"rendered":"Colapinto se meti\u00f3 en la pelea y largar\u00e1 8\u00b0 en Miami: Antonelli se qued\u00f3 con la pole"},"content":{"rendered":"<p>Franco Colapinto ratific\u00f3 su buen momento en el Gran Premio de Miami y logr\u00f3 meterse entre los diez mejores en la clasificaci\u00f3n, lo que le permitir\u00e1 largar desde la octava posici\u00f3n en la carrera principal de este domingo. El piloto argentino volvi\u00f3 a mostrar consistencia a lo largo del fin de semana y se asegur\u00f3 un lugar en la cuarta fila de la grilla.<\/p>\n<p>El mejor tiempo de la sesi\u00f3n qued\u00f3 en manos del joven Andrea Kimi Antonelli, quien se qued\u00f3 con la pole tras marcar 1:27.798. Detr\u00e1s se ubicaron Max Verstappen y Charles Leclerc, en un contexto de alta competitividad entre las principales escuder\u00edas.<\/p>\n<figure class=\"multimedia\" data-tadevel-template=\"web\/multimedia\" data-type=\"photo\">\n<div class=\"content\">\n<div class=\"sizer\" data-sizer=\"aspect-ratio\" data-tadevel-template=\"web\/aspect-ratio\"><img alt=\"Colapinto se meti\u00f3 en la pelea y largar\u00e1 8\u00b0 en Miami: Antonelli se qued\u00f3 con la pole\" loading=\"lazy\" \/><\/div>\n<\/div>\n<\/figure>\n<p>En ese escenario, Colapinto logr\u00f3 destacarse con una actuaci\u00f3n s\u00f3lida en cada tramo de la qualy. Tras avanzar sin inconvenientes a la Q3, el argentino registr\u00f3 un tiempo de 1:28.762 que le permiti\u00f3 ubicarse octavo, apenas por delante de varios pilotos con mayor experiencia en la categor\u00eda.<\/p>\n<p>Adem\u00e1s, volvi\u00f3 a imponerse en la interna de su equipo, superando a Pierre Gasly, quien tambi\u00e9n accedi\u00f3 a la \u00faltima tanda clasificatoria pero finaliz\u00f3 d\u00e9cimo. Este rendimiento consolida al argentino como una de las piezas m\u00e1s firmes dentro de su escuder\u00eda en el actual fin de semana.<\/p>\n<p>La actuaci\u00f3n cobra mayor valor si se tiene en cuenta el contexto inmediato. En la carrera sprint, disputada horas antes, Colapinto hab\u00eda mostrado potencial para sumar, pero un incidente en la largada lo releg\u00f3 en el clasificador final. Lejos de acusar el golpe, respondi\u00f3 con una clasificaci\u00f3n consistente que le devuelve protagonismo de cara a la prueba principal.<\/p>\n<figure class=\"multimedia\" data-html data-tadevel-template=\"web\/multimedia\" data-type=\"video\" data-url=\"https:\/\/twitter.com\/SC_ESPN\/status\/2050684041796452506\">\n<div class=\"content\">\n<div class=\"sizer\" data-sizer=\"aspect-ratio\" data-tadevel-template=\"web\/aspect-ratio\">\n<div class=\"backdrop\" data-tadevel-template=\"web\/backdrop\">\n<div data-facade-target='[data-tadevel-template=\"web\/aspect-ratio\"]' class=\"facade\" data-tadevel-template=\"web\/multimedia-facade\"><button aria-label=\"Reproducir video\" class=\"run\"><\/button><\/div>\n<\/div>\n<\/div>\n<\/div><figcaption class=\"caption\">\n<div class=\"description\">X de SportsCenter<\/div>\n<\/figcaption><\/figure>\n<p>Tras la sesi\u00f3n, el propio Colapinto valor\u00f3 su desempe\u00f1o y el del equipo, destacando la regularidad alcanzada durante el fin de semana. Con un auto competitivo y buenas sensaciones en pista, el argentino buscar\u00e1 capitalizar su posici\u00f3n de largada para intentar sumar puntos en una carrera que se prev\u00e9 exigente.<\/p>\n<figure data-url=\"https:\/\/www.youtube.com\/watch?v=FeENiXk4_oY\" class=\"multimedia\" data-html data-tadevel-template=\"web\/multimedia\" data-type=\"video\">\n<div class=\"content\">\n<div class=\"sizer\" data-sizer=\"aspect-ratio\" data-tadevel-template=\"web\/aspect-ratio\">\n<div class=\"backdrop\" data-tadevel-template=\"web\/backdrop\">\n<div class=\"facade\" data-facade-target data-tadevel-template=\"web\/multimedia-facade\"><button aria-label=\"Reproducir video\" class=\"run\"><\/button> [embedded content]<\/div>\n<\/div>\n<\/div>\n<\/div><figcaption class=\"caption\">\n<div class=\"description\">BRILLANTE POLE DE ANTONELLI PARA EL GP DE MIAMI | COLAPINTO SIGUE MEJORANDO Y LARGAR\u00c1 8\u00b0 | F\u00f3rmula 1<\/div>\n<\/figcaption><\/figure>\n<p>La competencia principal del Gran Premio de Miami se disputar\u00e1 este domingo desde las 17 (hora argentina), con una grilla que muestra a Colapinto bien posicionado para pelear en la zona media-alta del pelot\u00f3n.<\/p>\n<p><strong><a href=\"https:\/\/blockads.fivefilters.org\/\">Adblock test<\/a><\/strong> <a href=\"https:\/\/blockads.fivefilters.org\/acceptable.html\">(Why?)<\/a><\/p>","protected":false},"excerpt":{"rendered":"<p>Franco Colapinto ratific\u00f3 su buen momento en el Gran Premio de Miami y logr\u00f3 meterse entre los diez mejores en&hellip;<\/p>\n","protected":false},"author":1,"featured_media":47285,"comment_status":"closed","ping_status":"closed","sticky":false,"template":"","format":"standard","meta":{"footnotes":""},"categories":[1],"tags":[],"class_list":["post-47284","post","type-post","status-publish","format-standard","has-post-thumbnail","hentry","category-blog"],"_links":{"self":[{"href":"https:\/\/boomdenoticias.com\/index.php?rest_route=\/wp\/v2\/posts\/47284","targetHints":{"allow":["GET"]}}],"collection":[{"href":"https:\/\/boomdenoticias.com\/index.php?rest_route=\/wp\/v2\/posts"}],"about":[{"href":"https:\/\/boomdenoticias.com\/index.php?rest_route=\/wp\/v2\/types\/post"}],"author":[{"embeddable":true,"href":"https:\/\/boomdenoticias.com\/index.php?rest_route=\/wp\/v2\/users\/1"}],"replies":[{"embeddable":true,"href":"https:\/\/boomdenoticias.com\/index.php?rest_route=%2Fwp%2Fv2%2Fcomments&post=47284"}],"version-history":[{"count":0,"href":"https:\/\/boomdenoticias.com\/index.php?rest_route=\/wp\/v2\/posts\/47284\/revisions"}],"wp:featuredmedia":[{"embeddable":true,"href":"https:\/\/boomdenoticias.com\/index.php?rest_route=\/wp\/v2\/media\/47285"}],"wp:attachment":[{"href":"https:\/\/boomdenoticias.com\/index.php?rest_route=%2Fwp%2Fv2%2Fmedia&parent=47284"}],"wp:term":[{"taxonomy":"category","embeddable":true,"href":"https:\/\/boomdenoticias.com\/index.php?rest_route=%2Fwp%2Fv2%2Fcategories&post=47284"},{"taxonomy":"post_tag","embeddable":true,"href":"https:\/\/boomdenoticias.com\/index.php?rest_route=%2Fwp%2Fv2%2Ftags&post=47284"}],"curies":[{"name":"wp","href":"https:\/\/api.w.org\/{rel}","templated":true}]}}