{"id":47282,"date":"2026-05-02T20:33:21","date_gmt":"2026-05-02T23:33:21","guid":{"rendered":"https:\/\/boomdenoticias.com\/?p=47282"},"modified":"2026-05-02T20:33:21","modified_gmt":"2026-05-02T23:33:21","slug":"mexico-desafia-a-ee-uu-sin-pruebas-no-habra-detencion-del-gobernador-al-que-acusan-por-narcotrafico","status":"publish","type":"post","link":"https:\/\/boomdenoticias.com\/?p=47282","title":{"rendered":"M\u00e9xico desaf\u00eda a EE.UU.: sin pruebas, no habr\u00e1 detenci\u00f3n del gobernador al que acusan por narcotr\u00e1fico"},"content":{"rendered":"<div><img decoding=\"async\" src=\"https:\/\/www.clarin.com\/img\/2024\/11\/11\/PB_kX3Erw_2000x1500__1.jpg\" class=\"ff-og-image-inserted\" \/><\/div>\n<div>\n<p>Las tensiones en la relaci\u00f3n entre Estados Unidos y M\u00e9xico aumentaron este viernes cuando la Fiscal\u00eda General mexicana rechaz\u00f3 la detenci\u00f3n preventiva <a href=\"https:\/\/apnews.com\/article\/acusacion-funcionarios-mexico-eeuu-trafico-drogas-cartel-sinaloa-e7c6093da631d78f5a8266b45e2ded09\" target=\"null\">del gobernador oficialista de Sinaloa y otros nueve funcionarios<\/a> como hab\u00eda pedido una fiscal de Nueva York en una causa por narcotr\u00e1fico y tenencia il\u00edcita de armas.<\/p>\n<\/div>\n<div>\n<p>En medio, la presidenta <a href=\"https:\/\/www.clarin.com\/mundo\/contradicciones-suspicacias-cruce-declaraciones-presencia-agentes-cia-muertos-mexico-operativo-antidrogas_0_Ujxe2n5prG.html\" target=\"_blank\" title='Claudia Sheinbaum Pardo afirm\u00f3 sentirse \"fuerte y muy segura\" '>Claudia Sheinbaum Pardo afirm\u00f3 sentirse &#8220;fuerte y muy segura&#8221; <\/a>en su postura de no avalar la injerencia de Estados Unidos en la cuesti\u00f3n del narcotr\u00e1fico, pese a que Donald Trump le ofreci\u00f3 &#8220;ayuda para luchar contra los carteles&#8221; de drogas varias veces. &#8220;Siempre <strong>vamos a defender la soberan\u00eda por encima de todo&#8221;, <\/strong>acot\u00f3 la mandataria<strong>.<\/strong><\/p>\n<\/div>\n<div>\n<p>Despu\u00e9s de analizar el pedido de detenci\u00f3n que le enviaron desde Nueva York, el fiscal de control de competencias, Ra\u00fal Jim\u00e9nez V\u00e1zquez, dijo a la prensa que \u201cno hay ning\u00fan motivo, no hay ning\u00fan fundamento, <strong>no hay ninguna evidencia del porqu\u00e9 de la urgencia de la detenci\u00f3n provisional<\/strong>\u201d de los funcionarios de los estados de Sinaloa y Chihuahua.<\/p>\n<\/div>\n<div>\n<p>La justicia de Estados Unidos hab\u00eda vinculado el mi\u00e9rcoles en <strong>una causa por tr\u00e1fico de drogas y tenencia il\u00edcita de armas<\/strong> a<a href=\"https:\/\/www.clarin.com\/mundo\/vinculan-estados-unidos-gobernador-sinaloa-trafico-grandes-cantidades-drogas-tenencia-armas-ilicitas_0_Dcuw6g9g9K.html\" target=\"_blank\" title=\"l gobernador de Sinaloa, Rub\u00e9n Rocha Moya, y otros nueve funcionarios\">l gobernador de Sinaloa, Rub\u00e9n Rocha Moya, y otros nueve funcionarios<\/a> mexicanos entre los que se incluyen un alcalde y un congresista del partido gobernante Morena, un fiscal y polic\u00edas activos y retirados.<\/p>\n<\/div>\n<div>\n<p>La fiscal\u00eda neoyorkina acusa a los diez funcionarios de desempe\u00f1ar un rol fundamental al ayudar al Cartel de Sinaloa a introducir<strong> fentanilo, hero\u00edna, coca\u00edna y metanfetamina desde M\u00e9xico a Estados Unidos<\/strong><\/p>\n<\/div>\n<div>\n<p>A tono con la postura que la presidenta Sheinbaum hizo p\u00fablica el jueves en defensa de la sobern\u00eda y con la advertencia de que si no se confirmaban con hechos las acusaciones se trataba de imputaciones lanzadas con<strong> &#8220;un objetivo pol\u00edtico&#8221; por el Departamento de Estado<\/strong>, el fiscal Jim\u00e9nez V\u00e1zquez indic\u00f3 que <strong>\u201cno existen pruebas\u201d<\/strong> en los documentos que enviaron las autoridades estadounidenses que acrediten un presunto delito para otorgar la medida de detenci\u00f3n provisional.<\/p>\n<\/div>\n<div>\n<blockquote class=\"twitter-tweet\">\n<p lang=\"es\" dir=\"ltr\">Mi posicionamiento: verdad, justicia y defensa de la soberan\u00eda. <a href=\"https:\/\/t.co\/zY3ifmbqF8\">pic.twitter.com\/zY3ifmbqF8<\/a><\/p>\n<p>\u2014 Claudia Sheinbaum Pardo (@Claudiashein) <a href=\"https:\/\/twitter.com\/Claudiashein\/status\/2049918352265470288?ref_src=twsrc%5Etfw\">April 30, 2026<\/a><\/p><\/blockquote>\n<\/div>\n<div>\n<p>En ese sentido, el funcionario anunci\u00f3 que <strong>la canciller\u00eda mexicana solicitar\u00e1 a Estados Unidos las pruebas,<\/strong> argumentos, informes y documentos que sean necesarios, por las v\u00edas que garanticen la confidencialidad, y fijar una nueva posici\u00f3n.<\/p>\n<\/div>\n<div>\n<p>Ante las acusaciones p\u00fablicas realizadas desde Estados Unidos y en forma paralela a la causa en Nueva York, la Fiscal\u00eda General de M\u00e9xico tambi\u00e9n adelantando una investigaci\u00f3n del caso.<\/p>\n<\/div>\n<div>\n<p>Rocha Moya, quien gobierna Sinaloa desde 2021, y los dem\u00e1s funcionarios han rechazado las acusaciones y han aseguraron que el proceso busca atacar a Morena.<\/p>\n<\/div>\n<div>\n<p>Seg\u00fan la acusaci\u00f3n, algunos de los testigos en la causa hab\u00edan participado personalmente en la campa\u00f1a de violencia y represalias del c\u00e1rtel de Sinaloa.<\/p>\n<\/div>\n<div>\n<p>La acusaci\u00f3n alega que estaban estrechamente vinculados a la facci\u00f3n de ese c\u00e1rtel conocida como &#8220;Los Chapitos&#8221;, dirigida por los hijos de Joaqu\u00edn \u201cEl Chapo\u201d Guzm\u00e1n, el ex jefe del cartel que actualmente cumple cadena perpetua en una prisi\u00f3n estadounidense.<\/p>\n<\/div>\n<div>\n<blockquote class=\"twitter-tweet\">\n<p lang=\"es\" dir=\"ltr\">Rechazo categ\u00f3rica y absolutamente las imputaciones formuladas en mi contra, por la Fiscal\u00eda Federal del Distrito Sur de Nueva York, ya que carecen de veracidad y fundamento alguno.  Y as\u00ed se demostrar\u00e1, con toda contundencia, en el momento oportuno.<\/p>\n<p>Este ataque no es \u00fanicamente\u2026<\/p>\n<p>\u2014 Rub\u00e9n Rocha Moya (@rochamoya_) <a href=\"https:\/\/twitter.com\/rochamoya_\/status\/2049577651501723859?ref_src=twsrc%5Etfw\">April 29, 2026<\/a><\/p><\/blockquote>\n<\/div>\n<div>\n<p>El gobernador de Sinaloa rechaz\u00f3 las acusaciones en su contra, dijo contar con el respaldo de la Presidenta y sostuvo que se trata de &#8220;un ataque&#8221; que se enmarca &#8220;en <strong>una perversa estrategia para violentar el orden constitucional&#8221;<\/strong>.<\/p>\n<\/div>\n<div>\n<p>Este viernes, durante su habitual conferencia matutina, Sheinbaum descart\u00f3 que enfrente una crisis pol\u00edtica ante el proceso judicial que se inici\u00f3 en Estados Unidos contra Rocha Moya y otros miembros de su partido y asegur\u00f3 que est\u00e1 \u201c<strong>fuerte, s\u00f3lida y muy segura\u201d.<\/strong><\/p>\n<\/div>\n<div>\n<p>Tras aclarar que seguir\u00e1 trabajando por la seguridad de M\u00e9xico y cooperando con Estados Unidos, remarc\u00f3: <strong>\u201cNunca nos vamos a subordinar<\/strong> porque esto es un asunto de dignidad del pueblo de M\u00e9xico\u201d.<\/p>\n<\/div>\n<div>\n<p>\u0093La presidenta est\u00e1 fuerte, s\u00f3lida y muy segura por una sola raz\u00f3n: &#8216;Nunca nos vamos a separar del pueblo de M\u00e9xico y siempre vamos a defender la soberan\u00eda por encima de todo&#8217;\u0094, afirm\u00f3 desde el Centro Cultural del M\u00e9xico Contempor\u00e1neo.<\/p>\n<\/div>\n<div>\n<p>Y, sobre las investigaciones dijo que &#8220;el caso de Chihuahua y Sinaloa lo lleva la Fiscal\u00eda&#8221; que &#8220;es la autoridad competente&#8221; que tendr\u00e1 que dilucidar &#8220;qu\u00e9 fue lo que pas\u00f3, qu\u00e9 pruebas hay y sino solicitar las pruebas necesarias as\u00ed de sencillo: <strong>todo mundo es inocente hasta que no se demuestre que es culpable,<\/strong> as\u00ed es la justicia en M\u00e9xico&#8221;.<\/p>\n<\/div>\n<div>\n<p>&#8220;<strong>Tiene que demostrarse<\/strong> dentro de nuestro marco jur\u00eddico en efecto<strong> la responsabilidad<\/strong> de una u otra persona, para cualquiera, un servidor p\u00fablico o un mexicano o mexicana&#8221;, advirti\u00f3.<\/p>\n<\/div>\n<div>\n<p><em>Con informaci\u00f3n de AFP y EFE<\/em><\/p>\n<\/div>\n<p><strong><a href=\"https:\/\/blockads.fivefilters.org\/\">Adblock test<\/a><\/strong> <a href=\"https:\/\/blockads.fivefilters.org\/acceptable.html\">(Why?)<\/a><\/p>","protected":false},"excerpt":{"rendered":"<p>Las tensiones en la relaci\u00f3n entre Estados Unidos y M\u00e9xico aumentaron este viernes cuando la Fiscal\u00eda General mexicana rechaz\u00f3 la&hellip;<\/p>\n","protected":false},"author":1,"featured_media":47283,"comment_status":"closed","ping_status":"closed","sticky":false,"template":"","format":"standard","meta":{"footnotes":""},"categories":[36],"tags":[],"class_list":["post-47282","post","type-post","status-publish","format-standard","has-post-thumbnail","hentry","category-mundo"],"_links":{"self":[{"href":"https:\/\/boomdenoticias.com\/index.php?rest_route=\/wp\/v2\/posts\/47282","targetHints":{"allow":["GET"]}}],"collection":[{"href":"https:\/\/boomdenoticias.com\/index.php?rest_route=\/wp\/v2\/posts"}],"about":[{"href":"https:\/\/boomdenoticias.com\/index.php?rest_route=\/wp\/v2\/types\/post"}],"author":[{"embeddable":true,"href":"https:\/\/boomdenoticias.com\/index.php?rest_route=\/wp\/v2\/users\/1"}],"replies":[{"embeddable":true,"href":"https:\/\/boomdenoticias.com\/index.php?rest_route=%2Fwp%2Fv2%2Fcomments&post=47282"}],"version-history":[{"count":0,"href":"https:\/\/boomdenoticias.com\/index.php?rest_route=\/wp\/v2\/posts\/47282\/revisions"}],"wp:featuredmedia":[{"embeddable":true,"href":"https:\/\/boomdenoticias.com\/index.php?rest_route=\/wp\/v2\/media\/47283"}],"wp:attachment":[{"href":"https:\/\/boomdenoticias.com\/index.php?rest_route=%2Fwp%2Fv2%2Fmedia&parent=47282"}],"wp:term":[{"taxonomy":"category","embeddable":true,"href":"https:\/\/boomdenoticias.com\/index.php?rest_route=%2Fwp%2Fv2%2Fcategories&post=47282"},{"taxonomy":"post_tag","embeddable":true,"href":"https:\/\/boomdenoticias.com\/index.php?rest_route=%2Fwp%2Fv2%2Ftags&post=47282"}],"curies":[{"name":"wp","href":"https:\/\/api.w.org\/{rel}","templated":true}]}}