{"id":47242,"date":"2026-05-01T09:08:31","date_gmt":"2026-05-01T12:08:31","guid":{"rendered":"https:\/\/boomdenoticias.com\/?p=47242"},"modified":"2026-05-01T09:08:31","modified_gmt":"2026-05-01T12:08:31","slug":"guerra-de-estados-unidos-e-israel-contra-iran-en-vivo-tension-en-medio-oriente-hoy-viernes-1-de-mayo","status":"publish","type":"post","link":"https:\/\/boomdenoticias.com\/?p=47242","title":{"rendered":"Guerra de Estados Unidos e Israel contra Ir\u00e1n, en vivo: tensi\u00f3n en Medio Oriente hoy, viernes 1\u00b0 de mayo"},"content":{"rendered":"<p>El costo del env\u00edo de ayuda humanitaria a Sud\u00e1n, \u201dla mayor crisis de desplazamiento del mundo\u201d, se ha m\u00e1s que duplicado debido a la guerra con Ir\u00e1n, ya que <b>las interrupciones en el transporte mar\u00edtimo elevan los costes y retrasan la entrega de la ayuda<\/b>, seg\u00fan inform\u00f3 la agencia de la ONU para los refugiados.<\/p>\n<p><b>El aumento de la inseguridad en las principales rutas mar\u00edtimas del golfo P\u00e9rsico<\/b>, incluido el estrecho de Ormuz, as\u00ed como la congesti\u00f3n en los puertos, el aumento de los precios del combustible y el incremento de las primas de los seguros han dificultado la entrega de la ayuda, especialmente en \u00c1frica, seg\u00fan la agencia.<\/p>\n<p>El jefe del poder judicial iran\u00ed, Gholamhossein Mohseni Ejei, dijo que <b>Teher\u00e1n est\u00e1 abierto a hablar con Estados Unidos<\/b>, pero no aceptar\u00e1 \u201cimposiciones\u201d bajo amenaza. \u201cLa Rep\u00fablica Isl\u00e1mica nunca renunci\u00f3 a las negociaciones (&#8230;) pero efectivamente no aceptamos imposiciones\u201d, declar\u00f3 en un video publicado en el sitio internet del poder judicial <i>Mizan Online<\/i>.<\/p>\n<p>\u201c<b>No queremos la guerra; no queremos que siga<\/b>\u201d, enfatiz\u00f3. Pero Ir\u00e1n \u201cno va a abandonar para nada sus principios y valores ante este <b>enemigo malicioso<\/b>, con el objetivo de evitar la guerra o prevenir su continuaci\u00f3n\u201d, matiz\u00f3.<\/p>\n<p><img loading=\"lazy\" decoding=\"async\" src=\"https:\/\/resizer.glanacion.com\/resizer\/v2\/GX5ZKGUTAJHJ7BXET2VFHLSMDY.JPG?auth=8a5c8b7518aefb7532fd44e53776fa8497a11b3a98ae66dbc01129ff344725c3&amp;smart=true&amp;width=5031&amp;height=3353\" alt=\"Las calles de Teher\u00e1n, con im\u00e1genes de Mojtaba\" height=\"3353\" width=\"5031\" \/><\/p>\n<p>El l\u00edder supremo de\u00a0<a href=\"https:\/\/www.lanacion.com.ar\/el-mundo\/guerra-de-estados-unidos-e-israel-contra-iran-en-vivo-tension-en-medio-oriente-hoy-jueves-30-de-nid30042026\/\" rel=\"\" title=\"https:\/\/www.lanacion.com.ar\/el-mundo\/guerra-de-estados-unidos-e-israel-contra-iran-en-vivo-tension-en-medio-oriente-hoy-jueves-30-de-nid30042026\/\"><b>Ir\u00e1n<\/b><\/a>, el ayatollah<a href=\"https:\/\/www.lanacion.com.ar\/el-mundo\/el-nuevo-lider-supremo-de-iran-presenta-heridas-graves-y-esta-desfigurado-segun-fuentes-cercanas-nid11042026\/\" rel=\"\" title=\"https:\/\/www.lanacion.com.ar\/el-mundo\/el-nuevo-lider-supremo-de-iran-presenta-heridas-graves-y-esta-desfigurado-segun-fuentes-cercanas-nid11042026\/\">\u00a0<b>Mojtaba Khamenei,\u00a0<\/b><\/a>afirm\u00f3 este jueves que la Rep\u00fablica Isl\u00e1mica proteger\u00e1 sus \u201ccapacidades nucleares y de misiles\u201d como un activo nacional, mientras el presidente de Estados Unidos,\u00a0<a href=\"https:\/\/www.lanacion.com.ar\/el-mundo\/trump-lanzo-una-amenaza-a-iran-y-compartio-una-imagen-suya-con-un-fusil-creada-con-ia-nid29042026\/\" rel=\"\" title=\"https:\/\/www.lanacion.com.ar\/el-mundo\/trump-lanzo-una-amenaza-a-iran-y-compartio-una-imagen-suya-con-un-fusil-creada-con-ia-nid29042026\/\"><b>Donald Trump<\/b><\/a>, busca alcanzar un acuerdo para dar fin a la guerra que ya lleva dos meses. Adem\u00e1s, sobre el\u00a0<b>estrecho de Ormuz<\/b>, el titular del r\u00e9gimen adopt\u00f3 un tono desafiante y dijo que el \u00fanico lugar de los estadounidenses en el golfo P\u00e9rsico es\u00a0<b>\u201cen el fondo de sus aguas\u201d.<\/b><\/p>\n<p>El\u00a0<b>ayatollah\u00a0<\/b>se pronunci\u00f3 en una declaraci\u00f3n le\u00edda en la televisora estatal iran\u00ed, como hizo desde que asumi\u00f3 el poder tras el ataque a\u00e9reo del\u00a0<b>28 de febrero que mat\u00f3 a su padre, el Ali Khamenei, de 86 a\u00f1os.<\/b><\/p>\n<p><b>El gobierno del presidente Donald Trump se resiste a verse limitado este viernes por un plazo legal del Congreso<\/b> en la guerra contra Ir\u00e1n, que activ\u00f3 por la noche su defensa a\u00e9rea contra aviones peque\u00f1os y drones en la capital.<\/p>\n<p>Seg\u00fan la Constituci\u00f3n estadounidense, s\u00f3lo el Congreso tiene la facultad de declarar la guerra. Pero una ley de 1973 permite al presidente iniciar una intervenci\u00f3n militar limitada para responder a una situaci\u00f3n de emergencia, siempre que pida autorizaci\u00f3n al poder legislativo para movilizar tropas durante m\u00e1s de 60 d\u00edas.<\/p>\n<p>El viernes es la fecha l\u00edmite, pero el secretario de Defensa, Pete Hegseth, argument\u00f3 el jueves que, debido al alto el fuego, \u201cel plazo de 60 d\u00edas queda suspendido\u201d.<\/p>\n<p><img loading=\"lazy\" decoding=\"async\" src=\"https:\/\/resizer.glanacion.com\/resizer\/v2\/MPTNOLZVQVH6PDHIWZWMQII4TI.jpg?auth=cfa37fc6c469c00eaeaba838fa4888ebda7234cc8d75b6e61863a6b1272d9aa2&amp;smart=true&amp;width=2000&amp;height=1333\" alt=\"Un empleado llena el tanque de una motocicleta en una gasolinera de Islamabad el 25 de abril de 2026, en medio de un aumento de precios debido a las interrupciones en el suministro de energ\u00eda provocadas por la guerra \" height=\"1333\" width=\"2000\" \/><\/p>\n<p>Los precios del petr\u00f3leo sub\u00edan el viernes, mientras los esfuerzos por resolver la guerra en Ir\u00e1n segu\u00edan en un punto muerto, con Teher\u00e1n bloqueando el estrecho de Ormuz y la Armada de Estados Unidos impidiendo las exportaciones de crudo iran\u00ed. <\/p>\n<p>Los futuros del crudo Brent para julio sub\u00edan 89 centavos, o un 0,8%, hasta situarse en 111,29 d\u00f3lares el barril, a las 8.08 GMT. Los futuros del West Texas Intermediate sub\u00edan 37 centavos, o un 0,4%, hasta los 105,44 d\u00f3lares.<\/p>\n<p>El \u00edndice de referencia del Brent se encaminaba a una subida del 5,7% en la semana, mientras que el WTI iba camino de cerrar la semana con un alza del 11,7%. El contrato de junio del Brent alcanz\u00f3 los 126,41 d\u00f3lares por barril, antes de su vencimiento el jueves, marcando el nivel m\u00e1s alto desde marzo de 2022.<\/p>\n<p><b>Los 90 millones de habitantes del pa\u00eds llevan la mayor parte de 2026 desconectados de internet<\/b>, en uno de los cortes a nivel nacional m\u00e1s largos y estrictos del mundo. Esto est\u00e1 <b>devastando una econom\u00eda digital<\/b> que durante mucho tiempo hab\u00eda desafiado las <b>restricciones <\/b>gubernamentales y las <b>sanciones <\/b>internacionales. De la moda al fitness, pasando por la publicidad y el comercio minorista, muchos han visto evaporarse sus ingresos.<\/p>\n<p>El primer ministro del L\u00edbano, <b>Nawaf Salam<\/b>, afirm\u00f3 que seguir\u00e1 trabajando arduamente para recuperar cada cent\u00edmetro cuadrado del territorio liban\u00e9s ocupado.<\/p>\n<p>En una publicaci\u00f3n en <i>X<\/i> con motivo del D\u00eda del Trabajo, Salam agreg\u00f3 que el gobierno \u201ccontinuar\u00e1 trabajando arduamente para mejorar sus condiciones de vida\u2026 y reactivar la econom\u00eda de manera que se creen nuevas oportunidades de empleo, se restablezca la estabilidad y se encamine al pa\u00eds hacia una recuperaci\u00f3n genuina\u201d.<\/p>\n<p><b>Masoud Pezeshkian<\/b> sostuvo este jueves que el bloqueo naval estadounidense en el estrecho de Ormuz equivale a una acci\u00f3n militar continua contra <b>Ir\u00e1n<\/b>.<\/p>\n<p>En una publicaci\u00f3n en ingl\u00e9s en<i> X<\/i>, Pezeshkian escribi\u00f3: \u201cLo que se est\u00e1 haciendo bajo el pretexto de un bloqueo naval es una extensi\u00f3n de las operaciones militares contra una naci\u00f3n que est\u00e1 pagando el precio de su resistencia e independencia\u201d.<\/p>\n<p>Y a\u00f1adi\u00f3: \u201cLa continuaci\u00f3n de este enfoque opresivo es intolerable\u201d.<\/p>\n<p><b>Gianni Infantino <\/b>busc\u00f3 cerrar un foco de incertidumbre y, al mismo tiempo, consolidar su liderazgo pol\u00edtico dentro del f\u00fatbol mundial. En la apertura del <b>76\u00b0 Congreso de la FIFA<\/b>, el dirigente italo-suizo <b>confirm\u00f3 que Ir\u00e1n disputar\u00e1 el Mundial 2026<\/b> en Estados Unidos, M\u00e9xico y Canad\u00e1, tal como estaba previsto, y sum\u00f3 un respaldo determinante de las confederaciones de \u00c1frica y Asia para su eventual reelecci\u00f3n en 2027.<\/p>\n<p><img loading=\"lazy\" decoding=\"async\" src=\"https:\/\/resizer.glanacion.com\/resizer\/v2\/B5GEBVCBPVFALE6YISBQJB6QOA.JPG?auth=c0bec13afd190fdbb9effda3ca43378b2297ddc8ad97bd3de65c2b5b0c5e4449&amp;smart=true&amp;width=3000&amp;height=1958\" alt=\"Gianni Infantino, durante la 76\u00b0 Congreso de la FIFA en Vancouver\" height=\"1958\" width=\"3000\" \/><\/p>\n<p>\u201c<b>Perm\u00edtanme comenzar por confirmar desde el principio que, por supuesto, Ir\u00e1n participar\u00e1 en la Copa del Mundo de la FIFA 2026. Y, por supuesto, Ir\u00e1n jugar\u00e1 en los Estados Unidos de Am\u00e9rica<\/b>\u201d, expres\u00f3 Infantino ante los delegados reunidos en Vancouver. La definici\u00f3n busc\u00f3 despejar versiones que hab\u00edan puesto en duda la presencia del seleccionado asi\u00e1tico en el torneo, debido a la crecientes tensiones y conflicto en Medio Oriente con EE.UU.<\/p>\n<p>El presidente norteamericano declar\u00f3 este jueves que est\u00e1 considerando <b>reducir el n\u00famero de tropas estadounidenses <\/b>en esas naciones aliadas en medio de desacuerdos sobre la guerra con Ir\u00e1n.<\/p>\n<p><img loading=\"lazy\" decoding=\"async\" src=\"https:\/\/resizer.glanacion.com\/resizer\/v2\/XTO3QTZKUJC4NFPPJJ5OHRAUWQ.jpg?auth=5a6c7f72617a7cfba1b4095e4edad57fd2bedd91aa026d769b6fce58241d8e6c&amp;smart=true&amp;width=4572&amp;height=3048\" alt=\"Donald Trump mantiene desacuerdos con algunas naciones de la UE\" height=\"3048\" width=\"4572\" \/><\/p>\n<p>\u201cProbablemente lo har\u00e9. \u00bfPor qu\u00e9 no deber\u00eda? <b>Italia no ha sido de ninguna ayuda. Espa\u00f1a ha sido horrible<\/b>. Absolutamente\u201d, manifest\u00f3 desde el Despacho Oval.<\/p>\n<p>\u201cEn vista de los acontecimientos que se est\u00e1n produciendo en la regi\u00f3n, el Ministerio de Asuntos Exteriores anuncia<b> la prohibici\u00f3n de viajar para los ciudadanos<\/b> de los Emiratos \u00c1rabes Unidos a la Rep\u00fablica Isl\u00e1mica de <b>Ir\u00e1n, la Rep\u00fablica Libanesa y la Rep\u00fablica de Irak<\/b>\u201d, public\u00f3 el Ministerio de Asuntos Exteriores de los EAU en <i>X<\/i>.<\/p>\n<p><img loading=\"lazy\" decoding=\"async\" src=\"https:\/\/resizer.glanacion.com\/resizer\/v2\/MURJLQI3LNBGTOE5VCGMDPB264.jpg?auth=cad1044354c9957960e78e50fc2b2fc6992f38594b704c64f28b60b9eae8b54b&amp;smart=true&amp;width=4000&amp;height=2656\" alt=\"Ministerio de Asuntos Exteriores anuncia la prohibici\u00f3n de viajar para los ciudadanos a la Rep\u00fablica Isl\u00e1mica de Ir\u00e1n, la Rep\u00fablica Libanesa y la Rep\u00fablica de Irak\" height=\"2656\" width=\"4000\" \/><\/p>\n<p>El ministerio inst\u00f3 a los ciudadanos \u201cactualmente presentes en estos pa\u00edses\u201d a <b>marcharse de inmediato <\/b>y regresar a los Emiratos \u00c1rabes Unidos <b>\u201ca la mayor brevedad posible\u201d<\/b>, citando el compromiso del gobierno \u201cde vigilar el bienestar de sus ciudadanos en el extranjero y garantizar su seguridad\u201d.<\/p>\n<p>Si el presidente <b>Donald Trump <\/b>vuela a <a href=\"https:\/\/www.lanacion.com.ar\/el-mundo\/estados-unidos-planta-bandera-en-brasil-y-disputa-con-china-el-control-de-minerales-clave-nid25042026\/\" rel=\"\" title=\"https:\/\/www.lanacion.com.ar\/el-mundo\/estados-unidos-planta-bandera-en-brasil-y-disputa-con-china-el-control-de-minerales-clave-nid25042026\/\">China<\/a> como est\u00e1 previsto en mayo, el tema principal ser\u00e1 claramente <b>el impacto econ\u00f3mico en cadena de <\/b><a href=\"https:\/\/www.lanacion.com.ar\/el-mundo\/donald-trump-celebro-que-china-acepto-no-enviarle-mas-armas-a-iran-nid15042026\/\" rel=\"\" title=\"https:\/\/www.lanacion.com.ar\/el-mundo\/donald-trump-celebro-que-china-acepto-no-enviarle-mas-armas-a-iran-nid15042026\/\"><b>una guerra<\/b><\/a><b> que Pek\u00edn ha dejado en claro que considera innecesaria<\/b>.<\/p>\n<p>El anuncio del presidente Trump de que est\u00e1 dispuesto a mantener un bloqueo sobre el transporte mar\u00edtimo iran\u00ed hasta que Ir\u00e1n ceda a sus exigencias pr\u00e1cticamente garantiza que el <b>estrecho de Ormuz<\/b> <b>seguir\u00e1 cerrado cuando llegue a Pek\u00edn <\/b>dentro de dos semanas.<\/p>\n<p><img loading=\"lazy\" decoding=\"async\" src=\"https:\/\/resizer.glanacion.com\/resizer\/v2\/LAKAY2F7ZZEZRKKQJOVDL2OZZA.JPG?auth=9b842cb9258e08fca003d8598c8f21d75dd7c5f776a1e5fe48d4019eab68f9c7&amp;smart=true&amp;width=5000&amp;height=3333\" alt=\"Trump y Xi Jinping se dan la mano antes de su reuni\u00f3n en el Aeropuerto Internacional de Gimhae en Busan, Corea del Sur\" height=\"3333\" width=\"5000\" \/><\/p>\n<p>Eso es precisamente lo que Trump buscaba evitar cuando pospuso su viaje a China seis semanas atr\u00e1s. Y complica enormemente<b> una reuni\u00f3n clave con el presidente Xi Jinping<\/b>, obligando a los funcionarios de la Casa Blanca a replantear c\u00f3mo encarar el intento de acercamiento con China.<\/p>\n<p><a href=\"https:\/\/www.lanacion.com.ar\/el-mundo\/como-el-bloqueo-de-trump-a-iran-puede-complicar-un-viaje-de-alto-riesgo-a-china-nid30042026\/\">LEE LA NOTA COMPLETA ACA<\/a><\/p>\n<p> El primer ministro brit\u00e1nico, <a href=\"https:\/\/www.lanacion.com.ar\/el-mundo\/el-ataque-terrorista-en-londres-refuerza-la-alerta-en-la-comunidad-judia-britanica-por-el-aumento-nid30042026\/\" rel=\"\" title=\"https:\/\/www.lanacion.com.ar\/el-mundo\/el-ataque-terrorista-en-londres-refuerza-la-alerta-en-la-comunidad-judia-britanica-por-el-aumento-nid30042026\/\"><b>Keir Starmer<\/b><\/a>, lanz\u00f3 una acusaci\u00f3n directa contra el r\u00e9gimen de <b>Ir\u00e1n<\/b>, al que responsabiliz\u00f3 de un plan sistem\u00e1tico para <b>da\u00f1ar a los <\/b><a href=\"https:\/\/www.lanacion.com.ar\/el-mundo\/apunalan-a-dos-hombres-en-un-barrio-judio-de-londres-y-detienen-a-un-sospechoso-por-intento-de-nid29042026\/\" rel=\"\" title=\"https:\/\/www.lanacion.com.ar\/el-mundo\/apunalan-a-dos-hombres-en-un-barrio-judio-de-londres-y-detienen-a-un-sospechoso-por-intento-de-nid29042026\/\"><b>jud\u00edos brit\u00e1nicos<\/b><\/a>. La denuncia ocurri\u00f3 pocas horas despu\u00e9s de un violento <b>ataque antisemita<\/b> en Londres que culmin\u00f3 con dos personas heridas.<\/p>\n<p><img loading=\"lazy\" decoding=\"async\" src=\"https:\/\/resizer.glanacion.com\/resizer\/v2\/2LECKKOQL5FAZKQEOK6G7N2PNE.JPG?auth=cc9c256224e7832d0cfb08bf2c2d66e80b5d1ca28b83a022aa8d1472217c8d66&amp;smart=true&amp;width=5000&amp;height=3333\" alt=\"Agentes de la Polic\u00eda Metropolitana permanecen de guardia mientras personas asisten a una manifestaci\u00f3n organizada por la Campa\u00f1a contra el Antisemitismo, frente a Downing Street, en el centro de Londres\" height=\"3333\" width=\"5000\" \/><\/p>\n<p>El mandatario brit\u00e1nico enfatiz\u00f3 la necesidad de obtener <b>poderes de seguridad<\/b> m\u00e1s robustos para neutralizar la <b>amenaza maligna<\/b> que representan Estados extranjeros con intenciones hostiles hacia la poblaci\u00f3n civil en suelo brit\u00e1nico.<\/p>\n<p>El incidente que desencaden\u00f3 esta crisis pol\u00edtica tuvo lugar en el barrio de <b>Golders Green<\/b>, una zona clave para la <b>comunidad jud\u00eda<\/b> en el norte de la capital. All\u00ed, dos hombres de 76 y 34 a\u00f1os sufrieron heridas tras un ataque con <b>arma blanca<\/b>.<\/p>\n<p>DUB\u00c1I (AP).- El l\u00edder supremo de <a href=\"https:\/\/www.lanacion.com.ar\/el-mundo\/guerra-de-estados-unidos-e-israel-contra-iran-en-vivo-tension-en-medio-oriente-hoy-jueves-30-de-nid30042026\/\" rel=\"\" title=\"https:\/\/www.lanacion.com.ar\/el-mundo\/guerra-de-estados-unidos-e-israel-contra-iran-en-vivo-tension-en-medio-oriente-hoy-jueves-30-de-nid30042026\/\"><b>Ir\u00e1n<\/b><\/a>, el ayatollah<a href=\"https:\/\/www.lanacion.com.ar\/el-mundo\/el-nuevo-lider-supremo-de-iran-presenta-heridas-graves-y-esta-desfigurado-segun-fuentes-cercanas-nid11042026\/\" rel=\"\" title=\"https:\/\/www.lanacion.com.ar\/el-mundo\/el-nuevo-lider-supremo-de-iran-presenta-heridas-graves-y-esta-desfigurado-segun-fuentes-cercanas-nid11042026\/\"> <b>Mojtaba Khamenei, <\/b><\/a>afirm\u00f3 este jueves que la Rep\u00fablica Isl\u00e1mica proteger\u00e1 sus \u201ccapacidades nucleares y de misiles\u201d como un activo nacional, mientras el presidente de Estados Unidos, <a href=\"https:\/\/www.lanacion.com.ar\/el-mundo\/trump-lanzo-una-amenaza-a-iran-y-compartio-una-imagen-suya-con-un-fusil-creada-con-ia-nid29042026\/\" rel=\"\" title=\"https:\/\/www.lanacion.com.ar\/el-mundo\/trump-lanzo-una-amenaza-a-iran-y-compartio-una-imagen-suya-con-un-fusil-creada-con-ia-nid29042026\/\"><b>Donald Trump<\/b><\/a>, busca alcanzar un acuerdo para dar fin a la guerra que ya lleva dos meses. Adem\u00e1s, sobre el <b>estrecho de Ormuz<\/b>, el titular del r\u00e9gimen adopt\u00f3 un tono desafiante y dijo que el \u00fanico lugar de los estadounidenses en el golfo P\u00e9rsico es <b>\u201cen el fondo de sus aguas\u201d.<\/b><\/p>\n<p>El <b>ayatollah <\/b>se pronunci\u00f3 en una declaraci\u00f3n le\u00edda en la televisora estatal iran\u00ed, como hizo desde que asumi\u00f3 el poder tras el ataque a\u00e9reo del <b>28 de febrero que mat\u00f3 a su padre, el Ali Khamenei, de 86 a\u00f1os.<\/b><\/p>\n<p>La embajada estadounidense en Beirut afirm\u00f3 que el L\u00edbano se enfrenta a una \u201c<b>oportunidad hist\u00f3rica para recuperar<\/b>\u201d su soberan\u00eda y pidi\u00f3 un di\u00e1logo directo entre el L\u00edbano e Israel, argumentando que podr\u00eda marcar el inicio de un renacimiento nacional.<\/p>\n<p><img loading=\"lazy\" decoding=\"async\" src=\"https:\/\/resizer.glanacion.com\/resizer\/v2\/XI6SY77SQBDEXPTRPJHT3UWDKM.png?auth=2d1228a57ec098b99b25557a605f1f5cf30dd7ecc116f0f7686a78f3b8dffae6&amp;smart=true&amp;width=596&amp;height=720\" alt=\"El posteo de la embajada en Beirut\" height=\"720\" width=\"596\" \/><\/p>\n<p>En un comunicado publicado hoy en <i>X<\/i>, la embajada afirm\u00f3 que un \u201ccese prolongado de hostilidades\u201d entre los dos pa\u00edses \u2014que, seg\u00fan se describe, se logr\u00f3 a petici\u00f3n personal del presidente estadounidense Donald Trump\u2014 \u201cha dado al L\u00edbano el espacio y la oportunidad de poner sobre la mesa todas sus demandas leg\u00edtimas con la plena atenci\u00f3n del gobierno de Estados Unidos\u201d.<\/p>\n<p>Seg\u00fan public\u00f3 la <i>CNN<\/i>, <b>los alemanes perdieron la confianza en que Estados Unidos les ayude a mantenerse seguros<\/b>, declar\u00f3 este jueves el eurodiputado alem\u00e1n <b>Marie-Agnes Strack-Zimmermann<\/b>, al ser consultado sobre los comentarios del presidente estadounidense Donald Trump acerca de una posible reducci\u00f3n del n\u00famero de tropas estadounidenses en el pa\u00eds.<\/p>\n<p>\u201c<b>Yo dir\u00eda que [Trump] est\u00e1 enfadado por muchas cosas<\/b>\u201d, dijo Strack-Zimmermann. \u201cEl problema es que cada ma\u00f1ana podr\u00edamos leer un mensaje nuevo\u2026 y quiz\u00e1s ma\u00f1ana sea otro diferente. As\u00ed que creo que realmente tenemos que calmarnos&#8221;, remat\u00f3.<\/p>\n<p>Inform\u00f3 la agencia <i>AP<\/i>, que el presidente de Estados Unidos, <b>Donald Trump<\/b>, otorg\u00f3 el jueves una aprobaci\u00f3n clave para un importante nuevo oleoducto de Canad\u00e1 hacia Estados Unidos, que ha sido llamado \u201c<b>Keystone Light<\/b>\u201d por sus similitudes con un pol\u00e9mico proyecto bloqueado por el gobierno del expresidente Joe Biden. <\/p>\n<p>La ampliaci\u00f3n del oleoducto Bridger, de un metro de ancho, transportar\u00eda hasta <b>550.000 barriles<\/b> de petr\u00f3leo al d\u00eda desde Canad\u00e1 a trav\u00e9s de Montana y Wyoming, donde se conectar\u00eda con otro oleoducto.<\/p>\n<p>El presidente de la Asociaci\u00f3n Palestina de F\u00fatbol, <b>Jibril Rajoub<\/b>, se neg\u00f3 el jueves a estrechar la mano de <b>Basim Sheikh Suliman<\/b>, vicepresidente del organismo rector del f\u00fatbol de Israel, durante un tenso momento en el Congreso de la FIFA, inform\u00f3 la agencia <i>AP.<\/i><\/p>\n<p>Despu\u00e9s de que ambos se dirigieran al congreso, el presidente de la FIFA, <b>Gianni Infantino<\/b>, los llam\u00f3 al escenario. Se mantuvieron muy separados el uno del otro y Rajoub protest\u00f3 en voz alta, lejos de los micr\u00f3fonos, antes de abandonar el escenario.<\/p>\n<p><i>AP<\/i> inform\u00f3 tambi\u00e9n que, al hablar ante el congreso, Rajoub inst\u00f3 a la FIFA a abordar las acusaciones de la Asociaci\u00f3n Palestina de F\u00fatbol de que Israel ha incumplido la normativa contra la discriminaci\u00f3n al permitir clubes con sede en los asentamientos de Cisjordania.<\/p>\n<p>Varios soldados israel\u00edes<b> resultaron heridos<\/b> en ataques de Hezbollah en el sur de L\u00edbano, dijeron este jueves a<i> CNN<\/i> las Fuerzas de Defensa de Israel (FDI).<\/p>\n<p>Hezbollah afirm\u00f3 en comunicados anteriores que llev\u00f3 a cabo ataques con drones contra concentraciones de soldados israel\u00edes en las localidades de <b>Taybeh y Qantara<\/b>, y sostuvo que las acciones fueron en respuesta a<b> presuntas violaciones del alto el fuego<\/b> por parte de Israel y bombardeos contra aldeas en el sur de L\u00edbano que, seg\u00fan el grupo, causaron v\u00edctimas civiles. <\/p>\n<p>.<\/p>\n<p>Cobertura en tiempo real con las novedades m\u00e1s importantes del conflicto y las acciones del mandatario estadounidense, Donald TrumpEl MundoLA NACION<\/p>","protected":false},"excerpt":{"rendered":"<p>El costo del env\u00edo de ayuda humanitaria a Sud\u00e1n, \u201dla mayor crisis de desplazamiento del mundo\u201d, se ha m\u00e1s que&hellip;<\/p>\n","protected":false},"author":1,"featured_media":47243,"comment_status":"closed","ping_status":"closed","sticky":false,"template":"","format":"standard","meta":{"footnotes":""},"categories":[31],"tags":[],"class_list":["post-47242","post","type-post","status-publish","format-standard","has-post-thumbnail","hentry","category-pais"],"_links":{"self":[{"href":"https:\/\/boomdenoticias.com\/index.php?rest_route=\/wp\/v2\/posts\/47242","targetHints":{"allow":["GET"]}}],"collection":[{"href":"https:\/\/boomdenoticias.com\/index.php?rest_route=\/wp\/v2\/posts"}],"about":[{"href":"https:\/\/boomdenoticias.com\/index.php?rest_route=\/wp\/v2\/types\/post"}],"author":[{"embeddable":true,"href":"https:\/\/boomdenoticias.com\/index.php?rest_route=\/wp\/v2\/users\/1"}],"replies":[{"embeddable":true,"href":"https:\/\/boomdenoticias.com\/index.php?rest_route=%2Fwp%2Fv2%2Fcomments&post=47242"}],"version-history":[{"count":0,"href":"https:\/\/boomdenoticias.com\/index.php?rest_route=\/wp\/v2\/posts\/47242\/revisions"}],"wp:featuredmedia":[{"embeddable":true,"href":"https:\/\/boomdenoticias.com\/index.php?rest_route=\/wp\/v2\/media\/47243"}],"wp:attachment":[{"href":"https:\/\/boomdenoticias.com\/index.php?rest_route=%2Fwp%2Fv2%2Fmedia&parent=47242"}],"wp:term":[{"taxonomy":"category","embeddable":true,"href":"https:\/\/boomdenoticias.com\/index.php?rest_route=%2Fwp%2Fv2%2Fcategories&post=47242"},{"taxonomy":"post_tag","embeddable":true,"href":"https:\/\/boomdenoticias.com\/index.php?rest_route=%2Fwp%2Fv2%2Ftags&post=47242"}],"curies":[{"name":"wp","href":"https:\/\/api.w.org\/{rel}","templated":true}]}}