{"id":47236,"date":"2026-05-01T08:34:04","date_gmt":"2026-05-01T11:34:04","guid":{"rendered":"https:\/\/boomdenoticias.com\/?p=47236"},"modified":"2026-05-01T08:34:04","modified_gmt":"2026-05-01T11:34:04","slug":"f1-gp-de-miami-con-franco-colapinto-en-vivo-horarios-y-como-ver-la-practica-y-la-clasificacion-sprint","status":"publish","type":"post","link":"https:\/\/boomdenoticias.com\/?p=47236","title":{"rendered":"F1 GP de Miami con Franco Colapinto, EN VIVO: horarios y c\u00f3mo ver la pr\u00e1ctica y la clasificaci\u00f3n sprint"},"content":{"rendered":"<div><img decoding=\"async\" src=\"https:\/\/www.clarin.com\/img\/2026\/04\/30\/GbNEMbCBZ_2000x1500__1.jpg\" class=\"ff-og-image-inserted\" \/><\/div>\n<div>\n<p><strong>Franco Colapinto<\/strong> llega a Miami despu\u00e9s de una semana especial en Buenos Aires, donde recibi\u00f3 el cari\u00f1o de 600 mil fan\u00e1ticos que colmaron Palermo para vivir el regreso de un auto de <strong>F\u00f3rmula 1 <\/strong>al pa\u00eds. Sin embargo, tendr\u00e1 que cambiar r\u00e1pidamente el chip para subirse a la exigencia de la categor\u00eda, que -tras cinco semanas de descanso obligado por las cancelaciones de las carreras en Bahrein y Arabia Saudita- volver\u00e1 a la actividad en Miami. <\/p>\n<\/div>\n<div>\n<p>All\u00ed, donde se disputar\u00e1 la segunda Sprint de la temporada, habr\u00e1 una \u00fanica pr\u00e1ctica libre, aunque con una peculiaridad: durar\u00e1 90 minutos por los cambios reglamentarios que los equipos, la F1 y la FIA consensuaron tras el accidente de Oliver Bearman en Suzuka. Las acciones comenzar\u00e1n a las 13.30 y podr\u00e1n seguirse en <strong>F1TV<\/strong>, <strong>Disney+<\/strong>, <strong>Fox Sports<\/strong> y el minuto a minuto de <strong>Clar\u00edn.com<\/strong>.<\/p>\n<\/div>\n<p><strong><a href=\"https:\/\/blockads.fivefilters.org\/\">Adblock test<\/a><\/strong> <a href=\"https:\/\/blockads.fivefilters.org\/acceptable.html\">(Why?)<\/a><\/p>","protected":false},"excerpt":{"rendered":"<p>Franco Colapinto llega a Miami despu\u00e9s de una semana especial en Buenos Aires, donde recibi\u00f3 el cari\u00f1o de 600 mil&hellip;<\/p>\n","protected":false},"author":1,"featured_media":47237,"comment_status":"closed","ping_status":"closed","sticky":false,"template":"","format":"standard","meta":{"footnotes":""},"categories":[1],"tags":[],"class_list":["post-47236","post","type-post","status-publish","format-standard","has-post-thumbnail","hentry","category-blog"],"_links":{"self":[{"href":"https:\/\/boomdenoticias.com\/index.php?rest_route=\/wp\/v2\/posts\/47236","targetHints":{"allow":["GET"]}}],"collection":[{"href":"https:\/\/boomdenoticias.com\/index.php?rest_route=\/wp\/v2\/posts"}],"about":[{"href":"https:\/\/boomdenoticias.com\/index.php?rest_route=\/wp\/v2\/types\/post"}],"author":[{"embeddable":true,"href":"https:\/\/boomdenoticias.com\/index.php?rest_route=\/wp\/v2\/users\/1"}],"replies":[{"embeddable":true,"href":"https:\/\/boomdenoticias.com\/index.php?rest_route=%2Fwp%2Fv2%2Fcomments&post=47236"}],"version-history":[{"count":0,"href":"https:\/\/boomdenoticias.com\/index.php?rest_route=\/wp\/v2\/posts\/47236\/revisions"}],"wp:featuredmedia":[{"embeddable":true,"href":"https:\/\/boomdenoticias.com\/index.php?rest_route=\/wp\/v2\/media\/47237"}],"wp:attachment":[{"href":"https:\/\/boomdenoticias.com\/index.php?rest_route=%2Fwp%2Fv2%2Fmedia&parent=47236"}],"wp:term":[{"taxonomy":"category","embeddable":true,"href":"https:\/\/boomdenoticias.com\/index.php?rest_route=%2Fwp%2Fv2%2Fcategories&post=47236"},{"taxonomy":"post_tag","embeddable":true,"href":"https:\/\/boomdenoticias.com\/index.php?rest_route=%2Fwp%2Fv2%2Ftags&post=47236"}],"curies":[{"name":"wp","href":"https:\/\/api.w.org\/{rel}","templated":true}]}}