{"id":47234,"date":"2026-05-01T08:34:04","date_gmt":"2026-05-01T11:34:04","guid":{"rendered":"https:\/\/boomdenoticias.com\/?p=47234"},"modified":"2026-05-01T08:34:04","modified_gmt":"2026-05-01T11:34:04","slug":"de-goleador-a-entrenador-la-nueva-vida-del-tanque-santiago-silva-no-me-retire-soy-un-futbolista-eterno","status":"publish","type":"post","link":"https:\/\/boomdenoticias.com\/?p=47234","title":{"rendered":"De goleador a entrenador, la nueva vida del Tanque Santiago Silva: \u201cNo me retir\u00e9, soy un futbolista eterno\u201d"},"content":{"rendered":"<div class=\"sc-45461e9c-0 eqiBeF container-text text-embed \">\n<p><strong>Santiago Silva<\/strong> no sigue jugando al f\u00fatbol porque lo dejaron de llamar de los clubes. Sus <strong>45 a\u00f1os <\/strong>no tienen que ver con el punto final. Asumi\u00f3 el retiro cuando se dio cuenta de que ya no suced\u00eda lo mismo de siempre y los entrenadores o empresarios ya no llegaban con propuestas de distintos colores. Nunca dej\u00f3 de entrenarse y, si alguno lo llamara hoy, podr\u00eda presentarse ma\u00f1ana para ponerse a la par de un grupo. Pero ahora espera que la demanda de su existencia lo ponga al frente de un plantel. El <strong><em>Tanque<\/em><\/strong> quiere ser <strong>director t\u00e9cnico <\/strong>y para poner en valor su t\u00edtulo habilitante ya eligi\u00f3 ayudante y preparador f\u00edsico. <strong>Es cuesti\u00f3n de encontrar la oportunidad<\/strong>.<\/p>\n<\/div>\n<div class=\"sc-45461e9c-0 eqiBeF container-text text-embed \">\n<p>Por oficio, desarroll\u00f3 algo as\u00ed como un m\u00e9todo para potenciar delanteros. Observ\u00f3 que en tiempos de campeonatos de 19 fechas, los goleadores orillaban los 20 goles mientras que en la actualidad, promedia una docena. Cree que en la ra\u00edz de los bloqueos se cruzan las distintas redes sociales que erosionan la salud mental. &#8220;<strong>Hay un tema de salud mental que ha desvanecido al jugador de f\u00fatbol, en las redes sociales<\/strong>, cualquiera dice cualquier cosa sin tener un aval: en un momento bueno te llevan al espacio y de repente est\u00e1s en el suelo. Tengo herramientas para darles a los jugadores, a los delanteros principalmente, para que en el momento indicado sepan abordar la situaci\u00f3n y que la frustraci\u00f3n sea corta, quit\u00e1rsela&#8221;, le cuenta a <strong><em>Clar\u00edn<\/em> <\/strong>sobre su sistema.<\/p>\n<\/div>\n<div class=\"sc-98b114a2-0 bkqiHH image-embed  image-embed \"><img fetchpriority=\"high\" decoding=\"async\" alt=\"Silva despunta el vicio y juega con una pelota. Fotos: Pablo El\u00edas\" loading=\"eager\" width=\"720\" height=\"480\" data-nimg=\"1\" src=\"https:\/\/www.clarin.com\/img\/2026\/04\/25\/3KQQ6fkvs_720x0__1.jpg\" \/><span class=\"epigraphe\" aria-hidden=\"true\">Silva despunta el vicio y juega con una pelota. Fotos: Pablo El\u00edas<\/span><span class=\"picture-open\"><button class=\"open-image\" aria-label=\"Open Image\"><\/button><\/span><\/div>\n<div class=\"sc-45461e9c-0 eqiBeF container-text text-embed \">\n<p>Silva sabe de las dos cosas, de goles y de la voracidad de los pensamientos en momentos dif\u00edciles. Se puede jactar de haber sido campe\u00f3n y goleador m\u00e1s de una vez y de haber vuelto de una sanci\u00f3n por sus valores de testosterona en un control antidoping. Fue goleador y campe\u00f3n con <strong>Banfield <\/strong>antes de regresar a <strong>V\u00e9lez <\/strong>y lograr ese mismo combo. Con ese envi\u00f3n fue a la <strong>Fiorentina<\/strong>, pero volvi\u00f3 r\u00e1pido porque le propusieron el gran desaf\u00edo de ponerse la camiseta que hab\u00eda quedado vacante en <strong>Boca <\/strong>luego del retiro de <strong>Mart\u00edn Palermo. <\/strong>Tras ser campe\u00f3n de la <strong>Copa Argentina, <\/strong>sigui\u00f3 su camino en <strong>Lan\u00fas <\/strong>y alz\u00f3 la <strong>Sudamericana <\/strong>para convertirse en el \u00fanico futbolista campe\u00f3n con los rivales del <strong>Cl\u00e1sico del Sur<\/strong>. Estaba en boca de todos, menos en la de la Selecci\u00f3n de Uruguay, tapado siempre por otros delanteros con buen presente en Europa. <strong>Esa es una cicatriz que le dej\u00f3 el f\u00fatbol.<\/strong><\/p>\n<\/div>\n<div class=\"sc-45461e9c-0 eqiBeF container-text text-embed \">\n<p>Antes de entender que se hab\u00eda consumado el retiro, intent\u00f3 una tercera vez en el <strong><em>Taladro <\/em><\/strong>que, adem\u00e1s de goles, necesitaba una cabeza que pensara dentro de la cancha y absorbiera la presi\u00f3n que le ca\u00eda a un piber\u00edo que peleaba -como ahora- la permanencia. Pero no hubo inter\u00e9s y por primera vez tuvo que pensar en ganarse la vida sin hacer goles.<\/p>\n<\/div>\n<div class=\"sc-45461e9c-0 eqiBeF container-text text-embed \">\n<p><strong>-\u00bfSe extra\u00f1a hacer y festejar goles?<\/strong><\/p>\n<\/div>\n<div class=\"sc-45461e9c-0 eqiBeF container-text text-embed \">\n<p>-Lo extra\u00f1o. \u00bfQu\u00e9 es lo m\u00e1s hermoso del f\u00fatbol? El gol. Dar\u00eda cualquier cosa por volver a jugar, cualquier cosa por volver a sentir esa sensaci\u00f3n. Lo veo, lo visualizo cuando veo a los equipos de f\u00fatbol, veo, veo&#8230; me visualizo dentro. Lo sigo sintiendo. A m\u00ed se me hizo muy dif\u00edcil poder dejar al f\u00fatbol a un costado. M\u00e1s all\u00e1 de que me retir\u00e9 cuando yo quise&#8230; O no, a ver c\u00f3mo lo digo: no me retir\u00e9, yo digo que voy a ser siempre un futbolista eterno, m\u00e1s all\u00e1 de que claramente hay un final.<\/p>\n<\/div>\n<div class=\"sc-98b114a2-0 bkqiHH image-embed  image-embed \"><img decoding=\"async\" alt=\"Ser o no ser... Silva ya no piensa solo en hacer goles. Foto: Pablo El\u00edas\" loading=\"eager\" width=\"720\" height=\"480\" data-nimg=\"1\" src=\"https:\/\/www.clarin.com\/img\/2026\/04\/30\/1nbB3vfBj_720x0__1.jpg\" \/><span class=\"epigraphe\" aria-hidden=\"true\">Ser o no ser&#8230; Silva ya no piensa solo en hacer goles. Foto: Pablo El\u00edas<\/span><span class=\"picture-open\"><button class=\"open-image\" aria-label=\"Open Image\"><\/button><\/span><\/div>\n<div class=\"sc-45461e9c-0 eqiBeF container-text text-embed \">\n<p><strong>-Si te llaman hoy para volver, \u00bfvolv\u00e9s?<\/strong><\/p>\n<\/div>\n<div class=\"sc-45461e9c-0 eqiBeF container-text text-embed \">\n<p>-Me entreno todos los d\u00edas, pero no es solamente eso. La realidad es que uno ya tiene una edad avanzada para lo que es el f\u00fatbol, pero en mis locuras sue\u00f1o que puedo volver. Juego al f\u00fatbol, me invitan y lo hago de la misma manera, lo sigo sintiendo, aunque sea un f\u00fatbol 5, de 11&#8230; Siempre con esa disciplina y con esa mentalidad ganadora.<\/p>\n<\/div>\n<div class=\"sc-45461e9c-0 eqiBeF container-text text-embed \">\n<p><strong>-Con esa mentalidad, \u00bfc\u00f3mo viv\u00eds esos momentos que dijiste que fueron malos?<\/strong><\/p>\n<\/div>\n<div class=\"sc-45461e9c-0 eqiBeF container-text text-embed \">\n<p>-Tuve cuatro o cinco momentos malos en mi carrera. Malos como marrar un penal, como pelear el descenso o, simplemente, no poder meterla. Siempre me gusta hablar de lo malo, porque lo malo es lo que te hace salir a redoblar el esfuerzo, de ser un jugador o una persona resiliente. Siempre enfoqu\u00e9 las cosas en lo malo, para despu\u00e9s acordarme c\u00f3mo salir adelante y ser un tipo m\u00e1s positivo en ciertos momentos. Yo resalto much\u00edsimo una palabra que la llevo hasta el d\u00eda de hoy: equilibrio. Fui muy equilibrado con mi carrera. Muchas veces ganaba, hac\u00eda goles y yo me manten\u00eda de la misma forma, ni tan-tan ni tan poco.<\/p>\n<\/div>\n<div class=\"sc-45461e9c-0 eqiBeF container-text text-embed \">\n<p><strong>-\u00bfTe pusiste a pensar qu\u00e9 pas\u00f3 que no pas\u00f3 en la Selecci\u00f3n?<\/strong><\/p>\n<\/div>\n<div class=\"sc-45461e9c-0 eqiBeF container-text text-embed \">\n<p>-Con el tiempo uno va analizando y pensando. Me toc\u00f3 tener una camada adelante muy, pero muy buena, en la selecci\u00f3n uruguaya, \u00bfno? (Luis) Su\u00e1rez, (Edinson) Cavani, (Sebasti\u00e1n) Abreu, (Diego) Forl\u00e1n&#8230; Entonces ya hab\u00eda una estructura armada en ese momento, pero, bueno, yo estaba en un gran momento. Tuve 4 o 5 a\u00f1os en un momento muy, pero muy, bueno, porque puedo describirlo. Banfield, campe\u00f3n, goleador; V\u00e9lez, campe\u00f3n y goleador. Me voy a Italia de la Argentina al a\u00f1o, vuelvo a Boca, campe\u00f3n de la Copa Argentina, jugando una final de Copa Libertadores. Me voy a Lan\u00fas, campe\u00f3n de la Sudamericana. Entonces queda ese sabor amargo&#8230; Es no haberla sentido en el mejor momento. Porque si hubiese sido argentino me hubiesen citado, como le pas\u00f3 a un mont\u00f3n de jugadores que fueron citados por su gran momento. No pude sentirla como para decir: <em>\u2018Bueno, est\u00e1 o no est\u00e1. Listo, ya est\u00e1&#8217;.<\/em> Queda eso, queda esa cicatriz.<\/p>\n<\/div>\n<div class=\"sc-45461e9c-0 eqiBeF container-text text-embed \">\n<p><strong>-\u00bfFue un mito eso de que te iban a llamar a la Selecci\u00f3n Argentina?<\/strong><\/p>\n<\/div>\n<div class=\"sc-45461e9c-0 eqiBeF container-text text-embed \">\n<p>-Existi\u00f3. Me comentaron eso mismo. No s\u00e9 c\u00f3mo fue la pregunta, pero el director t\u00e9cnico de la Selecci\u00f3n, que era (Sergio) Batista, dijo que el mejor nueve del f\u00fatbol argentino era yo. No llegu\u00e9 a hablar con \u00e9l, pero estaba todo para que se pudiera dar. Por ah\u00ed del lado de Uruguay eso doli\u00f3.<\/p>\n<\/div>\n<div class=\"sc-98b114a2-0 bkqiHH image-embed  image-embed \"><img decoding=\"async\" alt=\"Foto Pablo El\u00edas\/ CLARIN\" loading=\"eager\" width=\"720\" height=\"480\" data-nimg=\"1\" src=\"https:\/\/www.clarin.com\/img\/2026\/04\/30\/gazLIXgU0_720x0__1.jpg\" \/><span class=\"epigraphe\" aria-hidden=\"true\">Foto Pablo El\u00edas\/ CLARIN<\/span><span class=\"picture-open\"><button class=\"open-image\" aria-label=\"Open Image\"><\/button><\/span><\/div>\n<div class=\"sc-45461e9c-0 eqiBeF container-text text-embed \">\n<p><strong>-Si te convocaban \u00bfhac\u00edas la ciudadan\u00eda, te hubiera gustado?<\/strong><\/p>\n<\/div>\n<div class=\"sc-45461e9c-0 eqiBeF container-text text-embed \">\n<p>-Claramente, s\u00ed. Me hubiese encantado sentir algo en la Selecci\u00f3n, independientemente del lado de la orilla. Hace muchos a\u00f1os vivo en Argentina, amo Argentina, mi mujer es argentina, tengo una hija argentina y otra uruguaya. Es un pa\u00eds que amo, que quiero mucho y que me siento muy pero muy querido con la gente.<\/p>\n<\/div>\n<div class=\"sc-45461e9c-0 eqiBeF container-text text-embed \">\n<p><strong>-\u00bfC\u00f3mo viviste cuando lleg\u00f3 el momento de Boca?<\/strong><\/p>\n<\/div>\n<div class=\"sc-45461e9c-0 eqiBeF container-text text-embed \">\n<p>-Por mi forma de jugar y por lo que demostr\u00e9 en Banfield, en V\u00e9lez y y\u00e9ndome a Italia, no hablo de merecimiento, hab\u00eda hecho el esfuerzo para estar en un grande. Tuve que tomar una decisi\u00f3n bastante compleja: yo estaba muy bien en Italia, si bien no estaba jugando, ten\u00eda tres a\u00f1os de contrato con 31 a\u00f1os y tom\u00e9 la decisi\u00f3n de venir a Boca. Fue lo m\u00e1s hermoso que me pudo haber pasado.<\/p>\n<\/div>\n<div class=\"sc-98b114a2-0 bkqiHH image-embed  image-embed \"><img decoding=\"async\" alt=\"El Tanque en Boca, lleg\u00f3 tras el retiro de Mart\u00edn Palermo. Foto: Gustavo Ortiz. \" loading=\"eager\" width=\"720\" height=\"480\" data-nimg=\"1\" src=\"https:\/\/www.clarin.com\/img\/2026\/04\/25\/46TE8lKCP_720x0__1.jpg\" \/><span class=\"epigraphe\" aria-hidden=\"true\">El Tanque en Boca, lleg\u00f3 tras el retiro de Mart\u00edn Palermo. Foto: Gustavo Ortiz. <\/span><span class=\"picture-open\"><button class=\"open-image\" aria-label=\"Open Image\"><\/button><\/span><\/div>\n<div class=\"sc-45461e9c-0 eqiBeF container-text text-embed \">\n<p><strong>-\u00bfQu\u00e9 tiene de distinto ser jugador de Boca?<\/strong><\/p>\n<\/div>\n<div class=\"sc-45461e9c-0 eqiBeF container-text text-embed \">\n<p>-Es maravilloso porque ser jugador de una instituci\u00f3n de la magnitud que es Boca te lleva por ah\u00ed a no darte cuenta o a no poder disfrutarlo en el momento. Porque est\u00e1s tan comprometido y tan compenetrado en lo que es ese mundo que no pod\u00e9s tener un traspi\u00e9 donde sea: ni tomando un caf\u00e9 como estamos ac\u00e1. Hay que ser y parecer: ser de verdad, para el que no te conoce, \u00bfme entend\u00e9s? Y despu\u00e9s, la sensaci\u00f3n de que sos 24 horas jugador de Boca: cuando vas a entrenarte, cuando lleg\u00e1s a tu casa, cuando vas a buscar la nena del colegio, cuando vas a cenar. Entonces, eso te lleva a que tu comportamiento sea cien por ciento profesional. Despu\u00e9s de lo vivido, creo que no cualquier jugador puede jugar en Boca. Hay un tema de personalidad, de mentalidad, hay un tema claramente futbol\u00edstico, sino no lleg\u00e1s. Estoy orgulloso de haber vivido esa sensaci\u00f3n y de acordarme a cada instante de situaciones que me tocaron vivir y decir \u2018epa\u2019. El momento no se disfruta tanto como cuando se vuelve recuerdo. Ah\u00ed no hay vueltas. Y m\u00e1s&#8230; Hoy te lo digo luminoso, as\u00ed, con los ojos as\u00ed: estoy orgulloso, orgulloso de verdad de haber vestido una camiseta tan pero tan grande mundialmente.<\/p>\n<\/div>\n<div class=\"sc-45461e9c-0 eqiBeF container-text text-embed \">\n<p><strong>-\u00bfSe te viene alguna imagen as\u00ed en particular para describir eso que dec\u00eds?<\/strong><\/p>\n<\/div>\n<div class=\"sc-45461e9c-0 eqiBeF container-text text-embed \">\n<p>-Se me viene la Bombonera estando adentro, agradeci\u00e9ndole a Dios como hac\u00eda en cada uno de mis partidos cuando sal\u00eda a la cancha. Sal\u00eda a la cancha y le agradec\u00eda a Dios estar disfrutando ese momento. Lo hac\u00eda en Newell&#8217;s, que fue mi primer equipo de Argentina, como Aldosivi, que fue en el \u00faltimo. Hoy ya no lo disfruto, solo lo recuerdo.<\/p>\n<\/div>\n<div class=\"sc-98b114a2-0 bkqiHH image-embed  image-embed \"><img decoding=\"async\" alt=\"Santiago Silva hoy. Foto: Pablo El\u00edas\" loading=\"eager\" width=\"720\" height=\"480\" data-nimg=\"1\" src=\"https:\/\/www.clarin.com\/img\/2026\/04\/25\/1uM-VUWsw_720x0__1.jpg\" \/><span class=\"epigraphe\" aria-hidden=\"true\">Santiago Silva hoy. Foto: Pablo El\u00edas<\/span><span class=\"picture-open\"><button class=\"open-image\" aria-label=\"Open Image\"><\/button><\/span><\/div>\n\n<h2>El Tanque Silva, en modo DT<\/h2>\n<div class=\"sc-45461e9c-0 eqiBeF container-text text-embed \">\n<p>En el horizonte de Silva la responsabilidad de la conducci\u00f3n t\u00e9cnica y est\u00e1 ansioso porque llegue el momento. Se promueve \u00e9l personalmente, como un relacionista p\u00fablico de s\u00ed mismo y cuando lo habla con directivos o empresarios les recuerda: \u2018ahora soy entrenador\u2019.<\/p>\n<\/div>\n<div class=\"sc-45461e9c-0 eqiBeF container-text text-embed \">\n<p><strong>-\u00bfQu\u00e9 tipo de equipo vamos a ver cuando dirijas uno?<\/strong><\/p>\n<\/div>\n<div class=\"sc-45461e9c-0 eqiBeF container-text text-embed \">\n<p>-He seguido mucho Argentinos Juniors en su momento con (Gabriel) Heinze, con Nico (Diez), (Gabriel) Milito. Me gusta intentar jugar. Yo considero que la mejor t\u00e1ctica de f\u00fatbol son tus jugadores y la capacidad de entender, no lo que yo diga, sino lo que pide el partido. Es muy dif\u00edcil, porque hoy en el f\u00fatbol argentino se prioriza la intensidad. Me gusta mucho el 3-5-2 o el 3-5-1-1, seg\u00fan qu\u00e9 jugadores uno pueda tener. \u00bfUn perfil? Un t\u00e9cnico como fui de jugador: bastante inquieto ah\u00ed en el banco de suplentes, un estilo Simeone, una cosa as\u00ed, siempre intentando buscar lo positivo para mis jugadores.<\/p>\n<\/div>\n<div class=\"sc-45461e9c-0 eqiBeF container-text text-embed \">\n<p><strong>-\u00bfY te da ganas de arrancar como cabeza de grupo? \u00bfNo pensaste en un comienzo como ayudante?<\/strong><\/p>\n<\/div>\n<div class=\"sc-45461e9c-0 eqiBeF container-text text-embed \">\n<p>-No, me gustar\u00eda como cabeza de grupo. Viste que hoy se ensamblan varios cuerpos t\u00e9cnicos que por ah\u00ed no estaban armados. No s\u00e9, (Julio) Falcioni llam\u00f3 a (Leandro) Somoza. (Miguel \u00c1ngel) Russo se nos fue para arriba y qued\u00f3 el ayudante (Claudio \u00dabeda). Hay muchos acoplamientos, pero me gustar\u00eda arrancar solo.<\/p>\n<\/div>\n<div class=\"sc-45461e9c-0 eqiBeF container-text text-embed \">\n<p><strong>-\u00bfTe gusta el f\u00fatbol argentino?<\/strong><\/p>\n<\/div>\n<div class=\"sc-45461e9c-0 eqiBeF container-text text-embed \">\n<p>-Miro el f\u00fatbol argentino, me gusta. El f\u00fatbol argentino me gusta desde que tengo uso de raz\u00f3n, futbol\u00edsticamente, a los 12 o 13 a\u00f1os. Me encanta el f\u00fatbol argentino, pero hay un cambio absoluto. Cuando a nosotros nos tocaba jugar, eran 18 equipos (sic) y hoy hay 30. Entiendo que puede haber m\u00e1s oportunidades, porque cualquier equipo menor, no voy a dar nombres, tiene m\u00e1s oportunidades y m\u00e1s visibilidad para vender jugadores y para competir. Pero estos campeonatos de 30, realmente no me gustan. Hay equipos que no est\u00e1n preparados para estar ni futbol\u00edsticamente ni estructuralmente. Adem\u00e1s hoy en d\u00eda entr\u00f3 todo en las redes sociales, el streaming y como que se ha deteriorado un poco el concepto del f\u00fatbol real.<\/p>\n<\/div>\n<div class=\"sc-45461e9c-0 eqiBeF container-text text-embed \">\n<p><strong>-\u00bfY el VAR ayuda a que se deteriore un poquito el concepto del f\u00fatbol real?<\/strong><\/p>\n<\/div>\n<div class=\"sc-45461e9c-0 eqiBeF container-text text-embed \">\n<p>-Y hablamos de esta modernidad que ha tra\u00eddo bastantes atrasos, por lo menos ac\u00e1, no s\u00e9 en otros lugares. Pero en otros lugares, (la revisi\u00f3n) pasa mucho m\u00e1s r\u00e1pido. Inglaterra es todo m\u00e1s r\u00e1pido. \u2018Es esto, fue esto, entr\u00f3 la pelota, no entr\u00f3\u2019, ya est\u00e1. Pero tambi\u00e9n los jugadores argentinos son muy competitivos, entonces entra la pelea con el \u00e1rbitro, la pelea con el VAR, toda esa discusi\u00f3n que hace que por ah\u00ed, en vez de jugar 50 minutos totales en los partidos, se juegan 40&#8230; Se juega un tiempo solo o menos y despu\u00e9s se discute, se analiza y se ve y no entend\u00e9s.<\/p>\n<\/div>\n<div class=\"sc-45461e9c-0 eqiBeF container-text text-embed \">\n<p><strong>-Se habla mucho tambi\u00e9n de que algunos \u00e1rbitros no est\u00e1n tan ajustados al reglamento, o se ajustan de diferente manera, por decirlo de alg\u00fan modo. \u00bfQu\u00e9 ves vos de eso?<\/strong><\/p>\n<\/div>\n<div class=\"sc-45461e9c-0 eqiBeF container-text text-embed \">\n<p>&#8211; Yo siempre que me toc\u00f3 jugar siempre me peleaba de buena forma, siempre con respeto, con los \u00e1rbitros y siempre tuve buena relaci\u00f3n con todos, excepto con alguno que otro que era insoportable&#8230;<\/p>\n<\/div>\n<div class=\"sc-45461e9c-0 eqiBeF container-text text-embed \">\n<p><strong>-\u00bfCon qui\u00e9n te peleabas mucho?<\/strong><\/p>\n<\/div>\n<div class=\"sc-45461e9c-0 eqiBeF container-text text-embed \">\n<p>-No me acuerdo ahora el apellido. Ahora est\u00e1 medio desaparecido, lo guardaron un poco, me parece. Tuvo problemas con todos, <strong>uno muy arrogante.<\/strong><\/p>\n<\/div>\n<div class=\"sc-45461e9c-0 eqiBeF container-text text-embed \">\n<p><strong>-\u00bfFernando Espinoza?<\/strong><\/p>\n<\/div>\n<div class=\"sc-45461e9c-0 eqiBeF container-text text-embed \">\n<p>Ese, s\u00ed. Uno entiende que se pueden equivocar&#8230; Despu\u00e9s entran cosas que se vienen hablando respecto a los \u00e1rbitros, pero yo lo \u00fanico que puedo decir es que, efectivamente, un \u00e1rbitro puede incidir en un resultado. Much\u00edsimo. Si lo hacen o no lo hacen, no lo s\u00e9. No soy nadie para decirlo, pero un \u00e1rbitro s\u00ed puede incidir en un resultado. Dejo a criterio de cada uno que diga lo que quiera, lo que piense. Yo no tuve ning\u00fan problema o por lo menos no me di cuenta de nada. Pero realmente uno ve algunas jugadas acertadas y otras no&#8230; Bueno, es parte de todo lo que estamos viviendo.<\/p>\n<\/div>\n<div class=\"sc-45461e9c-0 eqiBeF container-text text-embed \">\n<p><strong>-Habl\u00e1s de salud mental y redes sociales en tu proyecto, \u00bfqu\u00e9 reacciones percibiste cuando pasaste a Lan\u00fas?<\/strong><\/p>\n<\/div>\n<div class=\"sc-98b114a2-0 bkqiHH image-embed  image-embed \"><img decoding=\"async\" alt=\"Santiago Silva, campe\u00f3n con Banfield en la cancha de Boca. Foto: AFP \" loading=\"eager\" width=\"720\" height=\"480\" data-nimg=\"1\" src=\"https:\/\/www.clarin.com\/img\/2026\/04\/25\/J82JT2urB_720x0__1.jpg\" \/><span class=\"epigraphe\" aria-hidden=\"true\">Santiago Silva, campe\u00f3n con Banfield en la cancha de Boca. Foto: AFP <\/span><span class=\"picture-open\"><button class=\"open-image\" aria-label=\"Open Image\"><\/button><\/span><\/div>\n<div class=\"sc-45461e9c-0 eqiBeF container-text text-embed \">\n<p>-Ganar con Banfield para m\u00ed fue algo maravilloso. Fue algo \u00fanico y me acuerdo de absolutamente todo y siempre tengo el respeto con la instituci\u00f3n y con la gente. Vivimos en una sociedad donde se critica absolutamente todo. A\u00f1os despu\u00e9s me toca ir a Lan\u00fas y salir campe\u00f3n de la Sudamericana. M\u00e1s all\u00e1 de que el primer equipo fue Banfield, Tengo el mismo respeto al hincha y al club. Un tipo que me putee a m\u00ed no me va a cambiar, eh, la mirada de lo que pueda decir la gente. Voy a la cancha de Lan\u00fas, he ido a jugar en contra de Lan\u00fas, me han recibido de maravilla. Fui a la cancha de Banfield con esta directiva, no con la anterior, y me hicieron una entrega de una camiseta. Bueno, la gente puede decir lo que se le cante. Yo respeto a las dos instituciones porque a m\u00ed me brindaron absolutamente todo y tuve la suerte y el orgullo de poder salir campe\u00f3n con las dos camisetas, planteles diferentes. Entonces, lo otro es folclore. Por ah\u00ed hay alg\u00fan insulto de alg\u00fan joven o alg\u00fan chico que por ah\u00ed no estuvo ni ten\u00eda idea de lo que pas\u00f3. Pero hoy se vive eso. Claro, cualquiera puede decir cualquier cosa.<\/p>\n<\/div>\n<div class=\"sc-45461e9c-0 eqiBeF container-text text-embed \">\n<p><strong>-\u00bfC\u00f3mo repart\u00eds el cari\u00f1o, m\u00e1s all\u00e1 de esos dos clubes?<\/strong><\/p>\n<\/div>\n<div class=\"sc-45461e9c-0 eqiBeF container-text text-embed \">\n<p>-Un poquitito de todos. A ver, uno analiza tambi\u00e9n m\u00e1s all\u00e1 del pasar por los clubes es como el hincha, \u00bfno? Cuando tiene alg\u00fan galard\u00f3n le pone alguna frutillita m\u00e1s a la torta. Me ha tocado disfrutar en diferentes instituciones que por ah\u00ed se diferencian un poco del resto. Me toca arrancar en Newell&#8217;s, hice seis, siete goles, me tuve que ir porque, bueno, en ese momento no me pagaban. Despu\u00e9s Gimnasia y Esgrima La Plata que me llama, que es un club que quiero mucho tambi\u00e9n porque me dio la posibilidad de estar un tiempito ah\u00ed y despu\u00e9s volver. Pero una instituci\u00f3n que quiero much\u00edsimo, donde hice m\u00e1s goles, es V\u00e9lez. Mir\u00e1 que poder ganarte a la gente de V\u00e9lez no es para cualquiera. Es una instituci\u00f3n muy pero muy, eh, dif\u00edcil porque estuvo y est\u00e1 acostumbrada a ganar cosas. Mir\u00e1 que en esa semifinal (de la Copa Libertadores en 2011) que yo me resbalo y err\u00f3 el penal contra Pe\u00f1arol, la gente estuvo cien por ciento al lado m\u00edo, tambi\u00e9n el club, la instituci\u00f3n, los jugadores, el cuerpo t\u00e9cnico, todos.<\/p>\n<\/div>\n<div class=\"sc-45461e9c-0 eqiBeF container-text text-embed \">\n<p><strong>-\u00bfQu\u00e9 gol eleg\u00eds como carta de presentaci\u00f3n?<\/strong><\/p>\n<\/div>\n<div class=\"sc-45461e9c-0 eqiBeF container-text text-embed \">\n<p>-No te voy a decir un gol lindo aunque me ha tocado convertir algunos goles lindos. Elijo uno de prepo, porque yo soy as\u00ed, de insistir, de ir siempre. Entonces mostrar\u00eda el gol con Boca contra Fluminense, que aparezco de no s\u00e9 de d\u00f3nde y termino empuj\u00e1ndola. No es un gol tan vistoso, pero es un gol &#8216;a lo Silva&#8217;, de persistir, de insistir. Ese gol fue un gol no tan lindo, pero es un gol que fue sumamente importante para para llegar a la final de la Copa Libertadores.<\/p>\n<\/div>\n<div class=\"sc-98b114a2-0 bkqiHH image-embed  image-embed \"><img decoding=\"async\" alt=\"Silva un festejo de gol, una postal repetida en V\u00e9lez. Foto: EFE \/ Cezaro De Luca \" loading=\"eager\" width=\"720\" height=\"480\" data-nimg=\"1\" src=\"https:\/\/www.clarin.com\/img\/2026\/04\/25\/A67xKKCJf_720x0__1.jpg\" \/><span class=\"epigraphe\" aria-hidden=\"true\">Silva un festejo de gol, una postal repetida en V\u00e9lez. Foto: EFE \/ Cezaro De Luca <\/span><span class=\"picture-open\"><button class=\"open-image\" aria-label=\"Open Image\"><\/button><\/span><\/div>\n<div class=\"sc-45461e9c-0 eqiBeF container-text text-embed \">\n<p><strong>-\u00bfC\u00f3mo era jugar con Riquelme?<\/strong><\/p>\n<\/div>\n<div class=\"sc-45461e9c-0 eqiBeF container-text text-embed \">\n<p>-Para m\u00ed era con uno de los mayores \u00eddolos. Justamente se va Mart\u00edn (Palermo) y vengo yo. Primero era tener esa mochila de Mart\u00edn, que es una mochila que va a estar toda la vida. Nadie va a superar los goles que hizo Mart\u00edn. Entonces, cuando voy a Boca, por mi forma, como dije, era el juego ideal. El cl\u00e1sico nueve de Boca es un tipo que va para adelante, que no da ninguna por perdida, que se pelea con todo el mundo, un estilo (Adam) Bareiro. Entonces, llegar y encontrarme con Rom\u00e1n fue \u00fanico: tomar mate con \u00e9l, verlo jugar, entrenar: un exquisito. Tuve el placer de compartir y de poder ganar alguna cosa con \u00e9l. Si bien no fuimos muy allegados, para m\u00ed fue extraordinario.<\/p>\n<\/div>\n<h2>El doping, la otra cicatriz<\/h2>\n<div class=\"sc-45461e9c-0 eqiBeF container-text text-embed \">\n<p>Aquella cicatriz que le dej\u00f3 la selecci\u00f3n no fue la \u00fanica herida del f\u00fatbol. Un control antidoping positivo lo sac\u00f3 de las canchas por los valores inusuales de testosterona, explicados por un tratamiento de fertilidad. Tuvo que mover el avispero para que su caso se definiera y consigui\u00f3 fichar en Argentinos, hasta que lleg\u00f3 la sanci\u00f3n que parec\u00eda marcar el final del recorrido: con 40 a\u00f1os, era el peor final. <\/p>\n<\/div>\n<div class=\"sc-45461e9c-0 eqiBeF container-text text-embed \">\n<p>\u201cNo me van a retirar\u201d, dec\u00eda entonces y as\u00ed fue. Se prepar\u00f3 para la vuelta y contagi\u00f3 a otros an\u00f3nimos y amateurs para acompa\u00f1arse en la preparaci\u00f3n f\u00edsica, en una \u00e9poca en la que \u201clloraba por los rincones\u201d. El camino sigui\u00f3 en <strong>Aldosivi <\/strong>y con sus \u00faltimos tres tantos en el <strong><em>Tibur\u00f3n<\/em> <\/strong>alcanz\u00f3 los 160 en el f\u00fatbol argentino.<\/p>\n<\/div>\n<div class=\"sc-45461e9c-0 eqiBeF container-text text-embed \">\n<p><strong>-\u00bfC\u00f3mo la pasaste con el tema de la suspensi\u00f3n y el doping?<\/strong><\/p>\n<\/div>\n<div class=\"sc-45461e9c-0 eqiBeF container-text text-embed \">\n<p>-Al principio la pas\u00e9 muy, pero muy, mal. Era un tema no solo m\u00edo, sino familiar. Entonces cuando a uno le toca la familia, porque yo estaba haciendo un tratamiento de fertilidad es feo. Fue un proceso como cualquier situaci\u00f3n fuerte que te puede tocar. Tr\u00e1gica ser\u00eda una muerte. Pero estuve muy fuerte, aunque reconozco que en los primeros meses estuve m\u00e1s complicado porque no entend\u00eda el por qu\u00e9. \u00bfQu\u00e9 hice yo para merecer esto? Hay un dicho por ah\u00ed que dice \u2018las mejores batallas van para los mejores guerreros\u2019. Bueno, yo no soy un guerrero, soy una persona. Soy un tipo que intenta salir adelante en todo momento porque los momentos malos aparecen siempre. Ese fue un golpe bajo.<\/p>\n<\/div>\n<div class=\"sc-45461e9c-0 eqiBeF container-text text-embed \">\n<p><strong>-\u00bfC\u00f3mo saliste?<\/strong><\/p>\n<\/div>\n<div class=\"sc-45461e9c-0 eqiBeF container-text text-embed \">\n<p>-Empec\u00e9 a enfocarme en m\u00ed, a indagar, conocer gente que me pudiera ayudar, porque al principio no ten\u00eda sanci\u00f3n, pero tampoco me dejaban jugar. Di una nota en un canal de televisi\u00f3n y fue el <em>boom<\/em>, como si nadie estuviese enterado de lo que me pasaba. Me llam\u00f3 todo el mundo, se generaron un par de reuniones y se dio la contraprueba y <strong>Argentinos Juniors<\/strong> se\u00f1ala el art\u00edculo de la ley que dice que toda persona sin condena puede seguir trabajando. Listo, a las dos semanas estaba jugando el f\u00fatbol. Yo hab\u00eda seguido enfocado en el entrenamiento, todos los d\u00edas con mi bolsito, yendo a entrenar solo, todos los d\u00edas, con lluvia, sol, eh viento o fr\u00edo. Despu\u00e9s me dan una fecha pasada el a\u00f1o y medio, una cosa as\u00ed, y termin\u00e9 enfocado en que se venciera el plazo para volver.<\/p>\n<\/div>\n<div class=\"sc-45461e9c-0 eqiBeF container-text text-embed \">\n<p><strong>-\u00bfC\u00f3mo fueron esos d\u00edas?<\/strong><\/p>\n<\/div>\n<div class=\"sc-45461e9c-0 eqiBeF container-text text-embed \">\n<p>-Con mucha gente desconocida metida en el f\u00fatbol. Gente oscura&#8230; Un d\u00eda, un juez que est\u00e1 metido en el f\u00fatbol, que tiene alg\u00fan equipito en Chile, me dice: &#8216;\u00bfVos sabes lo que hiciste Santiago?\u2019 Fue una reuni\u00f3n bastante compleja, porque ese tipo no sab\u00eda si yo me cruzaba la mesa y le arrancaba la cabeza o no. \u00bfQu\u00e9 queda de bueno de eso m\u00e1s all\u00e1 de lo negativo? Primero que nada crec\u00ed como persona, crec\u00ed como padre, crec\u00ed como jugador. Mi cabeza se fortaleci\u00f3. Me levantaba todos los d\u00edas como si fuera a entrenar a cualquier club de los que me ha tocado. Agarraba mi matera, me iba, entrenaba, arranqu\u00e9 entrenando solo, me armaba mis circuitos. De repente aparecen dos o tres chicos porque sub\u00ed alguna cosita en redes sociales para que me vieran entrenando y me dicen \u2018queremos entrenar con vos\u2019. Eran amateurs y los primeros entrenamientos, te podr\u00e1s imaginar, eran diferentes, totalmente diferentes. Con el tiempo empec\u00e9 a entender que ellos me quer\u00edan ayudar y que yo los ayudara a ellos. Fui forjando un camino en ese en ese tiempo. Termin\u00e9 con 30 o 35 tipos entrenando, cinco o seis profesionales. Yo era el profe, era el t\u00e9cnico&#8230;<\/p>\n<\/div>\n<div class=\"sc-45461e9c-0 eqiBeF container-text text-embed \">\n<p><strong>-\u00bfAh\u00ed empez\u00f3 a prender la semillita del DT?<\/strong><\/p>\n<\/div>\n<div class=\"sc-45461e9c-0 eqiBeF container-text text-embed \">\n<p>&#8211; Claro. Ah\u00ed ya hab\u00eda terminado el curso, me recib\u00ed antes de la pandemia, o durante. Pero ah\u00ed fortalec\u00ed un mont\u00f3n de cosas y me gust\u00f3. Me autoexig\u00ed, los exig\u00ed a ellos para que crecieran. Al principio era cualquier cosa, al mes era otra y a los dos meses parec\u00edan profesionales. Los empec\u00e9 a trabajar no solamente t\u00e9cnicamente, sino mentalmente. Fue una experiencia muy buena dentro de todo lo malo. Realmente la \u00fanica persona que sabe lo que vivi\u00f3 fui yo. Lloraba por los rincones, no ten\u00eda ganas, la motivaci\u00f3n iba y volv\u00eda<\/p>\n<\/div>\n<div class=\"sc-45461e9c-0 eqiBeF container-text text-embed \">\n<p><strong>-\u00bfY la vuelta a Aldosivi?<\/strong><\/p>\n<\/div>\n<div class=\"sc-45461e9c-0 eqiBeF container-text text-embed \">\n<p>&#8211; Me llama Mart\u00edn (Palermo), no nos conoc\u00edamos, aunque nos cruzamos un mont\u00f3n de veces en cancha. Me pregunta: \u2018\u00bfC\u00f3mo est\u00e1s?\u2019 Le digo que espectacular, le di detalles de lo que me pasaba, que esto, lo otro, pero en un momento le planteo: \u2018No me quedo tranquilo con lo que te digo, necesito que me veas\u2019. Me imagino que se sorprendi\u00f3. Le agradezco hasta el d\u00eda de hoy por haberme llamado.<\/p>\n<\/div>\n<div class=\"sc-45461e9c-0 eqiBeF container-text text-embed \">\n<p>&#8211; <strong>Y ah\u00ed se acab\u00f3 el futbolista&#8230; \u00bfte qued\u00f3 el contacto de Riquelme? Le pod\u00e9s dejar el curr\u00edculum y empezar en Boca como DT&#8230;<\/strong><\/p>\n<\/div>\n<div class=\"sc-45461e9c-0 eqiBeF container-text text-embed \">\n<p>-\u00a1Eh! Es muy dif\u00edcil. Me veo en alg\u00fan futuro, s\u00ed, claro. Se trata de algo simb\u00f3lico y tan grande que vos dec\u00eds, \u2018Bueno, par\u00e1, par\u00e1, tengamos primero algunos pasos&#8217;. Va a faltar mucho para ir a Boca. Van a faltar 4 o 5 a\u00f1os. Boca te demanda mucho. M\u00e1s all\u00e1 de que todo es tan r\u00e1pido, uno nunca sabe, pero bueno, lo veo en alg\u00fan futuro.<\/p>\n<\/div>\n<p><strong><a href=\"https:\/\/blockads.fivefilters.org\/\">Adblock test<\/a><\/strong> <a href=\"https:\/\/blockads.fivefilters.org\/acceptable.html\">(Why?)<\/a><\/p>","protected":false},"excerpt":{"rendered":"<p>Santiago Silva no sigue jugando al f\u00fatbol porque lo dejaron de llamar de los clubes. Sus 45 a\u00f1os no tienen&hellip;<\/p>\n","protected":false},"author":1,"featured_media":47235,"comment_status":"closed","ping_status":"closed","sticky":false,"template":"","format":"standard","meta":{"footnotes":""},"categories":[1],"tags":[],"class_list":["post-47234","post","type-post","status-publish","format-standard","has-post-thumbnail","hentry","category-blog"],"_links":{"self":[{"href":"https:\/\/boomdenoticias.com\/index.php?rest_route=\/wp\/v2\/posts\/47234","targetHints":{"allow":["GET"]}}],"collection":[{"href":"https:\/\/boomdenoticias.com\/index.php?rest_route=\/wp\/v2\/posts"}],"about":[{"href":"https:\/\/boomdenoticias.com\/index.php?rest_route=\/wp\/v2\/types\/post"}],"author":[{"embeddable":true,"href":"https:\/\/boomdenoticias.com\/index.php?rest_route=\/wp\/v2\/users\/1"}],"replies":[{"embeddable":true,"href":"https:\/\/boomdenoticias.com\/index.php?rest_route=%2Fwp%2Fv2%2Fcomments&post=47234"}],"version-history":[{"count":0,"href":"https:\/\/boomdenoticias.com\/index.php?rest_route=\/wp\/v2\/posts\/47234\/revisions"}],"wp:featuredmedia":[{"embeddable":true,"href":"https:\/\/boomdenoticias.com\/index.php?rest_route=\/wp\/v2\/media\/47235"}],"wp:attachment":[{"href":"https:\/\/boomdenoticias.com\/index.php?rest_route=%2Fwp%2Fv2%2Fmedia&parent=47234"}],"wp:term":[{"taxonomy":"category","embeddable":true,"href":"https:\/\/boomdenoticias.com\/index.php?rest_route=%2Fwp%2Fv2%2Fcategories&post=47234"},{"taxonomy":"post_tag","embeddable":true,"href":"https:\/\/boomdenoticias.com\/index.php?rest_route=%2Fwp%2Fv2%2Ftags&post=47234"}],"curies":[{"name":"wp","href":"https:\/\/api.w.org\/{rel}","templated":true}]}}