{"id":47214,"date":"2026-04-30T20:33:57","date_gmt":"2026-04-30T23:33:57","guid":{"rendered":"https:\/\/boomdenoticias.com\/?p=47214"},"modified":"2026-04-30T20:33:57","modified_gmt":"2026-04-30T23:33:57","slug":"epec-comunico-cerca-de-una-decena-de-cortes-en-cordoba-para-el-fin-de-semana","status":"publish","type":"post","link":"https:\/\/boomdenoticias.com\/?p=47214","title":{"rendered":"Epec comunic\u00f3 cerca de una decena de cortes en C\u00f3rdoba para el fin de semana"},"content":{"rendered":"<div><img decoding=\"async\" src=\"https:\/\/srt-app.tadevel-cdn.com\/hostname\/www.cba24n.com.ar\/api\/v1\/image\/article\/69f3d7ce27c48e2f872454ec\/facebook?v=4fcaf80a098d27bb2ce78ffb10e12e8c&amp;s=76feb59eda4eec8275ba6db7fefa791a\" class=\"ff-og-image-inserted\" \/><\/div>\n<h4>S\u00e1bado<\/h4>\n<p><strong>C\u00f3rdoba<\/strong><\/p>\n<p>De 07:30 a 11:30. Motivo: Poda Sobre Red A\u00e9rea De Media Tensi\u00f3n. Zona afectada: El Quebrachal, zona rural por el Callej\u00f3n y Los Potreros, en forma parcial.<\/p>\n<p>De 08:00 a 09:00. Motivo: Mantenimiento En Red A\u00e9rea. Zona afectada: barrio Alto Alberdi en forma parcial.<\/p>\n<p>De 14:00 a 18:30. Motivo: Mantenimiento En C\u00e1mara Transformadora Subterr\u00e1nea. Zona afectada: \u00c1rea comprendida por las calles Caseros, Duarte Quir\u00f3s, Independencia y Obispo Trejo en forma parcial.<\/p>\n<h4>Domingo<\/h4>\n<p><strong>Pilar<\/strong><\/p>\n<p>De 07:00 a 10:30. Motivo: Mantenimiento En Red A\u00e9rea. Zona afectada: zona de Central Arturo Zanichelli, zona rural sur, sector cercano al basural y sector industrial acceso Ruta 9 sur.<\/p>\n<p>De 11:00 a 14:00. Motivo: Mantenimiento En Red A\u00e9rea. Zona afectada: barrio de la Central Pilar Zanichelli y zona rural aleda\u00f1a.<\/p>\n<p><strong>R\u00edo Cuarto<\/strong><\/p>\n<p>De 08:00 a 10:00. Zona afectada: barrios Aut\u00f3dromo, Cancha de polo, La Guillermina y Campo de Flores.<\/p>\n<p><strong>C\u00f3rdoba<\/strong><\/p>\n<p>De 08:00 a 11:30. Motivo: Mantenimiento En Red A\u00e9rea. Zona afectada: barrio Parque Montecristo en forma parcial.<\/p>\n<p><strong>R\u00edo Segundo<\/strong><\/p>\n<p>De 11:00 a 14:00. Motivo: Mantenimiento En Red A\u00e9rea. Zona afectada: zona industrial sobre autopista C\u00f3rdoba &#8211; Rosario, hasta acceso por autopista a Rio Segundo.<\/p>\n<p><strong><a href=\"https:\/\/blockads.fivefilters.org\/\">Adblock test<\/a><\/strong> <a href=\"https:\/\/blockads.fivefilters.org\/acceptable.html\">(Why?)<\/a><\/p>","protected":false},"excerpt":{"rendered":"<p>S\u00e1bado C\u00f3rdoba De 07:30 a 11:30. Motivo: Poda Sobre Red A\u00e9rea De Media Tensi\u00f3n. Zona afectada: El Quebrachal, zona rural&hellip;<\/p>\n","protected":false},"author":1,"featured_media":47215,"comment_status":"closed","ping_status":"closed","sticky":false,"template":"","format":"standard","meta":{"footnotes":""},"categories":[1],"tags":[],"class_list":["post-47214","post","type-post","status-publish","format-standard","has-post-thumbnail","hentry","category-blog"],"_links":{"self":[{"href":"https:\/\/boomdenoticias.com\/index.php?rest_route=\/wp\/v2\/posts\/47214","targetHints":{"allow":["GET"]}}],"collection":[{"href":"https:\/\/boomdenoticias.com\/index.php?rest_route=\/wp\/v2\/posts"}],"about":[{"href":"https:\/\/boomdenoticias.com\/index.php?rest_route=\/wp\/v2\/types\/post"}],"author":[{"embeddable":true,"href":"https:\/\/boomdenoticias.com\/index.php?rest_route=\/wp\/v2\/users\/1"}],"replies":[{"embeddable":true,"href":"https:\/\/boomdenoticias.com\/index.php?rest_route=%2Fwp%2Fv2%2Fcomments&post=47214"}],"version-history":[{"count":0,"href":"https:\/\/boomdenoticias.com\/index.php?rest_route=\/wp\/v2\/posts\/47214\/revisions"}],"wp:featuredmedia":[{"embeddable":true,"href":"https:\/\/boomdenoticias.com\/index.php?rest_route=\/wp\/v2\/media\/47215"}],"wp:attachment":[{"href":"https:\/\/boomdenoticias.com\/index.php?rest_route=%2Fwp%2Fv2%2Fmedia&parent=47214"}],"wp:term":[{"taxonomy":"category","embeddable":true,"href":"https:\/\/boomdenoticias.com\/index.php?rest_route=%2Fwp%2Fv2%2Fcategories&post=47214"},{"taxonomy":"post_tag","embeddable":true,"href":"https:\/\/boomdenoticias.com\/index.php?rest_route=%2Fwp%2Fv2%2Ftags&post=47214"}],"curies":[{"name":"wp","href":"https:\/\/api.w.org\/{rel}","templated":true}]}}