{"id":47212,"date":"2026-04-30T20:32:24","date_gmt":"2026-04-30T23:32:24","guid":{"rendered":"https:\/\/boomdenoticias.com\/?p=47212"},"modified":"2026-04-30T20:32:24","modified_gmt":"2026-04-30T23:32:24","slug":"otra-derrota-el-congreso-brasileno-revoco-el-veto-de-lula-da-silva-y-podra-reducir-la-pena-de-jair-bolsonaro-por-el-intento-de-golpe-de-estado","status":"publish","type":"post","link":"https:\/\/boomdenoticias.com\/?p=47212","title":{"rendered":"Otra derrota: el Congreso brasile\u00f1o revoc\u00f3 el veto de Lula da Silva y podr\u00e1 reducir la pena de Jair Bolsonaro por el intento de golpe de Estado"},"content":{"rendered":"<div><img decoding=\"async\" src=\"https:\/\/www.clarin.com\/img\/2026\/04\/30\/R-mFnfV8s_2000x1500__1.jpg\" class=\"ff-og-image-inserted\" \/><\/div>\n<div>\n<p>El Congreso de Brasil infligi\u00f3 una segunda derrota en menos de 24 horas al presidente Luiz In\u00e1cio Lula da Silva<strong>, al avanzar con una ley que reducir\u00e1 la pena de prisi\u00f3n por golpismo del ex mandatario Jair Bolsonaro.<\/strong><\/p>\n<\/div>\n<div>\n<p>En la C\u00e1mara de Diputados, hubo 318 votos a favor de anular el veto y 144 en contra. En el Senado, hubo 49 votos a favor de anular el veto y 24 en contra.<\/p>\n<\/div>\n<div>\n<p>El proyecto de ley permite reducir las penas para quienes sean condenados por actos antidemocr\u00e1ticos y podr\u00eda beneficiar al menos a 280 personas, incluido el expresidente Jair Bolsonaro<\/p>\n<\/div>\n<div>\n<p>Por primera vez en varias d\u00e9cadas, el Senado <strong>rechaz\u00f3 el mi\u00e9rcoles a un candidato del presidente para la Corte Suprema,<\/strong> en una victoria para la oposici\u00f3n cuando faltan menos de seis meses para las elecciones presidenciales.<\/p>\n<\/div>\n<div>\n<p><strong>Lula vet\u00f3 en enero la ley de reducci\u00f3n de penas aprobada a fines de 2025<\/strong>, pero el Congreso brasile\u00f1o, de mayor\u00eda conservadora, tiene potestad para anular esa decisi\u00f3n.<\/p>\n<\/div>\n<div>\n<p>La llamada &#8220;ley de dosimetr\u00eda&#8221; introduce cambios en la forma de calcular tiempos de c\u00e1rcel que beneficiar\u00edan al ultraderechista Bolsonaro (2019-2022) y otros condenados por un intento de golpe de Estado contra el izquierdista Lula.<\/p>\n<\/div>\n<div>\n<p>Bolsonaro lleva poco m\u00e1s de un mes bajo arresto domiciliario por problemas de salud, pero, en teor\u00eda, <strong>sigue en prisi\u00f3n tras ser condenado a 27 a\u00f1os y tres meses por intento de golpe de Estado.<\/strong><\/p>\n<\/div>\n<div>\n<p>Seg\u00fan el Tribunal de Ejecuci\u00f3n Penal del Distrito Federal, solo podr\u00eda ser trasladado al r\u00e9gimen semiabierto en 2033.<\/p>\n<\/div>\n<div>\n<p>Los expertos estiman que, si el proyecto de ley entra en vigor,<strong> el expresidente podr\u00eda cambiar su r\u00e9gimen legal en un plazo de dos a cuatro a\u00f1os.<\/strong><\/p>\n<\/div>\n<div>\n<p>El texto impide la combinaci\u00f3n de dos delitos \u2014la abolici\u00f3n violenta del Estado de Derecho democr\u00e1tico y el golpe de Estado\u2014, estableciendo que solo se aplicar\u00e1 la pena correspondiente al delito m\u00e1s grave, <strong>con un incremento de entre un sexto y la mitad.<\/strong><\/p>\n<\/div>\n<div>\n<p>La propuesta tambi\u00e9n prev\u00e9 una reducci\u00f3n de la pena de entre uno y dos tercios cuando los delitos se cometan en un contexto de multitud, siempre que el acusado no haya financiado los actos ni haya desempe\u00f1ado un papel de liderazgo.<\/p>\n<\/div>\n<div>\n<p><strong>&#8220;Vamos a derribar el veto al proyecto de la dosimetr\u00eda&#8221;,<\/strong> areng\u00f3 en el plenario el senador Fl\u00e1vio Bolsonaro, hijo del expresidente y candidato de la derecha para enfrentar a Lula en las elecciones de octubre.<\/p>\n<\/div>\n<div>\n<p>El senador pidi\u00f3 &#8220;m\u00e1s amor&#8221; a sus contrincantes durante una sesi\u00f3n en medio de gritos, ofensas y chicanas desde ambos lados, que obligaron al presidente del plenario a silenciar los micr\u00f3fonos varias veces.<\/p>\n<\/div>\n<div>\n<p>La reducci\u00f3n de penas <strong>tambi\u00e9n favorecer\u00eda a ciudadanos presos por los hechos del 8 de enero de 2023,<\/strong> cuando manifestantes bolsonaristas destruyeron las sedes de los poderes p\u00fablicos en Brasilia, en lo que la corte interpret\u00f3 como parte del movimiento golpista.<\/p>\n<\/div>\n<div>\n<p>Aquella jornada &#8220;no fue un acto espont\u00e1neo sino un claro intento de golpe de Estado&#8221;, sostuvo este jueves en el plenario el diputado oficialista Arlindo Chinaglia.<\/p>\n<\/div>\n<div>\n<p>Las \u00faltimas encuestas muestran una paridad en la intenci\u00f3n de voto para las elecciones de octubre entre Lula, de 80 a\u00f1os, y Fl\u00e1vio Bolsonaro, de 45.<\/p>\n<\/div>\n<p><strong><a href=\"https:\/\/blockads.fivefilters.org\/\">Adblock test<\/a><\/strong> <a href=\"https:\/\/blockads.fivefilters.org\/acceptable.html\">(Why?)<\/a><\/p>","protected":false},"excerpt":{"rendered":"<p>El Congreso de Brasil infligi\u00f3 una segunda derrota en menos de 24 horas al presidente Luiz In\u00e1cio Lula da Silva,&hellip;<\/p>\n","protected":false},"author":1,"featured_media":47213,"comment_status":"closed","ping_status":"closed","sticky":false,"template":"","format":"standard","meta":{"footnotes":""},"categories":[36],"tags":[],"class_list":["post-47212","post","type-post","status-publish","format-standard","has-post-thumbnail","hentry","category-mundo"],"_links":{"self":[{"href":"https:\/\/boomdenoticias.com\/index.php?rest_route=\/wp\/v2\/posts\/47212","targetHints":{"allow":["GET"]}}],"collection":[{"href":"https:\/\/boomdenoticias.com\/index.php?rest_route=\/wp\/v2\/posts"}],"about":[{"href":"https:\/\/boomdenoticias.com\/index.php?rest_route=\/wp\/v2\/types\/post"}],"author":[{"embeddable":true,"href":"https:\/\/boomdenoticias.com\/index.php?rest_route=\/wp\/v2\/users\/1"}],"replies":[{"embeddable":true,"href":"https:\/\/boomdenoticias.com\/index.php?rest_route=%2Fwp%2Fv2%2Fcomments&post=47212"}],"version-history":[{"count":0,"href":"https:\/\/boomdenoticias.com\/index.php?rest_route=\/wp\/v2\/posts\/47212\/revisions"}],"wp:featuredmedia":[{"embeddable":true,"href":"https:\/\/boomdenoticias.com\/index.php?rest_route=\/wp\/v2\/media\/47213"}],"wp:attachment":[{"href":"https:\/\/boomdenoticias.com\/index.php?rest_route=%2Fwp%2Fv2%2Fmedia&parent=47212"}],"wp:term":[{"taxonomy":"category","embeddable":true,"href":"https:\/\/boomdenoticias.com\/index.php?rest_route=%2Fwp%2Fv2%2Fcategories&post=47212"},{"taxonomy":"post_tag","embeddable":true,"href":"https:\/\/boomdenoticias.com\/index.php?rest_route=%2Fwp%2Fv2%2Ftags&post=47212"}],"curies":[{"name":"wp","href":"https:\/\/api.w.org\/{rel}","templated":true}]}}