{"id":47210,"date":"2026-04-30T20:32:23","date_gmt":"2026-04-30T23:32:23","guid":{"rendered":"https:\/\/boomdenoticias.com\/?p=47210"},"modified":"2026-04-30T20:32:23","modified_gmt":"2026-04-30T23:32:23","slug":"el-candidato-del-gobierno-de-petro-encabeza-una-nueva-encuesta-a-un-mes-de-las-elecciones-presidenciales-en-colombia","status":"publish","type":"post","link":"https:\/\/boomdenoticias.com\/?p=47210","title":{"rendered":"El candidato del gobierno de Petro encabeza una nueva encuesta a un mes de las elecciones presidenciales en Colombia"},"content":{"rendered":"<div><img decoding=\"async\" src=\"https:\/\/www.clarin.com\/img\/2026\/04\/30\/Nu_j2JChd_2000x1500__1.jpg\" class=\"ff-og-image-inserted\" \/><\/div>\n<div>\n<p>El senador Iv\u00e1n Cepeda, candidato presidencial de la izquierda gobernante en Colombia<strong>, marcha como favorito a un mes de las elecciones del 31 de mayo, <\/strong>seg\u00fan una encuesta publicada este jueves.<\/p>\n<\/div>\n<div>\n<p>El aliado del mandatario Gustavo Petro <strong>mantiene la delantera en las predicciones desde el inicio de la campa\u00f1a electoral,<\/strong> que transcurre en medio de graves alteraciones del orden p\u00fablico por el conflicto armado.<\/p>\n<\/div>\n<div>\n<p>Una encuesta de la firma Guarumo publicada por el peri\u00f3dico <strong>El Tiempo<\/strong> indica que Cepeda <strong>cuenta con el 38% de la intenci\u00f3n de voto<\/strong>, por delante del abogado de derecha Abelardo de la Espriella (23,9 %) y la senadora opositora Paloma Valencia (22,8 %).<\/p>\n<\/div>\n<div>\n<p>El fil\u00f3sofo y defensor de derechos humanos de 63 a\u00f1os tambi\u00e9n aparece como favorito en otras encuestas publicadas en las \u00faltimas semanas.<\/p>\n<\/div>\n<div>\n<p>La medici\u00f3n del jueves indica un empate t\u00e9cnico en un eventual balotaje con De la Espriella pero una derrota con Valencia, delf\u00edn del influyente exmandatario \u00c1lvaro Uribe (2002-2010).<\/p>\n<\/div>\n<div>\n<p>Si uno de los candidatos consigue m\u00e1s del 50 % de los votos en la primera vuelta, se convertir\u00eda en presidente electo.<\/p>\n<\/div>\n<div>\n<p>Despu\u00e9s de llegar por primera vez al poder en 2022 con Petro, la izquierda se enfrenta a una nueva prueba electoral en un pa\u00eds golpeado por el repunte de la violencia.<\/p>\n<\/div>\n<div>\n<p><strong>De la Espriella y Valencia son fuertes cr\u00edticos de la pol\u00edtica del presidente Petro <\/strong>de negociar la paz con todos los grupos armados ilegales, que a cuatro meses del fin de su mandato no avanza.<\/p>\n<\/div>\n<div>\n<p>Guerrillas y grupos de origen paramilitar desafiaron esa voluntad de paz y continuaron operando gracias a las rentas del narcotr\u00e1fico, la miner\u00eda ilegal y la extorsi\u00f3n.<\/p>\n<\/div>\n<div>\n<p>El fin de semana<strong> unos rebeldes mataron con explosivos a 21 civiles<\/strong>, el ataque m\u00e1s mortal contra la poblaci\u00f3n en d\u00e9cadas.<\/p>\n<\/div>\n<div>\n<p>De la Espriella y Valencia son cr\u00edticos de la llamada &#8220;paz total&#8221; de Petro y prometen mano dura contra el crimen si llegan a la presidencia. L<strong>a derecha defiende una pol\u00edtica de persecuci\u00f3n contra los grupos armados <\/strong>como la que aplic\u00f3 Uribe junto a Estados Unidos al llegar al poder a principios de siglo.<\/p>\n<\/div>\n<div>\n<p><strong>Cepeda, en tanto, apuesta por continuar las pol\u00edticas sociales de Petro<\/strong> que durante su gobierno orden\u00f3 un aumento r\u00e9cord del salario m\u00ednimo, ampli\u00f3 los derechos de los trabajadores, entre otras reformas progresistas.<\/p>\n<\/div>\n<p><strong><a href=\"https:\/\/blockads.fivefilters.org\/\">Adblock test<\/a><\/strong> <a href=\"https:\/\/blockads.fivefilters.org\/acceptable.html\">(Why?)<\/a><\/p>","protected":false},"excerpt":{"rendered":"<p>El senador Iv\u00e1n Cepeda, candidato presidencial de la izquierda gobernante en Colombia, marcha como favorito a un mes de las&hellip;<\/p>\n","protected":false},"author":1,"featured_media":47211,"comment_status":"closed","ping_status":"closed","sticky":false,"template":"","format":"standard","meta":{"footnotes":""},"categories":[36],"tags":[],"class_list":["post-47210","post","type-post","status-publish","format-standard","has-post-thumbnail","hentry","category-mundo"],"_links":{"self":[{"href":"https:\/\/boomdenoticias.com\/index.php?rest_route=\/wp\/v2\/posts\/47210","targetHints":{"allow":["GET"]}}],"collection":[{"href":"https:\/\/boomdenoticias.com\/index.php?rest_route=\/wp\/v2\/posts"}],"about":[{"href":"https:\/\/boomdenoticias.com\/index.php?rest_route=\/wp\/v2\/types\/post"}],"author":[{"embeddable":true,"href":"https:\/\/boomdenoticias.com\/index.php?rest_route=\/wp\/v2\/users\/1"}],"replies":[{"embeddable":true,"href":"https:\/\/boomdenoticias.com\/index.php?rest_route=%2Fwp%2Fv2%2Fcomments&post=47210"}],"version-history":[{"count":0,"href":"https:\/\/boomdenoticias.com\/index.php?rest_route=\/wp\/v2\/posts\/47210\/revisions"}],"wp:featuredmedia":[{"embeddable":true,"href":"https:\/\/boomdenoticias.com\/index.php?rest_route=\/wp\/v2\/media\/47211"}],"wp:attachment":[{"href":"https:\/\/boomdenoticias.com\/index.php?rest_route=%2Fwp%2Fv2%2Fmedia&parent=47210"}],"wp:term":[{"taxonomy":"category","embeddable":true,"href":"https:\/\/boomdenoticias.com\/index.php?rest_route=%2Fwp%2Fv2%2Fcategories&post=47210"},{"taxonomy":"post_tag","embeddable":true,"href":"https:\/\/boomdenoticias.com\/index.php?rest_route=%2Fwp%2Fv2%2Ftags&post=47210"}],"curies":[{"name":"wp","href":"https:\/\/api.w.org\/{rel}","templated":true}]}}