{"id":47200,"date":"2026-04-30T09:17:05","date_gmt":"2026-04-30T12:17:05","guid":{"rendered":"https:\/\/boomdenoticias.com\/?p=47200"},"modified":"2026-04-30T09:17:05","modified_gmt":"2026-04-30T12:17:05","slug":"el-ranking-de-los-15-nombres-de-bebes-mas-elegidos-en-2025-y-los-mas-populares-de-los-ultimos-cinco-anos","status":"publish","type":"post","link":"https:\/\/boomdenoticias.com\/?p=47200","title":{"rendered":"El ranking de los 15 nombres de beb\u00e9s m\u00e1s elegidos en 2025 y los m\u00e1s populares de los \u00faltimos cinco a\u00f1os"},"content":{"rendered":"<p><!-- nd-scrolly-sk v0.0.44--> <!-- nd-components v0.0.241--><\/p>\n\n<div>\n<div class=\"nd-components\" data-sveltekit-preload-data=\"hover\">\n<section class=\"nd-apertura nd-px-10 nd-pb-30 scale-up-center nd-mb-0 nd-apertura-top\" data-stats=\"nd-apertura\">\n<div class=\"nd-apertura-block nd-box-lg nd-apertura-block-center\"><img decoding=\"async\" src=\"https:\/\/especialess3.lanacion.com.ar\/strapi\/logo_primerizos_45b52e2987.svg\" alt=\"Volanta\" class=\"nd-volanta-img nd-box-3xs nd-mt-30\" \/> \n<h1 class=\"nd-apertura-titulo nd-size-6xl nd-vweight-light\"><span class=\"nd-apertura-etiqueta nd-size-5xl nd-vweight-semibold\"><!-- HTML_TAG_START -->\u00bfC\u00d3MO SE VA A LLAMAR TU HIJO?<!-- HTML_TAG_END --><\/span> <!-- HTML_TAG_START -->El ranking de los nombres m\u00e1s elegidos en 2025<!-- HTML_TAG_END --><\/h1>\n<h2 class=\"nd-apertura-bajada \"><!-- HTML_TAG_START -->Conoc\u00e9 cu\u00e1les fueron las opciones que m\u00e1s se consolidaron durante el a\u00f1o pasado y las tendencias que se mantuvieron estables en CABA<!-- HTML_TAG_END --><\/h2>\n<div class=\"nd-apertura-separador\"><\/div>\n<div class=\"nd-firma nd-mb-20 nd-neutral-0\">\n<p class=\"nd-firma-nombre\"><!-- HTML_TAG_START -->Texto <span><b>Valeria Vera<\/b><\/span><!-- HTML_TAG_END --><\/p>\n<p class=\"nd-firma-fecha\"><!-- HTML_TAG_START -->30 de abril de 2026<!-- HTML_TAG_END --><\/p>\n<\/div><\/div>\n<\/section><\/div>\n<\/div>\n<p>Conoc\u00e9 cu\u00e1les fueron las opciones que m\u00e1s se consolidaron durante el a\u00f1o pasado y las tendencias que se mantuvieron estables en CABA; modas, curiosidades, y algunas sorpresas que arroj\u00f3 el relevamientoSaludLA NACION<\/p>","protected":false},"excerpt":{"rendered":"<p>\u00bfC\u00d3MO SE VA A LLAMAR TU HIJO? El ranking de los nombres m\u00e1s elegidos en 2025 Conoc\u00e9 cu\u00e1les fueron las&hellip;<\/p>\n","protected":false},"author":1,"featured_media":47201,"comment_status":"closed","ping_status":"closed","sticky":false,"template":"","format":"standard","meta":{"footnotes":""},"categories":[31],"tags":[],"class_list":["post-47200","post","type-post","status-publish","format-standard","has-post-thumbnail","hentry","category-pais"],"_links":{"self":[{"href":"https:\/\/boomdenoticias.com\/index.php?rest_route=\/wp\/v2\/posts\/47200","targetHints":{"allow":["GET"]}}],"collection":[{"href":"https:\/\/boomdenoticias.com\/index.php?rest_route=\/wp\/v2\/posts"}],"about":[{"href":"https:\/\/boomdenoticias.com\/index.php?rest_route=\/wp\/v2\/types\/post"}],"author":[{"embeddable":true,"href":"https:\/\/boomdenoticias.com\/index.php?rest_route=\/wp\/v2\/users\/1"}],"replies":[{"embeddable":true,"href":"https:\/\/boomdenoticias.com\/index.php?rest_route=%2Fwp%2Fv2%2Fcomments&post=47200"}],"version-history":[{"count":0,"href":"https:\/\/boomdenoticias.com\/index.php?rest_route=\/wp\/v2\/posts\/47200\/revisions"}],"wp:featuredmedia":[{"embeddable":true,"href":"https:\/\/boomdenoticias.com\/index.php?rest_route=\/wp\/v2\/media\/47201"}],"wp:attachment":[{"href":"https:\/\/boomdenoticias.com\/index.php?rest_route=%2Fwp%2Fv2%2Fmedia&parent=47200"}],"wp:term":[{"taxonomy":"category","embeddable":true,"href":"https:\/\/boomdenoticias.com\/index.php?rest_route=%2Fwp%2Fv2%2Fcategories&post=47200"},{"taxonomy":"post_tag","embeddable":true,"href":"https:\/\/boomdenoticias.com\/index.php?rest_route=%2Fwp%2Fv2%2Ftags&post=47200"}],"curies":[{"name":"wp","href":"https:\/\/api.w.org\/{rel}","templated":true}]}}