{"id":47196,"date":"2026-04-30T08:32:25","date_gmt":"2026-04-30T11:32:25","guid":{"rendered":"https:\/\/boomdenoticias.com\/?p=47196"},"modified":"2026-04-30T08:32:25","modified_gmt":"2026-04-30T11:32:25","slug":"migrantes-desesperados-intentaron-saltar-las-rejas-para-entrar-a-la-embajada-de-gambia-en-espana-y-tuvo-que-intervenir-la-policia","status":"publish","type":"post","link":"https:\/\/boomdenoticias.com\/?p=47196","title":{"rendered":"Migrantes desesperados: intentaron saltar las rejas para entrar a la embajada de Gambia en Espa\u00f1a y tuvo que intervenir la polic\u00eda"},"content":{"rendered":"<div><img decoding=\"async\" src=\"https:\/\/www.clarin.com\/img\/2026\/04\/29\/aVIDZLE7f_2000x1500__1.jpg\" class=\"ff-og-image-inserted\" \/><\/div>\n<div>\n<p>Decenas de migrantes oriundos de <strong>Gambia<\/strong> quisieron entrar por la fuerza este mi\u00e9rcoles a la embajada de ese pa\u00eds africano en Espa\u00f1a para completar una serie de tr\u00e1mites y luego de que un grupo <strong>saltara las vallas y se subiera al muro<\/strong> de la propiedad, la polic\u00eda asisti\u00f3 al lugar para poner orden y evitar que la situaci\u00f3n escalara.<\/p>\n<\/div>\n<div>\n<p>Si bien las primeras versiones indicaron que el objetivo <strong>era obtener el certificado de vulnerabilidad<\/strong>, desde la sede diplom\u00e1tica minimizaron lo ocurrido y aseguraron que quer\u00edan <strong>hacer tr\u00e1mites relativos a los pasaportes<\/strong>.<\/p>\n<\/div>\n<div>\n<p>El episodio ocurri\u00f3 esta ma\u00f1ana en el edificio de la calle Hern\u00e1ndez Iglesias, en el distrito de Ciudad Lineal, en Madrid, cuando el <a href=\"https:\/\/www.clarin.com\/sociedad\/espana-aprobo-regularizacion-extraordinaria-masiva-inmigrantes-indocumentados_0_BLhSvfnjUY.html\" target=\"_blank\" title=\"grupo de extranjeros hac\u00eda fila para iniciar el tr\u00e1mite\">grupo de extranjeros hac\u00eda fila para iniciar el tr\u00e1mite<\/a>. El panorama se enrareci\u00f3 cuando, <strong>alrededor de las 10, les informaron que los turnos se hab\u00edan terminado.<\/strong><\/p>\n<\/div>\n<div>\n<p>En ese momento, seg\u00fan el diario El Pa\u00eds, la situaci\u00f3n sum\u00f3 tensi\u00f3n debido a que muchos de los que all\u00ed esperaban <strong>comenzaron a saltar el vallado para entrar a las oficinas<\/strong>. Frente a eso, llegaron integrantes de la Unidad de Prevenci\u00f3n y Reacci\u00f3n de la fuerza de seguridad para contener el conflicto.<\/p>\n<\/div>\n<div>\n<p>La escena qued\u00f3 registrada por varios celulares y <strong>los videos enseguida se viralizaron<\/strong> en las redes sociales.<\/p>\n<\/div>\n<div>\n<p>\u201cSe produjo <strong>una disputa por el reparto de n\u00fameros que deriv\u00f3 en una ri\u00f1a<\/strong> en la cola\u201d, dijeron fuentes policiales a ese medio espa\u00f1ol, quienes aclararon que \u201cno hubo heridos ni detenidos\u201d.<\/p>\n<\/div>\n<div>\n<p>Por su parte, desde la embajada aseguraron que<strong> \u201cno pas\u00f3 nada relevante\u201d<\/strong> y explicaron que el tr\u00e1mite que quer\u00edan hacer tiene que ver con la renovaci\u00f3n y expedici\u00f3n de los pasaportes. En ese sentido, precisaron que ese tipo de documentos \u201cllegan cada tres meses\u201d y es por eso que se producen esos amontonamientos.<\/p>\n<\/div>\n<div>\n<p>En esa l\u00ednea, descartaron tambi\u00e9n que el problema hubiese estado relacionado con la regularizaci\u00f3n y los certificados de vulnerabilidad.<\/p>\n<\/div>\n<div>\n<p>Opuestos a la versi\u00f3n oficial, organizaciones que trabajan con poblaci\u00f3n gambiana denuncian que realmente <strong>existen dificultades para acceder a la documentaci\u00f3n<\/strong> en cuesti\u00f3n.<\/p>\n<\/div>\n<div>\n<p>El caso ocurri\u00f3 en medio de la oleada migratoria hacia distintos pa\u00edses europeos. En Espa\u00f1a, durante 2025 llegaron de forma irregular alrededor de<strong> 37.000 migrantes <\/strong>por las rutas del Mediterr\u00e1neo occidental y del Atl\u00e1ntic, mientras que se reportaron <strong>1.656 muertes<\/strong> en ambos caminos, seg\u00fan datos comunicados por la Organizaci\u00f3n Internacional para las Migraciones (OIM).<\/p>\n<\/div>\n<div>\n<p>En la denominada ruta atl\u00e1ntica del \u00c1frica occidental, a trav\u00e9s de las <strong>Islas Canarias,<\/strong> hubo un descenso de 62 % de las llegadas, que fueron 17.788, adem\u00e1s de 1.172 fallecidos (-4 %).<\/p>\n<\/div>\n<div>\n<p>Antes de 2025, Marruecos, Mauritania y Senegal eran los principales pa\u00edses de embarque para la traves\u00eda por esta ruta, pero en los \u00faltimos tiempos los puntos de partida se desplazaron o a Guinea, Guinea-Bissau y Gambia \u201cdebido al <strong>endurecimiento de los controles fronterizos<\/strong> en el primer grupo de pa\u00edses, observ\u00f3 la organizaci\u00f3n\u201d.<\/p>\n<\/div>\n<div>\n<p>Como comparaci\u00f3n, esta ruta registr\u00f3 en a\u00f1os recientes cifras r\u00e9cord de llegadas a Europa, con el mayor incremento visto entre 2022 y 2023 (+ 155 %), periodo en el cual las llegadas irregulares pasaron de 16.000 a 40.000, aunque desde entonces han ido a la baja.<\/p>\n<\/div>\n<div>\n<p>Las principales nacionalidades registradas el a\u00f1o pasado en esa ruta fueron de <strong>Mali, Senegal y Guinea,<\/strong> de acuerdo con la evaluaci\u00f3n final de la OIM sobre el uso de rutas migratorias a nivel global en 2025.<\/p>\n<\/div>\n<p><strong><a href=\"https:\/\/blockads.fivefilters.org\/\">Adblock test<\/a><\/strong> <a href=\"https:\/\/blockads.fivefilters.org\/acceptable.html\">(Why?)<\/a><\/p>","protected":false},"excerpt":{"rendered":"<p>Decenas de migrantes oriundos de Gambia quisieron entrar por la fuerza este mi\u00e9rcoles a la embajada de ese pa\u00eds africano&hellip;<\/p>\n","protected":false},"author":1,"featured_media":47197,"comment_status":"closed","ping_status":"closed","sticky":false,"template":"","format":"standard","meta":{"footnotes":""},"categories":[36],"tags":[],"class_list":["post-47196","post","type-post","status-publish","format-standard","has-post-thumbnail","hentry","category-mundo"],"_links":{"self":[{"href":"https:\/\/boomdenoticias.com\/index.php?rest_route=\/wp\/v2\/posts\/47196","targetHints":{"allow":["GET"]}}],"collection":[{"href":"https:\/\/boomdenoticias.com\/index.php?rest_route=\/wp\/v2\/posts"}],"about":[{"href":"https:\/\/boomdenoticias.com\/index.php?rest_route=\/wp\/v2\/types\/post"}],"author":[{"embeddable":true,"href":"https:\/\/boomdenoticias.com\/index.php?rest_route=\/wp\/v2\/users\/1"}],"replies":[{"embeddable":true,"href":"https:\/\/boomdenoticias.com\/index.php?rest_route=%2Fwp%2Fv2%2Fcomments&post=47196"}],"version-history":[{"count":0,"href":"https:\/\/boomdenoticias.com\/index.php?rest_route=\/wp\/v2\/posts\/47196\/revisions"}],"wp:featuredmedia":[{"embeddable":true,"href":"https:\/\/boomdenoticias.com\/index.php?rest_route=\/wp\/v2\/media\/47197"}],"wp:attachment":[{"href":"https:\/\/boomdenoticias.com\/index.php?rest_route=%2Fwp%2Fv2%2Fmedia&parent=47196"}],"wp:term":[{"taxonomy":"category","embeddable":true,"href":"https:\/\/boomdenoticias.com\/index.php?rest_route=%2Fwp%2Fv2%2Fcategories&post=47196"},{"taxonomy":"post_tag","embeddable":true,"href":"https:\/\/boomdenoticias.com\/index.php?rest_route=%2Fwp%2Fv2%2Ftags&post=47196"}],"curies":[{"name":"wp","href":"https:\/\/api.w.org\/{rel}","templated":true}]}}