{"id":47184,"date":"2026-04-29T20:36:52","date_gmt":"2026-04-29T23:36:52","guid":{"rendered":"https:\/\/boomdenoticias.com\/?p=47184"},"modified":"2026-04-29T20:36:52","modified_gmt":"2026-04-29T23:36:52","slug":"javier-milei-en-la-expo-efi-vamos-a-hacer-grande-a-la-argentina-nuevamente","status":"publish","type":"post","link":"https:\/\/boomdenoticias.com\/?p=47184","title":{"rendered":"Javier Milei en la Expo EFI: \u201cVamos a hacer grande a la Argentina nuevamente\u201c"},"content":{"rendered":"<div><img decoding=\"async\" src=\"https:\/\/srt-app.tadevel-cdn.com\/hostname\/www.cba24n.com.ar\/api\/v1\/image\/article\/69f287ab632e978584a7df43\/facebook?v=ce03382c65743ba9432a426faa4f11a9&amp;s=b099b332c553d9eee299d312b98bc572\" class=\"ff-og-image-inserted\" \/><\/div>\n<p>D\u00eda agitado para el presidente Javier Milei, que por la ma\u00f1ana estuvo en el Congreso para apoyar al jefe de Gabinete, Manuel Adorni, y por la tarde noche expuso en la 13\u00aa edici\u00f3n de la Expo EFI.\u00a0<\/p>\n<p>En el Centro de Convenciones de Buenos Aires, el mandatario nacional respald\u00f3 el rumbo econ\u00f3mico del Gobierno y anticip\u00f3 definiciones sobre el escenario que viene.<\/p>\n<figure data-url=\"https:\/\/www.youtube.com\/watch?v=h18lkqCbda8\" class=\"multimedia\" data-html data-tadevel-template=\"web\/multimedia\" data-type=\"video\">\n<div class=\"content\">\n<div class=\"sizer\" data-sizer=\"aspect-ratio\" data-tadevel-template=\"web\/aspect-ratio\">\n<div class=\"backdrop\" data-tadevel-template=\"web\/backdrop\">\n<div class=\"facade\" data-facade-target data-tadevel-template=\"web\/multimedia-facade\"><button aria-label=\"Reproducir video\" class=\"run\"><\/button> [embedded content]<\/div>\n<\/div>\n<\/div>\n<\/div><figcaption class=\"caption\">\n<div class=\"description\">Discurso del Presidente Milei en el Cierre de la Expo EFI 2026 en la Ciudad de Buenos Aires<\/div>\n<\/figcaption><\/figure>\n<p>Con optimismo, Milei asegur\u00f3 que va a \u201chacer grande a la Argentina nuevamente\u201d y se mostr\u00f3 cr\u00edtico con quienes comunican que la situaci\u00f3n del pa\u00eds no es \u00f3ptima.<\/p>\n<p>M\u00e1s temprano, en el Congreso, hab\u00eda tratado de \u201cchorros\u201d a los periodistas presentes en el recinto. En la Expo EFI, insisti\u00f3: &#8220;Nunca hubo tanta diferencia entre los datos y lo que dicen los medios&#8221;.<\/p>\n<p><strong><a href=\"https:\/\/blockads.fivefilters.org\/\">Adblock test<\/a><\/strong> <a href=\"https:\/\/blockads.fivefilters.org\/acceptable.html\">(Why?)<\/a><\/p>","protected":false},"excerpt":{"rendered":"<p>D\u00eda agitado para el presidente Javier Milei, que por la ma\u00f1ana estuvo en el Congreso para apoyar al jefe de&hellip;<\/p>\n","protected":false},"author":1,"featured_media":47185,"comment_status":"closed","ping_status":"closed","sticky":false,"template":"","format":"standard","meta":{"footnotes":""},"categories":[1],"tags":[],"class_list":["post-47184","post","type-post","status-publish","format-standard","has-post-thumbnail","hentry","category-blog"],"_links":{"self":[{"href":"https:\/\/boomdenoticias.com\/index.php?rest_route=\/wp\/v2\/posts\/47184","targetHints":{"allow":["GET"]}}],"collection":[{"href":"https:\/\/boomdenoticias.com\/index.php?rest_route=\/wp\/v2\/posts"}],"about":[{"href":"https:\/\/boomdenoticias.com\/index.php?rest_route=\/wp\/v2\/types\/post"}],"author":[{"embeddable":true,"href":"https:\/\/boomdenoticias.com\/index.php?rest_route=\/wp\/v2\/users\/1"}],"replies":[{"embeddable":true,"href":"https:\/\/boomdenoticias.com\/index.php?rest_route=%2Fwp%2Fv2%2Fcomments&post=47184"}],"version-history":[{"count":0,"href":"https:\/\/boomdenoticias.com\/index.php?rest_route=\/wp\/v2\/posts\/47184\/revisions"}],"wp:featuredmedia":[{"embeddable":true,"href":"https:\/\/boomdenoticias.com\/index.php?rest_route=\/wp\/v2\/media\/47185"}],"wp:attachment":[{"href":"https:\/\/boomdenoticias.com\/index.php?rest_route=%2Fwp%2Fv2%2Fmedia&parent=47184"}],"wp:term":[{"taxonomy":"category","embeddable":true,"href":"https:\/\/boomdenoticias.com\/index.php?rest_route=%2Fwp%2Fv2%2Fcategories&post=47184"},{"taxonomy":"post_tag","embeddable":true,"href":"https:\/\/boomdenoticias.com\/index.php?rest_route=%2Fwp%2Fv2%2Ftags&post=47184"}],"curies":[{"name":"wp","href":"https:\/\/api.w.org\/{rel}","templated":true}]}}