{"id":47182,"date":"2026-04-29T20:36:51","date_gmt":"2026-04-29T23:36:51","guid":{"rendered":"https:\/\/boomdenoticias.com\/?p=47182"},"modified":"2026-04-29T20:36:51","modified_gmt":"2026-04-29T23:36:51","slug":"preocupacion-en-el-atletico-de-madrid-julian-alvarez-salio-con-molestias-y-encendio-la-alarma","status":"publish","type":"post","link":"https:\/\/boomdenoticias.com\/?p=47182","title":{"rendered":"Preocupaci\u00f3n en el Atl\u00e9tico de Madrid: Juli\u00e1n \u00c1lvarez sali\u00f3 con molestias y encendi\u00f3 la alarma"},"content":{"rendered":"<p>Atl\u00e9tico de Madrid no solo sigui\u00f3 de cerca el empate 1-1 frente al Arsenal por la semifinal de ida de la Champions League, sino que adem\u00e1s qued\u00f3 atento a la situaci\u00f3n f\u00edsica de Juli\u00e1n \u00c1lvarez, quien debi\u00f3 abandonar el partido con signos de dolor en el complemento.<\/p>\n<figure class=\"multimedia\" data-tadevel-template=\"web\/multimedia\" data-type=\"photo\">\n<div class=\"content\">\n<div class=\"sizer\" data-sizer=\"aspect-ratio\" data-tadevel-template=\"web\/aspect-ratio\"><img alt=\"Preocupaci\u00f3n en el Atl\u00e9tico de Madrid: Juli\u00e1n \u00c1lvarez sali\u00f3 con molestias y encendi\u00f3 la alarma\" loading=\"lazy\" \/><\/div>\n<\/div>\n<\/figure>\n<p>La salida del atacante argentino se produjo a los 17 minutos de la segunda etapa, cuando se encendieron las alarmas en el estadio Metropolitano. \u00c1lvarez dej\u00f3 el terreno de juego luego de una disputa por la pelota con Eberechi Eze, acci\u00f3n en la que su pierna qued\u00f3 comprometida al trabarse con el c\u00e9sped.<\/p>\n<figure class=\"multimedia\" data-tadevel-template=\"web\/multimedia\" data-type=\"photo\">\n<div class=\"content\">\n<div class=\"sizer\" data-sizer=\"aspect-ratio\" data-tadevel-template=\"web\/aspect-ratio\"><img alt=\"Preocupaci\u00f3n en el Atl\u00e9tico de Madrid: Juli\u00e1n \u00c1lvarez sali\u00f3 con molestias y encendi\u00f3 la alarma\" loading=\"lazy\" \/><\/div>\n<\/div>\n<\/figure>\n<p>Si bien intent\u00f3 continuar algunos instantes, finalmente pidi\u00f3 el cambio y fue sustituido por \u00c1lex Baena. El delantero se retir\u00f3 por sus propios medios, aunque con evidentes molestias, lo que gener\u00f3 preocupaci\u00f3n inmediata en el cuerpo t\u00e9cnico encabezado por Diego Simeone.<\/p>\n<p>De acuerdo con reportes de la prensa espa\u00f1ola, la situaci\u00f3n no ser\u00eda de gravedad y se tratar\u00eda de un golpe producto de la jugada. Incluso, las primeras evaluaciones indican que el cordob\u00e9s tendr\u00eda posibilidades de llegar en condiciones al encuentro de vuelta.<\/p>\n<figure class=\"multimedia\" data-tadevel-template=\"web\/multimedia\" data-type=\"photo\">\n<div class=\"content\">\n<div class=\"sizer\" data-sizer=\"aspect-ratio\" data-tadevel-template=\"web\/aspect-ratio\"><img alt=\"Preocupaci\u00f3n en el Atl\u00e9tico de Madrid: Juli\u00e1n \u00c1lvarez sali\u00f3 con molestias y encendi\u00f3 la alarma\" loading=\"lazy\" \/><\/div>\n<\/div>\n<\/figure>\n<p>La inquietud no solo alcanza al club madrile\u00f1o. Tambi\u00e9n la Selecci\u00f3n Argentina sigue de cerca la evoluci\u00f3n de uno de sus futbolistas m\u00e1s importantes, habitual pieza del plantel dirigido por Lionel Scaloni.<\/p>\n<figure class=\"multimedia\" data-tadevel-template=\"web\/multimedia\" data-type=\"photo\">\n<div class=\"content\">\n<div class=\"sizer\" data-sizer=\"aspect-ratio\" data-tadevel-template=\"web\/aspect-ratio\"><img alt=\"Preocupaci\u00f3n en el Atl\u00e9tico de Madrid: Juli\u00e1n \u00c1lvarez sali\u00f3 con molestias y encendi\u00f3 la alarma\" loading=\"lazy\" \/><\/div>\n<\/div>\n<\/figure>\n<p><strong>Otra baja argentina en el partido<\/strong><\/p>\n<p>La noche tambi\u00e9n dej\u00f3 otro contratiempo para Atl\u00e9tico. Giuliano Simeone no regres\u00f3 para disputar el segundo tiempo y fue reemplazado tras el descanso. En su lugar ingres\u00f3 Robin Le Normand.<\/p>\n<p>El cambio llam\u00f3 la atenci\u00f3n porque el defensor ya realizaba movimientos precompetitivos desde varios minutos antes del entretiempo, lo que sugiere que el hijo del entrenador arrastraba alguna molestia f\u00edsica durante la primera mitad.<\/p>\n<figure class=\"multimedia\" data-html data-tadevel-template=\"web\/multimedia\" data-type=\"video\" data-url=\"https:\/\/twitter.com\/ESPNArgentina\/status\/2049604854541099331\">\n<div class=\"content\">\n<div class=\"sizer\" data-sizer=\"aspect-ratio\" data-tadevel-template=\"web\/aspect-ratio\">\n<div class=\"backdrop\" data-tadevel-template=\"web\/backdrop\">\n<div data-facade-target='[data-tadevel-template=\"web\/aspect-ratio\"]' class=\"facade\" data-tadevel-template=\"web\/multimedia-facade\"><button aria-label=\"Reproducir video\" class=\"run\"><\/button><\/div>\n<\/div>\n<\/div>\n<\/div><figcaption class=\"caption\">\n<div class=\"description\">X de ESPN Argentina<\/div>\n<\/figcaption><\/figure>\n<p>Atl\u00e9tico afronta una etapa decisiva de la temporada con fuerte exigencia en el calendario, entre competencias locales e internacionales. Por eso, cualquier inconveniente f\u00edsico en futbolistas clave es seguido con especial atenci\u00f3n de cara a los pr\u00f3ximos compromisos.<\/p>\n<p><strong><a href=\"https:\/\/blockads.fivefilters.org\/\">Adblock test<\/a><\/strong> <a href=\"https:\/\/blockads.fivefilters.org\/acceptable.html\">(Why?)<\/a><\/p>","protected":false},"excerpt":{"rendered":"<p>Atl\u00e9tico de Madrid no solo sigui\u00f3 de cerca el empate 1-1 frente al Arsenal por la semifinal de ida de&hellip;<\/p>\n","protected":false},"author":1,"featured_media":47183,"comment_status":"closed","ping_status":"closed","sticky":false,"template":"","format":"standard","meta":{"footnotes":""},"categories":[1],"tags":[],"class_list":["post-47182","post","type-post","status-publish","format-standard","has-post-thumbnail","hentry","category-blog"],"_links":{"self":[{"href":"https:\/\/boomdenoticias.com\/index.php?rest_route=\/wp\/v2\/posts\/47182","targetHints":{"allow":["GET"]}}],"collection":[{"href":"https:\/\/boomdenoticias.com\/index.php?rest_route=\/wp\/v2\/posts"}],"about":[{"href":"https:\/\/boomdenoticias.com\/index.php?rest_route=\/wp\/v2\/types\/post"}],"author":[{"embeddable":true,"href":"https:\/\/boomdenoticias.com\/index.php?rest_route=\/wp\/v2\/users\/1"}],"replies":[{"embeddable":true,"href":"https:\/\/boomdenoticias.com\/index.php?rest_route=%2Fwp%2Fv2%2Fcomments&post=47182"}],"version-history":[{"count":0,"href":"https:\/\/boomdenoticias.com\/index.php?rest_route=\/wp\/v2\/posts\/47182\/revisions"}],"wp:featuredmedia":[{"embeddable":true,"href":"https:\/\/boomdenoticias.com\/index.php?rest_route=\/wp\/v2\/media\/47183"}],"wp:attachment":[{"href":"https:\/\/boomdenoticias.com\/index.php?rest_route=%2Fwp%2Fv2%2Fmedia&parent=47182"}],"wp:term":[{"taxonomy":"category","embeddable":true,"href":"https:\/\/boomdenoticias.com\/index.php?rest_route=%2Fwp%2Fv2%2Fcategories&post=47182"},{"taxonomy":"post_tag","embeddable":true,"href":"https:\/\/boomdenoticias.com\/index.php?rest_route=%2Fwp%2Fv2%2Ftags&post=47182"}],"curies":[{"name":"wp","href":"https:\/\/api.w.org\/{rel}","templated":true}]}}