{"id":47180,"date":"2026-04-29T20:36:50","date_gmt":"2026-04-29T23:36:50","guid":{"rendered":"https:\/\/boomdenoticias.com\/?p=47180"},"modified":"2026-04-29T20:36:50","modified_gmt":"2026-04-29T23:36:50","slug":"casacion-anulo-el-procesamiento-contra-alberto-fernandez-en-la-causa-seguros","status":"publish","type":"post","link":"https:\/\/boomdenoticias.com\/?p=47180","title":{"rendered":"Casaci\u00f3n anul\u00f3 el procesamiento contra Alberto Fern\u00e1ndez en la causa Seguros"},"content":{"rendered":"<div><img decoding=\"async\" src=\"https:\/\/srt-app.tadevel-cdn.com\/hostname\/www.cba24n.com.ar\/api\/v1\/image\/article\/69f28c29632e978584a82e1b\/facebook?v=9d27baae5399f2f07303bbb217b237dd&amp;s=7b725b7704fbb601bd1536b1022786bc\" class=\"ff-og-image-inserted\" \/><\/div>\n<p>Por mayor\u00eda, la<strong> Sala IV de la C\u00e1mara de Casaci\u00f3n<\/strong> anul\u00f3 el procesamiento por corrupci\u00f3n contra el expresidente <strong>Alberto Fern\u00e1ndez <\/strong>en la causa Seguros.<\/p>\n<p>Los jueces <strong>Javier Carbajo <\/strong>y <strong>Mariano Borisky<\/strong> conformaron el voto mayoritario que resolvi\u00f3 el retorno del expediente a la <strong>C\u00e1mara Federal<\/strong> para un nuevo veredicto.<\/p>\n<p class=\"aside\">Fern\u00e1ndez fue procesado en la causa Seguros en julio del 2025 por el juez federal <strong>Sebasti\u00e1n Casanello<\/strong> quien le aplic\u00f3 un embargo de 14 millones y le prohibi\u00f3 la salida del pa\u00eds.<\/p>\n<p>La acusaci\u00f3n apunta al decreto 823\/21 que oblig\u00f3 a los ministerios a contratar a la empresa Naci\u00f3n Seguros y la intermediaci\u00f3n del broker <strong>H\u00e9ctor Mart\u00ednez Sosa<\/strong> quien est\u00e1 casado con la secretaria del expresidente, <strong>Mar\u00eda Cantero<\/strong>.<\/p>\n<p>El 23 de febrero pasado la misma sala que anul\u00f3 el procesamiento de Fern\u00e1ndez confirm\u00f3 los procesamientos de otros diez imputados en la causa. \u00a0<\/p>\n<p><mark><strong>En el caso del expresidente, los jueces Borisky y Carbajo valoraron el dictamen del fiscal de C\u00e1mara, Jos\u00e9 Luis Aguero Iturbe, quien indic\u00f3 que deb\u00eda dictarse la falta de m\u00e9rito. De esta manera sostuvieron el principio de que \u201cno hay juez sin acusador.<\/strong><\/mark><\/p>\n<p>El fiscal general ante la C\u00e1mara de Casaci\u00f3n, <strong>Ra\u00fal Ple\u00e9<\/strong>, \u00a0intent\u00f3 corregir la situaci\u00f3n al planear la confirmaci\u00f3n del procesamiento. Sin embargo la mayor\u00eda de la Sala IV mantuvo la anulaci\u00f3n por no existir controversia entre la fiscal\u00eda y la defensa.<\/p>\n<p><strong><a href=\"https:\/\/blockads.fivefilters.org\/\">Adblock test<\/a><\/strong> <a href=\"https:\/\/blockads.fivefilters.org\/acceptable.html\">(Why?)<\/a><\/p>","protected":false},"excerpt":{"rendered":"<p>Por mayor\u00eda, la Sala IV de la C\u00e1mara de Casaci\u00f3n anul\u00f3 el procesamiento por corrupci\u00f3n contra el expresidente Alberto Fern\u00e1ndez&hellip;<\/p>\n","protected":false},"author":1,"featured_media":47181,"comment_status":"closed","ping_status":"closed","sticky":false,"template":"","format":"standard","meta":{"footnotes":""},"categories":[1],"tags":[],"class_list":["post-47180","post","type-post","status-publish","format-standard","has-post-thumbnail","hentry","category-blog"],"_links":{"self":[{"href":"https:\/\/boomdenoticias.com\/index.php?rest_route=\/wp\/v2\/posts\/47180","targetHints":{"allow":["GET"]}}],"collection":[{"href":"https:\/\/boomdenoticias.com\/index.php?rest_route=\/wp\/v2\/posts"}],"about":[{"href":"https:\/\/boomdenoticias.com\/index.php?rest_route=\/wp\/v2\/types\/post"}],"author":[{"embeddable":true,"href":"https:\/\/boomdenoticias.com\/index.php?rest_route=\/wp\/v2\/users\/1"}],"replies":[{"embeddable":true,"href":"https:\/\/boomdenoticias.com\/index.php?rest_route=%2Fwp%2Fv2%2Fcomments&post=47180"}],"version-history":[{"count":0,"href":"https:\/\/boomdenoticias.com\/index.php?rest_route=\/wp\/v2\/posts\/47180\/revisions"}],"wp:featuredmedia":[{"embeddable":true,"href":"https:\/\/boomdenoticias.com\/index.php?rest_route=\/wp\/v2\/media\/47181"}],"wp:attachment":[{"href":"https:\/\/boomdenoticias.com\/index.php?rest_route=%2Fwp%2Fv2%2Fmedia&parent=47180"}],"wp:term":[{"taxonomy":"category","embeddable":true,"href":"https:\/\/boomdenoticias.com\/index.php?rest_route=%2Fwp%2Fv2%2Fcategories&post=47180"},{"taxonomy":"post_tag","embeddable":true,"href":"https:\/\/boomdenoticias.com\/index.php?rest_route=%2Fwp%2Fv2%2Ftags&post=47180"}],"curies":[{"name":"wp","href":"https:\/\/api.w.org\/{rel}","templated":true}]}}