{"id":47170,"date":"2026-04-29T09:08:08","date_gmt":"2026-04-29T12:08:08","guid":{"rendered":"https:\/\/boomdenoticias.com\/?p=47170"},"modified":"2026-04-29T09:08:08","modified_gmt":"2026-04-29T12:08:08","slug":"para-fierreros-llega-la-exposicion-cerca-de-caba-ideal-para-viajar-con-amigos-este-fin-de-semana-largo-del-1-de-mayo","status":"publish","type":"post","link":"https:\/\/boomdenoticias.com\/?p=47170","title":{"rendered":"Para fierreros: llega la exposici\u00f3n cerca de CABA ideal para viajar con amigos este fin de semana largo del 1\u00b0 de mayo"},"content":{"rendered":"<p>El <b>6\u00b0 Encuentro de Autos Antiguos y Cl\u00e1sicos de Villa Ca\u00f1\u00e1s <\/b>tendr\u00e1 lugar este <a href=\"https:\/\/www.lanacion.com.ar\/feriados\/2026\/es-feriado-el-viernes-1-de-mayo-nid27042026\/\" target=\"_blank\" rel=\"noreferrer\" title=\"https:\/\/www.lanacion.com.ar\/feriados\/2026\/es-feriado-el-viernes-1-de-mayo-nid27042026\/\">viernes 1\u00b0 de mayo, feriado por el <b>D\u00eda del Trabajador<\/b><\/a>. El evento se celebra en la localidad de Villa Ca\u00f1\u00e1s, Santa Fe, y est\u00e1 pensado para todo el p\u00fablico fierrero. Comienza a las 9 y se emplazar\u00e1 en el <b>cuartel de bomberos<\/b> para hacer una procesi\u00f3n hacia la <b>plaza 9 de Julio<\/b>, frente a la Iglesia.<\/p>\n<h1>Exposici\u00f3n de autos cl\u00e1sicos en Santa Fe: d\u00f3nde y cu\u00e1ndo es el evento<\/h1>\n<p>Este fin de semana, la localidad de <b>Villa Ca\u00f1\u00e1s<\/b> ser\u00e1 la sede de una exposici\u00f3n de autos cl\u00e1sicos y antiguos que se celebrar\u00e1 el viernes en el <b>cuartel de bomberos y la plaza 9 de Julio<\/b>. Se esperan modelos del pasado que sean recuerdo de muchos y otros que sean piezas hist\u00f3ricas de anta\u00f1o. <\/p>\n<p><img loading=\"lazy\" decoding=\"async\" src=\"https:\/\/resizer.glanacion.com\/resizer\/v2\/C7K63TKFBVDQ3A3J2ES6CKVHMA.jpg?auth=b83233fbb0249bbc2c31b9149b18de46165d52e22ebf0058b3c183ba8b6cf76b&amp;smart=true&amp;width=500&amp;height=616\" alt=\"As\u00ed es el cronograma de la feria\" height=\"616\" width=\"500\" \/><\/p>\n<p><b>La juntada comienza a las 9 en el cuartel de bomberos y luego se trasladar\u00e1 por la ciudad hasta la Plaza 9 de Julio.<\/b><\/p>\n<p><b>Villa Ca\u00f1\u00e1s <\/b>una ciudad del departamento General L\u00f3pez, provincia de Santa Fe, Argentina. En el mapa se posiciona en el sur de la provincia. <b>Queda a 373 kil\u00f3metros de la Ciudad Aut\u00f3noma de Buenos Aires (CABA).<\/b><\/p>\n\n<h1>\u00bfEs feriado el viernes 1\u00b0 de mayo?<\/h1>\n<p>El <a href=\"https:\/\/www.argentina.gob.ar\/jefatura\/feriados-nacionales-2026\" target=\"_self\" rel=\"\" title=\"https:\/\/www.argentina.gob.ar\/jefatura\/feriados-nacionales-2026\">calendario de feriados<\/a>, establecido por la <b>Jefatura de Gabinete<\/b>, indica que el viernes 1\u00b0 de mayo es feriado inamovible, por conmemorarse el D\u00eda del Trabajador.<\/p>\n<p>Se trata del primer asueto del mes e impacta en diversas actividades de la econom\u00eda local, ya que <b>no hay atenci\u00f3n en la administraci\u00f3n p\u00fablica, escuelas, bancos, empresas privadas<\/b> y otros rubros que se acoplan a este descanso.<\/p>\n<h1>C\u00f3mo cobran las personas que trabajen en el feriado del viernes 1\u00b0 de mayo<\/h1>\n<p>La <a href=\"https:\/\/www.argentina.gob.ar\/normativa\/nacional\/ley-20744-25552\/texto\" rel=\"\" title=\"https:\/\/www.argentina.gob.ar\/normativa\/nacional\/ley-20744-25552\/texto\">ley 20.744 o de Contrato de Trabajo<\/a> precisa en el art\u00edculo 181 que en los d\u00edas <b>feriados nacionales, como es el caso del viernes 1\u00b0 de mayo,<\/b> rigen las normas legales sobre el <b>descanso dominical<\/b>.<\/p>\n<p>Por lo tanto, en caso de que el empleado preste sus servicios durante el <b>feriado<\/b>, deber\u00e1 <b>cobrar el doble de una jornada habitual<\/b>.<\/p>\n<p><img loading=\"lazy\" decoding=\"async\" src=\"https:\/\/resizer.glanacion.com\/resizer\/v2\/WHMYKSVQDVFW3L4WDHJ2EYMKN4.JPG?auth=ca2a23de95c8c47a263a83900d13e670d7d446481c83ff9909d40a8ed46d9bf7&amp;smart=true&amp;width=1972&amp;height=1333\" alt=\"Gran parte de la ciudadan\u00eda podr\u00e1 disfrutar del feriado del 1\u00b0 de mayo\" height=\"1333\" width=\"1972\" \/><\/p>\n<h1>Los feriados que quedan en 2026<\/h1>\n<h3>Mayo<\/h3>\n<ul>\n<li>Viernes 1\u00b0 de mayo: D\u00eda del Trabajador (feriado inamovible).<\/li>\n<li>Lunes 25 de mayo: D\u00eda de la Revoluci\u00f3n de Mayo (feriado inamovible).<\/li>\n<\/ul>\n<h3>Junio<\/h3>\n<ul>\n<li>Lunes 15 de junio: Paso a la Inmortalidad del General Don Mart\u00edn Miguel de G\u00fcemes (feriado trasladable del 17 de junio).<\/li>\n<li>S\u00e1bado 20 de junio: Paso a la Inmortalidad del General Don Manuel Belgrano (feriado inamovible).<\/li>\n<\/ul>\n<h3>Julio<\/h3>\n<ul>\n<li>Jueves 9 de julio: D\u00eda de la Independencia (feriado inamovible).<\/li>\n<li>Viernes 10 de julio: d\u00eda no laborable con fines tur\u00edsticos.<\/li>\n<\/ul>\n<h3>Agosto<\/h3>\n<ul>\n<li>Lunes 17 de agosto: Paso a la Inmortalidad del General Don Jos\u00e9 de San Mart\u00edn (feriado trasladable).<\/li>\n<\/ul>\n<p><img loading=\"lazy\" decoding=\"async\" src=\"https:\/\/resizer.glanacion.com\/resizer\/v2\/WR75RHD7LRDDVLIMATWZUPVDRM.png?auth=d4713834d9593ba84188b0e896dbebc61656fda792479a2dad8c124ff8a0b6d8&amp;smart=true&amp;width=2000&amp;height=1333\" alt=\"El pr\u00f3ximo feriado, que da paso a un fin de semana largo, es el 1\u00b0 de mayo (imagen ilustrativa generada con IA)\" height=\"1333\" width=\"2000\" \/><\/p>\n<h3>Octubre<\/h3>\n<ul>\n<li>Lunes 12 de octubre: D\u00eda del Respeto a la Diversidad Cultural.<\/li>\n<\/ul>\n<h3>Noviembre<\/h3>\n<ul>\n<li>Lunes 23 de noviembre: D\u00eda de la Soberan\u00eda Nacional (feriado trasladable del 20 de noviembre).<\/li>\n<\/ul>\n<p>Villa Ca\u00f1\u00e1s ser\u00e1 sede de un evento especialmente dise\u00f1ado para los amantes de los autos que se va a celebrar en este viernes feriadoFeriadosLA NACION<\/p>","protected":false},"excerpt":{"rendered":"<p>El 6\u00b0 Encuentro de Autos Antiguos y Cl\u00e1sicos de Villa Ca\u00f1\u00e1s tendr\u00e1 lugar este viernes 1\u00b0 de mayo, feriado por&hellip;<\/p>\n","protected":false},"author":1,"featured_media":47171,"comment_status":"closed","ping_status":"closed","sticky":false,"template":"","format":"standard","meta":{"footnotes":""},"categories":[31],"tags":[],"class_list":["post-47170","post","type-post","status-publish","format-standard","has-post-thumbnail","hentry","category-pais"],"_links":{"self":[{"href":"https:\/\/boomdenoticias.com\/index.php?rest_route=\/wp\/v2\/posts\/47170","targetHints":{"allow":["GET"]}}],"collection":[{"href":"https:\/\/boomdenoticias.com\/index.php?rest_route=\/wp\/v2\/posts"}],"about":[{"href":"https:\/\/boomdenoticias.com\/index.php?rest_route=\/wp\/v2\/types\/post"}],"author":[{"embeddable":true,"href":"https:\/\/boomdenoticias.com\/index.php?rest_route=\/wp\/v2\/users\/1"}],"replies":[{"embeddable":true,"href":"https:\/\/boomdenoticias.com\/index.php?rest_route=%2Fwp%2Fv2%2Fcomments&post=47170"}],"version-history":[{"count":0,"href":"https:\/\/boomdenoticias.com\/index.php?rest_route=\/wp\/v2\/posts\/47170\/revisions"}],"wp:featuredmedia":[{"embeddable":true,"href":"https:\/\/boomdenoticias.com\/index.php?rest_route=\/wp\/v2\/media\/47171"}],"wp:attachment":[{"href":"https:\/\/boomdenoticias.com\/index.php?rest_route=%2Fwp%2Fv2%2Fmedia&parent=47170"}],"wp:term":[{"taxonomy":"category","embeddable":true,"href":"https:\/\/boomdenoticias.com\/index.php?rest_route=%2Fwp%2Fv2%2Fcategories&post=47170"},{"taxonomy":"post_tag","embeddable":true,"href":"https:\/\/boomdenoticias.com\/index.php?rest_route=%2Fwp%2Fv2%2Ftags&post=47170"}],"curies":[{"name":"wp","href":"https:\/\/api.w.org\/{rel}","templated":true}]}}