{"id":47168,"date":"2026-04-29T09:11:40","date_gmt":"2026-04-29T12:11:40","guid":{"rendered":"https:\/\/boomdenoticias.com\/?p=47168"},"modified":"2026-04-29T09:11:40","modified_gmt":"2026-04-29T12:11:40","slug":"manuel-adorni-en-el-congreso-en-vivo-la-exposicion-en-diputados-minuto-a-minuto","status":"publish","type":"post","link":"https:\/\/boomdenoticias.com\/?p=47168","title":{"rendered":"Manuel Adorni en el Congreso, en vivo: la exposici\u00f3n en Diputados, minuto a minuto"},"content":{"rendered":"<p><img loading=\"lazy\" decoding=\"async\" src=\"https:\/\/resizer.glanacion.com\/resizer\/v2\/FYZFEMSZJREALIR523UERHDYOM.png?auth=1872e4b63a7eef9837507fd4c63892cc2f459a4b39a2fb74718557f3f8862fe0&amp;smart=true&amp;width=1245&amp;height=768\" alt=\"La llegada de Manuel Adorni al Congreso\" height=\"768\" width=\"1245\" \/><\/p>\n<p>El n\u00famero uno de YPF tiene los n\u00fameros muy claros:<b> el objetivo es que la Argentina exporte en su conjunto m\u00e1s de US$30.000 millones anuales en energ\u00eda a partir de 2031.<\/b> Incluso, dice, hoy las proyecciones se encuentran m\u00e1s arriba. Para alcanzar esa meta y convertir al pa\u00eds en un jugador de peso en el mercado global de hidrocarburos, la colaboraci\u00f3n con otras compa\u00f1\u00edas energ\u00e9ticas y<b> el R\u00e9gimen de Incentivos a las Grandes Inversiones (RIGI) <\/b>se vuelven una pata fundamental del plan.<\/p>\n<p><b>\u201c\u00a1Agarr\u00e1te con el RIGI que vamos a meter en mayo y junio!\u201d<\/b>, adelant\u00f3 Horacio Mar\u00edn, presidente de YPF, durante su exposici\u00f3n en ExpoEFI. Aunque no dio detalles de los proyectos que se presentar\u00e1n, convers\u00f3 en mano a mano con Jos\u00e9 Del Rio, secretario general de Redacci\u00f3n en <b>LA NACION,<\/b> sobre c\u00f3mo la compa\u00f1\u00eda de mayor\u00eda estatal busc\u00f3 reconvertirse en los \u00faltimos a\u00f1os.<\/p>\n<p><img loading=\"lazy\" decoding=\"async\" src=\"https:\/\/resizer.glanacion.com\/resizer\/v2\/JA6RM54BH5BNNOPACGLHYEWG7M.JPG?auth=e6cbf507caa27323a61bd840fe90eb1bd130f69e019dc85c44341cfc778c4bca&amp;smart=true&amp;width=1777&amp;height=1333\" alt=\"La UBA para 24 horas y un gremio docente, toda la semana, contra la nota del Gobierno a los rectores.\" height=\"1333\" width=\"1777\" \/><\/p>\n<p>Los paros con suspensi\u00f3n de clases y el giro de fondos se convirti\u00f3 ayer, martes, en el foco de la discusi\u00f3n entre el Gobierno y el mundo universitario, que se encamina a una nueva marcha planificada para el 12 de mayo pr\u00f3ximo. <a href=\"https:\/\/www.lanacion.com.ar\/politica\/el-gobierno-intimo-a-los-rectores-de-las-universidades-nacionales-por-las-consecuencias-de-los-paros-nid28042026\/\" rel=\"\" title=\"https:\/\/www.lanacion.com.ar\/politica\/el-gobierno-intimo-a-los-rectores-de-las-universidades-nacionales-por-las-consecuencias-de-los-paros-nid28042026\/\">Luego del comunicado del Ministerio de Capital Humano <\/a>en el que se les exige a los rectores recuperar los d\u00edas de clase perdidos en lo que va del cuatrimestre en funci\u00f3n de las reiteradas medidas de fuerza y ante la amenaza de no enviar partidas a las universidades si no presentan un plan de contingencias para garantizar el acceso de los estudiantes a las clases, ahora <b>distintos gremios que agrupan a trabajadores docentes y no docentes de la Universidad de Buenos Aires (UBA) anunciaron que realizar\u00e1n un nuevo<\/b> para este mi\u00e9rcoles, por 24 horas.<\/p>\n<p>\u201cEn respuesta al<b> provocador comunicado del Ministerio de Capital Humano<\/b> del 27 de abril, que pretende restringir el derecho constitucional de las y los trabajadores a ejercer su derecho a huelga y transferirnos la responsabilidad de garantizar el derecho a la educaci\u00f3n, las organizaciones sindicales que nucleamos a docentes y no docentes hemos decretado <b>un paro total de actividades en todos los \u00e1mbitos de la UBA<\/b> para el mi\u00e9rcoles 29 de abril\u201d, se\u00f1ala el comunicado, firmado por el sindicato de docentes de la UBA <b>(Feduba)<\/b>, la Asociaci\u00f3n de Docentes de la UBA <b>(Aduba),<\/b> la Asociaci\u00f3n del Personal de la Universidad de Buenos Aires <b>(Apuba) <\/b>y la Uni\u00f3n de Trabajadores de la Educaci\u00f3n <b>(UTE)<\/b>. Y sigue: \u201cDesde el primer d\u00eda de su mandato, el Gobierno inici\u00f3 el desarrollo de una pol\u00edtica de pauperizaci\u00f3n de los salarios y de asfixia del funcionamiento de las universidades p\u00fablicas. En esa l\u00ednea y <b>con su acostumbrada dosis de cinismo y de desaprensi\u00f3n<\/b>, hoy solicita un plan de contingencia para asegurar el derecho a la educaci\u00f3n de los estudiantes universitarios. Mientras profundiza la crisis de la Educaci\u00f3n Superior con la definici\u00f3n unilateral de salarios que pierden mes a mes con la inflaci\u00f3n y con el incumplimiento absoluto de la Ley de Financiamiento Universitario\u201d.<\/p>\n<p><img loading=\"lazy\" decoding=\"async\" src=\"https:\/\/resizer.glanacion.com\/resizer\/v2\/UOFYDE2CVNCXLNWIK63UPHUYZQ.jpg?auth=850dd2382f7186554b8fac08147396e1667ce909a77c5f3f6adf53bc841ace35&amp;smart=true&amp;width=2000&amp;height=1333\" alt=\"N\u00fameros que no cierran: la Justicia ampli\u00f3 la pesquisa contra el titular de ARCA a su exesposa, sus dos hijas y su hermana.\" height=\"1333\" width=\"2000\" \/><\/p>\n<p>A pedido de la Procuradur\u00eda de Investigaciones Administrativas (PIA), el juez federal Marcelo Mart\u00ednez De Giorgi dispuso ampliar la pesquisa contra el titular de la Agencia de Recaudaci\u00f3n y Control Aduanero (ARCA), <b>Andr\u00e9s V\u00e1zquez<\/b>. Alcanzar\u00e1 tambi\u00e9n a las actividades y movimientos patrimoniales desarrollados por <b>su exesposa, sus dos hijas y su hermana <\/b>durante los \u00faltimos a\u00f1os. Las cuatro, por aparecer entrelazadas con las sociedades y bienes bajo sospecha.<\/p>\n<p>Mart\u00ednez De Giorgi orden\u00f3 una bater\u00eda de medidas y oficios para determinar el rol del c\u00edrculo m\u00e1s \u00edntimo de familiares de V\u00e1zquez en la compra y administraci\u00f3n de <b>tres inmuebles en Miami, un tr\u00edplex y un departamento en Puerto Madero, varios autos y una sociedad an\u00f3nima con sede en Quilmes <\/b>que le dio un autopr\u00e9stamo, seg\u00fan confirmaron fuentes judiciales a <b>LA NACION<\/b>.<\/p>\n<p><a href=\"https:\/\/www.lanacion.com.ar\/politica\/numeros-que-no-cierran-la-justicia-amplio-la-pesquisa-contra-el-titular-de-arca-a-su-exesposa-sus-nid29042026\/\">Le\u00e9 la nota completa ac\u00e1<\/a><\/p>\n<p>El economista <b>Mart\u00edn Redrado<\/b> pronostic\u00f3 que a partir de abril la <a href=\"https:\/\/www.lanacion.com.ar\/economia\/inflacion-de-marzo-cual-fue-el-ipc-acumulado-y-que-proyectan-las-consultoras-para-este-ano-nid14042026\/\" rel=\"\" title=\"https:\/\/www.lanacion.com.ar\/economia\/inflacion-de-marzo-cual-fue-el-ipc-acumulado-y-que-proyectan-las-consultoras-para-este-ano-nid14042026\/\"><b>inflaci\u00f3n <\/b><\/a>\u201cvolver\u00e1 a bajar\u201d y que en el segundo semestre del a\u00f1o \u201cse mantendr\u00e1 en el 2%\u201d mensual. Adem\u00e1s, consider\u00f3 que el Gobierno deber\u00eda implementar un <b>r\u00e9gimen de incentivos para la construcci\u00f3n <\/b>\u2014as\u00ed como existe el RIGI\u2014y medidas sobre el cr\u00e9dito a largo plazo para que la clase media \u201cpueda acceder antes a su primera vivienda\u201d.<\/p>\n<p>A pocos d\u00edas de conocerse la inflaci\u00f3n de marzo, <a href=\"https:\/\/www.lanacion.com.ar\/economia\/inflacion-de-marzo-cual-fue-el-ipc-acumulado-y-que-proyectan-las-consultoras-para-este-ano-nid14042026\/\" rel=\"\" title=\"https:\/\/www.lanacion.com.ar\/economia\/inflacion-de-marzo-cual-fue-el-ipc-acumulado-y-que-proyectan-las-consultoras-para-este-ano-nid14042026\/\">que fue de 3,4% seg\u00fan el Indec<\/a>, Redrado analiz\u00f3: \u201cEn abril, <b>la inflaci\u00f3n va a empezar con 2%, pero va a bajar. En el segundo semestre se va a mantener en el 2%.<\/b> El desaf\u00edo es c\u00f3mo bajar para tener un d\u00edgito anual. Necesitamos un r\u00e9gimen cambiario para eso. Como el d\u00f3lar est\u00e1 planchado, hay que bajar las restricciones porque eso va a dar confianza a largo plazo\u201c.<\/p>\n<p><img loading=\"lazy\" decoding=\"async\" src=\"https:\/\/resizer.glanacion.com\/resizer\/v2\/VE5BJM2CBNF3BCTIHQKQ24ZB6Y.jpg?auth=834c8da78f18ba75f4fdef54f58e44af3ef6370ba047b8ec3cad99d7879f1248&amp;smart=true&amp;width=3000&amp;height=2000\" alt=\"El Gobierno capt\u00f3 otros US$700 millones para afrontar el pago a bonistas.\" height=\"2000\" width=\"3000\" \/><\/p>\n<p>El Gobierno capt\u00f3 <b>otros US$700 millones del mercado local<\/b> en el quinto cap\u00edtulo de las licitaciones quincenales con cupo que realiza de bonos en esa moneda, buscando recolectar los billetes con los que cubrir\u00e1 parte del pago por <b>US$4200 millones a los bonistas<\/b>, pautado para el 9 de julio.<\/p>\n<p>Se trata del <b>mayor monto obtenido por este tipo de colocaciones<\/b>, que se iniciaron casi t\u00edmidamente a fines de febrero con la oferta del Bonar 2027 (AO27) y se ampliaron a fines de marzo cuando se anex\u00f3 el Bonar 2028 (AO28). Esto ya se descontaba, dado que en esta licitaci\u00f3n adem\u00e1s se elev\u00f3 de <b>US$150 a US$350 millones<\/b> el total ofrecido.<\/p>\n<ul>\n<li><b>Manuel Adorni<\/b> llegar\u00e1 al Congreso a las 10.30 para dar su primer informe de gesti\u00f3n como jefe de Gabinete en la C\u00e1mara de Diputados.<\/li>\n<li>El esquema prev\u00e9 una <b>exposici\u00f3n inicial de una hora<\/b>. Los diputados dispondr\u00e1n de 240 minutos para formular preguntas que <b>Adorni responder\u00e1 en tandas de 20 minutos<\/b>. Se estima que <b>la sesi\u00f3n se extienda durante seis horas<\/b>.<\/li>\n<li>En los palcos de la C\u00e1mara baja se espera la presencia del presidente <b>Javier Milei, de su hermana, Karina<\/b>, y funcionarios del Gobierno.<\/li>\n<li>El jefe de Gabinete est\u00e1 siendo investigado por presunto enriquecimiento il\u00edcito. <\/li>\n<\/ul>\n<p>El oficialismo y la oposici\u00f3n se preparan para una <b>sesi\u00f3n caliente<\/b> el pr\u00f3ximo mi\u00e9rcoles en la <b>C\u00e1mara de Diputados<\/b>. Con la presencia confirmada del presidente <b>Javier Milei en el palco principal<\/b>, el jefe de Gabinete, <b>Manuel Adorni, dar\u00e1 su primer informe de gesti\u00f3n<\/b> frente a una oposici\u00f3n dispuesta a acorralarlo por las acusaciones sobre <b>presunto enriquecimiento il\u00edcito<\/b> que investiga la Justicia.<\/p>\n<p><img loading=\"lazy\" decoding=\"async\" src=\"https:\/\/resizer.glanacion.com\/resizer\/v2\/ET2UZCPM6BCULPA6O6RA2GZYSE.jpg?auth=67da03859d71e601e720705f30bb94f9f160ddc34ee98cb8b398fabf0939fb94&amp;smart=true&amp;width=2000&amp;height=1333\" alt=\"Manuel Adorni y Javier Milei\" height=\"1333\" width=\"2000\" \/><\/p>\n<p><b>\u201cVoy a estar ah\u00ed. Voy a ir a escuchar a mi jefe de Gabinete\u201d<\/b>, ratific\u00f3 Milei, ayer, durante una charla con un canal de <i>streaming<\/i>. En la bancada libertaria dan por descontado que el Presidente llegar\u00e1 escoltado por la plana mayor de su gabinete, incluida <b>Karina Milei<\/b>, su hermana: toda una se\u00f1al de respaldo al ministro coordinador, cuyo crecimiento patrimonial \u2212que incluye compra de inmuebles y viajes al exterior\u2212 est\u00e1 bajo la lupa judicial.<\/p>\n<p>El presidente <b>Javier Milei<\/b> confirm\u00f3 este jueves que acompa\u00f1ar\u00e1 al jefe de Gabinete, <b>Manuel Adorni<\/b>, en su exposici\u00f3n del pr\u00f3ximo mi\u00e9rcoles <a href=\"https:\/\/www.lanacion.com.ar\/politica\/el-oficialismo-prepara-el-terreno-para-defender-a-adorni-y-no-descarta-la-presencia-de-milei-nid13042026\/\" rel=\"\" title=\"https:\/\/www.lanacion.com.ar\/politica\/el-oficialismo-prepara-el-terreno-para-defender-a-adorni-y-no-descarta-la-presencia-de-milei-nid13042026\/\">en el Congreso<\/a>. <b>\u201cVoy a estar ah\u00ed. Voy a ir a escuchar a mi jefe de Gabinete\u201d<\/b>, confirm\u00f3. Tambi\u00e9n <b>dijo que ir\u00e1 por la reelecci\u00f3n<\/b> y brind\u00f3 detalles de su encuentro con el empresario estadounidense <b>Peter Thiel<\/b>.<\/p>\n<p><img loading=\"lazy\" decoding=\"async\" src=\"https:\/\/resizer.glanacion.com\/resizer\/v2\/FZ7W7RWJVNHX5KETCBU2U7T2QA.JPG?auth=6548bb24261d4e9daa992720e3fc2dc5abaa9a7701a38d2e2a2b58fdc08f3b04&amp;smart=true&amp;width=2000&amp;height=1125\" alt=\"La hermana del Presidente se mostr\u00f3 junto al jefe de Gabinete en la cena de la Fundaci\u00f3n Libertad\" height=\"1125\" width=\"2000\" \/><\/p>\n<p>Adorni dar\u00e1 su informe de gesti\u00f3n el pr\u00f3ximo 29 de abril, que <a href=\"https:\/\/www.lanacion.com.ar\/politica\/con-el-aval-de-milei-adorni-ya-prepara-una-defensa-judicial-para-su-exposicion-en-el-congreso-nid14042026\/\" rel=\"\" title=\"https:\/\/www.lanacion.com.ar\/politica\/con-el-aval-de-milei-adorni-ya-prepara-una-defensa-judicial-para-su-exposicion-en-el-congreso-nid14042026\/\">se estaba preparando en Casa Rosada<\/a> con dos equipos que trabajan en forma paralela.<\/p>\n<p>La Oficina Anticorrupci\u00f3n extendi\u00f3 el plazo para que los funcionarios de la administraci\u00f3n p\u00fablica presenten sus declaraciones juradas.<\/p>\n<p>La noticia surge en medio del esc\u00e1ndalo que involucra al jefe de Gabinete, <b>Manuel Adorni<\/b>, por sus propiedades y los pr\u00e9stamos que tom\u00f3 para adquirirlas, y la reciente <a href=\"https:\/\/www.lanacion.com.ar\/politica\/detectan-a-un-funcionario-del-gobierno-con-propiedades-y-sociedades-sin-declarar-en-estados-unidos-nid22042026\/\" rel=\"\" title=\"https:\/\/www.lanacion.com.ar\/politica\/detectan-a-un-funcionario-del-gobierno-con-propiedades-y-sociedades-sin-declarar-en-estados-unidos-nid22042026\/\">revelaci\u00f3n <\/a>del patrimonio sin declarar en Estados Unidos del m\u00e1ximo responsable de Infraestructura y Transporte del ministerio de Econom\u00eda, <b>Carlos Frugoni<\/b>.<\/p>\n<p>El organismo, a cargo desde hace un mes de <a href=\"https:\/\/www.lanacion.com.ar\/politica\/la-nueva-oficina-anticorrupcion-quedo-al-mando-de-una-jueza-conocida-de-mahiques-y-lejos-del-perfil-nid27032026\/\" rel=\"\" title=\"https:\/\/www.lanacion.com.ar\/politica\/la-nueva-oficina-anticorrupcion-quedo-al-mando-de-una-jueza-conocida-de-mahiques-y-lejos-del-perfil-nid27032026\/\"><b>Gabriela Zangaro<\/b><\/a><b>, <\/b>emiti\u00f3 este viernes un comunicado y la <a href=\"https:\/\/www.boletinoficial.gob.ar\/detalleAviso\/primera\/341137\/20260424\" rel=\"\" title=\"https:\/\/www.boletinoficial.gob.ar\/detalleAviso\/primera\/341137\/20260424\">Resoluci\u00f3n 3\/2026<\/a> en la que se <b>prorroga el plazo hasta el 31 de julio para las presentaciones referidas a 2025. La fecha original era el 30 de mayo.<\/b><\/p>\n<p>El Consejo de la Magistratura convoc\u00f3 para este jueves a la Comisi\u00f3n de Selecci\u00f3n para tratar los <b>concursos <\/b>que buscan <b>reemplazar a Leopoldo Bruglia y Pablo Bertuzzi<\/b>, integrantes de la estrat\u00e9gica <b>C\u00e1mara Federal porte\u00f1a<\/b>, un tribunal intermedio que interviene en <b>todos los casos de corrupci\u00f3n<\/b>, ya sea para confirmar sus avances y dejarlos llegar a juicio oral, o para frenarlos y evitar que contin\u00faen los procesos.<\/p>\n<p>De este modo \u2212como anticip\u00f3 <b>LA NACION<\/b> hace siete d\u00edas\u2212 <b>comenz\u00f3 el proceso para reconfigurar la mitad de ese tribunal clave<\/b>, ya que un tercer camarista, <b>Mart\u00edn Irurzun<\/b>, cumple 75 a\u00f1os el 18 de julio y el Gobierno viene demorando la decisi\u00f3n de enviar su pliego al Senado para darle un nuevo acuerdo por cinco a\u00f1os m\u00e1s. Todo hace pensar que se jubilar\u00e1.<\/p>\n<p>El presidente de la Corte Suprema de Justicia, <b>Horacio Rosatti<\/b>, particip\u00f3 hoy de la ExpoEFI y advirti\u00f3 sobre la necesidad de <b>respetar la institucionalidad<\/b> para alcanzar un desarrollo econ\u00f3mico sostenible. En este contexto, defendi\u00f3 una simplificaci\u00f3n en materia tributaria y pidi\u00f3 por un mayor consenso entre distintos sectores pol\u00edticos para <b>limitar la judicializaci\u00f3n de los programas gubernamentales <\/b>y evitar, as\u00ed, demoras en su aplicaci\u00f3n.<\/p>\n<p><img loading=\"lazy\" decoding=\"async\" src=\"https:\/\/resizer.glanacion.com\/resizer\/v2\/5LVXWPVP4RCNNKJYDKU3DRSPCQ.JPG?auth=758722c8ffd9d03eca4705fe08fd8dbde74b594ef81294ea1bc8892c20fdff7c&amp;smart=true&amp;width=1280&amp;height=853\" alt=\"El letrado durante su alocuci\u00f3n \" height=\"853\" width=\"1280\" \/><\/p>\n<p>\u201cBuena parte de las frustraciones argentinas por un desarrollo econ\u00f3mico sostenido est\u00e1n relacionadas con<b> fallas en la institucionalidad<\/b>, por no tener en cuenta los aspectos institucionales\u201d, explic\u00f3 el tambi\u00e9n presidente del Consejo de la Magistratura. \u201cEs muy importante que incorporemos la calidad institucional como un elemento sustantivo para determinar el desarrollo de los pa\u00edses\u201d, continu\u00f3 en relaci\u00f3n al respeto de las normas, pero tambi\u00e9n a la <b>divisi\u00f3n de poderes y la independencia del Poder Judicial<\/b>.<\/p>\n<p><b>Elisa Carri\u00f3<\/b>, referente de la Coalici\u00f3n C\u00edvica ARI (CC-ARI), comparti\u00f3 este martes un ir\u00f3nico video contra el jefe de Gabinete, Manuel Adorni, <a href=\"https:\/\/www.lanacion.com.ar\/politica\/manuel-adorni-ensayo-su-presentacion-en-el-congreso-bajo-un-ferreo-operativo-de-seguridad-nid27042026\/\" rel=\"\" title=\"https:\/\/www.lanacion.com.ar\/politica\/manuel-adorni-ensayo-su-presentacion-en-el-congreso-bajo-un-ferreo-operativo-de-seguridad-nid27042026\/\">en la v\u00edspera de su presentaci\u00f3n en el Congreso<\/a>. Adorni, quien es investigado por la Justicia por presunto enriquecimiento il\u00edcito, exhibir\u00e1 su informe de gesti\u00f3n el mi\u00e9rcoles en Diputados.<\/p>\n<p>La breve filmaci\u00f3n que subi\u00f3 Carri\u00f3 la muestra llorando en un ba\u00f1o y sec\u00e1ndose las l\u00e1grimas con un pa\u00f1uelo. \u201c\u00bfPor qu\u00e9 lloras?\u201c, le pregunta quien graba el video. <b>\u201dPor Adorni. Pobrecito. Se compr\u00f3 todas estas casas en dos a\u00f1os. Y lo atacan&#8221;<\/b>, dice, en referencia a la adquisici\u00f3n de un departamento en Caballito y una casa en el country Indio Cua. Sobre el final de la filmaci\u00f3n, se puede ver a la exlegisladora nacional riendo delante de la c\u00e1mara.<\/p>\n<p>El jefe de Gabinete, <b>Manuel Adorni<\/b>, romper\u00e1 un silencio de semanas este mi\u00e9rcoles, cuando presente el informe de gesti\u00f3n ante el Congreso. All\u00ed, seg\u00fan pudo saber <b>LA NACION <\/b>de colaboradores directos del ministro, dar\u00e1<b> \u201cun discurso institucional de poco m\u00e1s de una hora\u201d<\/b> que tendr\u00e1 como <b>\u201cfoco los logros econ\u00f3micos y la estabilidad macro\u201d <\/b>del Gobierno, adem\u00e1s de <b>\u201clas reformas hechas y las pendientes\u201d<\/b>.<\/p>\n<p><img loading=\"lazy\" decoding=\"async\" src=\"https:\/\/resizer.glanacion.com\/resizer\/v2\/SH33B6UBOVGMLCVY6IA2BR6FT4.jpg?auth=f1babbbfa8c2b81c69cd0b282ae6f756af9da2f69d70d23fe35799c1bf4662de&amp;smart=true&amp;width=2000&amp;height=1333\" alt=\"Alta expectativa por la aparici\u00f3n de Adorni en el Congreso\" height=\"1333\" width=\"2000\" \/><\/p>\n<p>Casi todo lo dem\u00e1s es hasta ahora un misterio. O, al menos, el hermetismo es la estrategia que prima en la Casa Rosada, donde se muestran convencidos de que la presentaci\u00f3n del jefe de Gabinete <b>\u201cser\u00e1 exitosa\u201d<\/b>.<\/p>\n<p>El presidente<b> <\/b><a href=\"https:\/\/www.lanacion.com.ar\/politica\/milei-y-macri-vuelven-a-compartir-un-ambito-politico-luego-de-seis-meses-en-la-cena-de-la-fundacion-nid27042026\/\" rel=\"\" title=\"https:\/\/www.lanacion.com.ar\/politica\/milei-y-macri-vuelven-a-compartir-un-ambito-politico-luego-de-seis-meses-en-la-cena-de-la-fundacion-nid27042026\/\"><b>Javier Milei<\/b><\/a> fue el encargado de brindar el discurso de cierre de la cena anual de la <b>Fundaci\u00f3n Libertad<\/b>, evento que se celebr\u00f3 en Parque Norte. El mandatario hizo uso de la palabra desde las 21.45 y concluy\u00f3 a las 23. Previo a su disertaci\u00f3n, recibi\u00f3 el premio Libertad 2026 por parte de Alberto Benegas Lynch (h).<\/p>\n<p><img loading=\"lazy\" decoding=\"async\" src=\"https:\/\/resizer.glanacion.com\/resizer\/v2\/Y2N65CZ3DZG4LBQPL2IYTRK2YE.png?auth=5217aa1667780e030f70668df82b5cb2eadc106191b66553ff5016069e852fb6&amp;smart=true&amp;width=949&amp;height=653\" alt=\"El presidente Javier Milei durante el debate sobre \u201cKeynes y la Teor\u00eda General\u201d en el Palacio Libertad\" height=\"653\" width=\"949\" \/><\/p>\n<p>El titular de <b>La Libertad Avanza (LLA) <\/b>comenz\u00f3 solidariz\u00e1ndose con el presidente de Estados Unidos, Donald Trump, tras el tiroteo ocurrido durante la <a href=\"https:\/\/www.lanacion.com.ar\/estados-unidos\/evacuaron-a-trump-de-la-casa-blanca-por-una-amenaza-durante-una-cena-con-periodistas-nid25042026\/\" rel=\"\" title=\"https:\/\/www.lanacion.com.ar\/estados-unidos\/evacuaron-a-trump-de-la-casa-blanca-por-una-amenaza-durante-una-cena-con-periodistas-nid25042026\/\">cena anual de corresponsales de la Casa Blanca<\/a> en Washington: \u201c<b>Quiero expresar mi m\u00e1s en\u00e9rgico repudio al intento de asesinato contra Trump. <\/b>Estamos ante un nuevo auge de la violencia pol\u00edtica contra el mundo libre. Debe ser detenido en sus inicios. Hay muchos que no toleran perder la batalla en las urnas. Esas personas no son compatibles con la democracia. Debe ser castigado con todo el peso de la ley\u201d.<\/p>\n<p>\u201cNo hay mucho de qu\u00e9 hablar. El sabe perfecto lo que pienso\u201d. El comentario sali\u00f3, seg\u00fan cuentan muy cerca de <b>Mauricio Macri<\/b>, de boca del expresidente, y explica el desencuentro con el presidente <b>Javier Milei<\/b>. Anoche, en la cena de la Fundaci\u00f3n Libertad, ambos tomaron recaudos para <a href=\"https:\/\/www.lanacion.com.ar\/politica\/milei-y-macri-vuelven-a-compartir-un-ambito-politico-luego-de-seis-meses-en-la-cena-de-la-fundacion-nid27042026\/\" rel=\"\" title=\"https:\/\/www.lanacion.com.ar\/politica\/milei-y-macri-vuelven-a-compartir-un-ambito-politico-luego-de-seis-meses-en-la-cena-de-la-fundacion-nid27042026\/\">no cruzarse<\/a>, evidenciando una tensi\u00f3n que lleva meses y parece lejos de resolverse. Por el contrario: desde ambos b\u00fankeres aseguran que la puja, mitad p\u00fablica, mitad discreta, tendr\u00e1 nuevos escenarios, en el Congreso y fuera de \u00e9l, en las pr\u00f3ximas semanas.<\/p>\n<p><img loading=\"lazy\" decoding=\"async\" src=\"https:\/\/resizer.glanacion.com\/resizer\/v2\/565Y3DCGOBFAXPK6D6J6W75JOA.JPG?auth=9c0af3627e0058d322a6715597ade396aadb572f37b3774b8875c6785b5bdf0c&amp;smart=true&amp;width=2000&amp;height=1333\" alt=\"Javier Milei y Mauricio Macri \" height=\"1333\" width=\"2000\" \/><\/p>\n<p>Aquel encuentro en Olivos, milanesas mediante, en el que Macri le expres\u00f3 de modo directo al Presidente sus <a href=\"https:\/\/www.lanacion.com.ar\/politica\/tristeza-y-desilusion-mauricio-macri-se-fue-disgustado-de-olivos-por-los-cambios-en-el-gabinete-y-se-nid01112025\/\" rel=\"\" title=\"https:\/\/www.lanacion.com.ar\/politica\/tristeza-y-desilusion-mauricio-macri-se-fue-disgustado-de-olivos-por-los-cambios-en-el-gabinete-y-se-nid01112025\/\">reparos <\/a>hacia la elecci\u00f3n de <b>Manuel Adorni<\/b> como jefe de gabinete en reemplazo de <b>Guillermo Francos<\/b>, fue el \u00faltimo contacto. \u201cNo volvieron ni siquiera a chatear\u201d, afirmaron desde el macrismo. \u201cEntre ellos, nada de nada\u201d, describi\u00f3 un alto funcionario nacional desde la Casa Rosada, cerrada por cuarto d\u00eda h\u00e1bil para los periodistas acreditados.<\/p>\n<p>La Justicia recibi\u00f3 nueva informaci\u00f3n sobre los gastos de la familia de <a href=\"https:\/\/www.lanacion.com.ar\/politica\/manuel-adorni-se-enfrenta-al-interrogatorio-de-diputados-con-el-apoyo-de-milei-y-la-militancia-nid28042026\/\" rel=\"\" title=\"https:\/\/www.lanacion.com.ar\/politica\/manuel-adorni-se-enfrenta-al-interrogatorio-de-diputados-con-el-apoyo-de-milei-y-la-militancia-nid28042026\/\"><b>Manuel Adorni<\/b><\/a><b> <\/b>en el marco de la causa que investiga al jefe de Gabinete por presunto enriquecimiento il\u00edcito. Su pareja, <b>Bettina Angeletti<\/b>, gast\u00f3 alrededor de<b> 6000 d\u00f3lares en efectivo <\/b>en un viaje realizado a Espa\u00f1a, en septiembre del a\u00f1o pasado, seg\u00fan fuentes de los tribunales.<\/p>\n<p><img loading=\"lazy\" decoding=\"async\" src=\"https:\/\/resizer.glanacion.com\/resizer\/v2\/OMCGZAZP3BFUJJIFVOYPEQ3ZZQ.png?auth=57e589a8374415c6e986a3ddb29c38a80edd9e2cd2dffe206a54c7ad89b76137&amp;smart=true&amp;width=2000&amp;height=1333\" alt=\"Manuel Adorni justific\u00f3 el viaje de su esposa junto a la comitiva oficial\" height=\"1333\" width=\"2000\" \/><\/p>\n<p>El monto es la suma aproximada del costo de los pasajes y la estad\u00eda en el pa\u00eds ib\u00e9rico, y se a\u00f1ade a la lista de gastos que el fiscal <b>Gerardo Pollicita <\/b>elabora en busca de determinar si el estilo de vida del funcionario se corresponde o no con sus ingresos.<\/p>\n<p>Con el respaldo expl\u00edcito del Presidente, <b>Karina Milei<\/b> y buena parte del Gabinete,<b> Manuel Adorni<\/b> se enfrentar\u00e1 este mi\u00e9rcoles a un extenso interrogatorio en Diputados. El informe de gesti\u00f3n, que en condiciones normales es un tr\u00e1mite institucional, estar\u00e1 marcado por <a href=\"https:\/\/www.lanacion.com.ar\/politica\/la-justicia-investiga-la-refaccion-integral-del-departamento-de-adorni-en-caballito-cocina-banos-y-nid15042026\/\" rel=\"\" title=\"https:\/\/www.lanacion.com.ar\/politica\/la-justicia-investiga-la-refaccion-integral-del-departamento-de-adorni-en-caballito-cocina-banos-y-nid15042026\/\">la<b> <\/b>investigaci\u00f3n judicial <\/a>en curso por su presunto crecimiento patrimonial y por la estrategia opositora para exponerlo.<\/p>\n<p>La sesi\u00f3n est\u00e1 convocada para las 10.30. En ella, habr\u00e1 una se\u00f1al pol\u00edtica insoslayable: el oficialismo convertir\u00e1 el recinto en una demostraci\u00f3n de respaldo. Estar\u00e1n presentes <b>Javier Milei<\/b>, la secretaria General de la Presidencia, la mayor\u00eda de los ministros, dirigentes provinciales, algunos senadores y militantes en los palcos. La escena tambi\u00e9n funcionar\u00e1 como un test interno: las ausencias dentro del oficialismo ser\u00e1n seguidas con atenci\u00f3n.<\/p>\n<p>El Jefe de Gabinete se presenta desde las 10.30 en la C\u00e1mara baja; expectativa por su informe en medio de la investigaci\u00f3n sobre su patrimonioPol\u00edticaLA NACION<\/p>","protected":false},"excerpt":{"rendered":"<p>El n\u00famero uno de YPF tiene los n\u00fameros muy claros: el objetivo es que la Argentina exporte en su conjunto&hellip;<\/p>\n","protected":false},"author":1,"featured_media":47169,"comment_status":"closed","ping_status":"closed","sticky":false,"template":"","format":"standard","meta":{"footnotes":""},"categories":[31],"tags":[],"class_list":["post-47168","post","type-post","status-publish","format-standard","has-post-thumbnail","hentry","category-pais"],"_links":{"self":[{"href":"https:\/\/boomdenoticias.com\/index.php?rest_route=\/wp\/v2\/posts\/47168","targetHints":{"allow":["GET"]}}],"collection":[{"href":"https:\/\/boomdenoticias.com\/index.php?rest_route=\/wp\/v2\/posts"}],"about":[{"href":"https:\/\/boomdenoticias.com\/index.php?rest_route=\/wp\/v2\/types\/post"}],"author":[{"embeddable":true,"href":"https:\/\/boomdenoticias.com\/index.php?rest_route=\/wp\/v2\/users\/1"}],"replies":[{"embeddable":true,"href":"https:\/\/boomdenoticias.com\/index.php?rest_route=%2Fwp%2Fv2%2Fcomments&post=47168"}],"version-history":[{"count":0,"href":"https:\/\/boomdenoticias.com\/index.php?rest_route=\/wp\/v2\/posts\/47168\/revisions"}],"wp:featuredmedia":[{"embeddable":true,"href":"https:\/\/boomdenoticias.com\/index.php?rest_route=\/wp\/v2\/media\/47169"}],"wp:attachment":[{"href":"https:\/\/boomdenoticias.com\/index.php?rest_route=%2Fwp%2Fv2%2Fmedia&parent=47168"}],"wp:term":[{"taxonomy":"category","embeddable":true,"href":"https:\/\/boomdenoticias.com\/index.php?rest_route=%2Fwp%2Fv2%2Fcategories&post=47168"},{"taxonomy":"post_tag","embeddable":true,"href":"https:\/\/boomdenoticias.com\/index.php?rest_route=%2Fwp%2Fv2%2Ftags&post=47168"}],"curies":[{"name":"wp","href":"https:\/\/api.w.org\/{rel}","templated":true}]}}