{"id":47166,"date":"2026-04-29T09:12:24","date_gmt":"2026-04-29T12:12:24","guid":{"rendered":"https:\/\/boomdenoticias.com\/?p=47166"},"modified":"2026-04-29T09:12:24","modified_gmt":"2026-04-29T12:12:24","slug":"quien-es-ariel-sbdar-el-ceo-de-cocos-capital-que-se-retiro-abucheado-de-un-evento","status":"publish","type":"post","link":"https:\/\/boomdenoticias.com\/?p=47166","title":{"rendered":"Qui\u00e9n es Ariel Sbdar, el CEO de Cocos Capital que se retir\u00f3 abucheado de un evento"},"content":{"rendered":"<p>El CEO y cofundador de<b> Cocos Capital, Ariel Sbdar, fue abucheado<\/b> el martes durante su exposici\u00f3n en el evento <b>Experiencia Endeavor Sub20<\/b>. Parte del p\u00fablico, <a href=\"https:\/\/www.lanacion.com.ar\/economia\/negocios\/mas-de-12000-jovenes-colmaron-el-movistar-arena-para-escuchar-a-emprendedores-y-a-maria-becerra-nid28042026\/\" target=\"_blank\" rel=\"noreferrer\" title=\"https:\/\/www.lanacion.com.ar\/economia\/negocios\/mas-de-12000-jovenes-colmaron-el-movistar-arena-para-escuchar-a-emprendedores-y-a-maria-becerra-nid28042026\/\">conformado por estudiantes del colegio secundario<\/a>, silb\u00f3 tras su aparici\u00f3n y core\u00f3 canciones en su contra.<\/p>\n<p>Sbdar es <b>licenciado en Econom\u00eda Empresarial<\/b> por la Universidad Torcuato Di Tella (<b>UTDT<\/b>) y exintegrante del club de finanzas de la misma. Tambi\u00e9n es <b>mag\u00edster en Administraci\u00f3n<\/b> por la escuela de negocios <b>HEC Par\u00eds<\/b>, en Francia, donde se especializ\u00f3 en fusiones y adquisiciones (M&amp;A, por las siglas de mergers and acquisitions en ingl\u00e9s).<\/p>\n<p><img loading=\"lazy\" decoding=\"async\" src=\"https:\/\/resizer.glanacion.com\/resizer\/v2\/OUWO7BK2CZBCDFTZYFHI3VOJ4Y.jpeg?auth=99646a5287c8835da74dd5fa6c30d08802803efdf6bfeeb9a9dd6da2582aae24&amp;smart=true&amp;width=800&amp;height=800\" alt=\"Ariel Sbdar es licenciado en Econom\u00eda Empresarial por la UTDT\" height=\"800\" width=\"800\" \/><\/p>\n<p>Antes de lanzar su propia plataforma de inversiones en noviembre de 2020, trabaj\u00f3 como <b>asociado de M&amp;A en el Banco Macro<\/b> y se desempe\u00f1\u00f3 como <b>jefe de estrategia en el BIND<\/b> (Banco Industrial). Tambi\u00e9n cumpli\u00f3 funciones en la mesa de dinero de <b>Allaria Ledesma<\/b>, donde se especializ\u00f3 en la estructuraci\u00f3n de deuda y bonos soberanos.<\/p>\n<p>El abucheo a Sbdar tuvo lugar en el <b>Movistar Arena<\/b>, donde el referente de las billeteras virtuales buscaba exponer sobre <b>inteligencia artificial<\/b> y herramientas de <b>finanzas personales frente a 12.000 alumnos de colegios secundarios<\/b>. <\/p>\n<p>Los j\u00f3venes interrumpieron el inicio de la charla con <b>reclamos <\/b>a Sbdar debido a la promoci\u00f3n del token $LIBRA a trav\u00e9s de sus redes sociales. <b>\u201c\u00bfEntienden que el $LIBRA de Milei ya vale m\u00e1s que much\u00edsimas compa\u00f1\u00edas argentinas?\u201d<\/b>, afirm\u00f3 el CEO sobre el lanzamiento del activo que, promocionado por el presidente Javier Milei, gener\u00f3 p\u00e9rdidas y deriv\u00f3 en <a href=\"https:\/\/www.lanacion.com.ar\/politica\/las-pruebas-que-derrumban-todas-las-explicaciones-de-milei-sobre-libra-nid16032026\/\" target=\"_blank\" rel=\"noreferrer\" title=\"https:\/\/www.lanacion.com.ar\/politica\/las-pruebas-que-derrumban-todas-las-explicaciones-de-milei-sobre-libra-nid16032026\/\">el inicio de una investigaci\u00f3n judicial contra el mandatario.<\/a><\/p>\n<figure><video height=\"542\" width=\"960\" poster=\"https:\/\/cdn.jwplayer.com\/v2\/media\/zf0wRAbe\/poster.jpg?width=720\" preload=\"none\"><\/video><figcaption>Abuchearon al CEO de Cocos Capital<\/figcaption><\/figure>\n<p>\u201c<b>\u00bfA bueno, se ve que tengo fan\u00e1ticos?<\/b>\u201d, ironiz\u00f3 Sbdar, mientras los gritos de \u201c<b>vendepatria<\/b>\u201d ganaban fuerza en el estadio. El empresario intent\u00f3 continuar con su presentaci\u00f3n, pero el clima se mantuvo tenso y se retir\u00f3 de forma anticipada.<\/p>\n<p><a href=\"https:\/\/www.lanacion.com.ar\/economia\/abuchearon-al-ceo-de-cocos-capital-que-debio-abandonar-una-charla-nid28042026\/\" target=\"_blank\" rel=\"noreferrer\" title=\"https:\/\/www.lanacion.com.ar\/economia\/abuchearon-al-ceo-de-cocos-capital-que-debio-abandonar-una-charla-nid28042026\/\">Tras retirarse del escenario, utiliz\u00f3 sus redes sociales<\/a> para cuestionar el avance de la &#8220;<b>grieta<\/b>&#8220;<b> <\/b>en estos \u00e1mbitos. En su descargo, sostuvo que se perdi\u00f3 una oportunidad de aprendizaje para los estudiantes y confirm\u00f3 que <b>publicar\u00e1 el contenido de su capacitaci\u00f3n de forma digital<\/b>.<\/p>\n<figure><video height=\"1280\" width=\"720\" poster=\"https:\/\/cdn.jwplayer.com\/v2\/media\/3bkXA6EX\/poster.jpg?width=720\" preload=\"none\"><\/video><figcaption>Las declaraciones de Sbdar tras el abucheo<\/figcaption><\/figure>\n<p>\u201c<b>No pude dar la charla<\/b>, y eso es una oportunidad que se pierde para muchos j\u00f3venes que estaban ah\u00ed con ganas de aprender y participar. Me escribieron varios que <b>se quedaron con esa expectativa<\/b>\u201d, expres\u00f3 sobre lo ocurrido. <\/p>\n<p>\u201cEsto no cambia lo importante. Al contrario, refuerza una convicci\u00f3n: <b>hacen falta m\u00e1s espacios donde se pueda aprender y compartir conocimiento<\/b>. Nuestro compromiso es con la educaci\u00f3n financiera y con generar oportunidades. Y voy a seguir yendo a hablar con j\u00f3venes, porque estoy convencido de que ese es el camino\u201d, concluy\u00f3.<\/p>\n<p>El fundador de Cocos Capital se present\u00f3 en el foro Experiencia Endeavor Sub20 y fue interrumpido a los gritos por parte de los estudiantes que asistieron a la convocatoriaEconom\u00edaLA NACION<\/p>","protected":false},"excerpt":{"rendered":"<p>El CEO y cofundador de Cocos Capital, Ariel Sbdar, fue abucheado el martes durante su exposici\u00f3n en el evento Experiencia&hellip;<\/p>\n","protected":false},"author":1,"featured_media":47167,"comment_status":"closed","ping_status":"closed","sticky":false,"template":"","format":"standard","meta":{"footnotes":""},"categories":[31],"tags":[],"class_list":["post-47166","post","type-post","status-publish","format-standard","has-post-thumbnail","hentry","category-pais"],"_links":{"self":[{"href":"https:\/\/boomdenoticias.com\/index.php?rest_route=\/wp\/v2\/posts\/47166","targetHints":{"allow":["GET"]}}],"collection":[{"href":"https:\/\/boomdenoticias.com\/index.php?rest_route=\/wp\/v2\/posts"}],"about":[{"href":"https:\/\/boomdenoticias.com\/index.php?rest_route=\/wp\/v2\/types\/post"}],"author":[{"embeddable":true,"href":"https:\/\/boomdenoticias.com\/index.php?rest_route=\/wp\/v2\/users\/1"}],"replies":[{"embeddable":true,"href":"https:\/\/boomdenoticias.com\/index.php?rest_route=%2Fwp%2Fv2%2Fcomments&post=47166"}],"version-history":[{"count":0,"href":"https:\/\/boomdenoticias.com\/index.php?rest_route=\/wp\/v2\/posts\/47166\/revisions"}],"wp:featuredmedia":[{"embeddable":true,"href":"https:\/\/boomdenoticias.com\/index.php?rest_route=\/wp\/v2\/media\/47167"}],"wp:attachment":[{"href":"https:\/\/boomdenoticias.com\/index.php?rest_route=%2Fwp%2Fv2%2Fmedia&parent=47166"}],"wp:term":[{"taxonomy":"category","embeddable":true,"href":"https:\/\/boomdenoticias.com\/index.php?rest_route=%2Fwp%2Fv2%2Fcategories&post=47166"},{"taxonomy":"post_tag","embeddable":true,"href":"https:\/\/boomdenoticias.com\/index.php?rest_route=%2Fwp%2Fv2%2Ftags&post=47166"}],"curies":[{"name":"wp","href":"https:\/\/api.w.org\/{rel}","templated":true}]}}