{"id":47144,"date":"2026-04-28T21:17:29","date_gmt":"2026-04-29T00:17:29","guid":{"rendered":"https:\/\/boomdenoticias.com\/?p=47144"},"modified":"2026-04-28T21:17:29","modified_gmt":"2026-04-29T00:17:29","slug":"cruzeiro-vs-boca-en-vivo-el-minuto-a-minuto-del-partido-por-la-copa-libertadores","status":"publish","type":"post","link":"https:\/\/boomdenoticias.com\/?p=47144","title":{"rendered":"Cruzeiro vs. Boca, en vivo: el minuto a minuto del partido por la Copa Libertadores"},"content":{"rendered":"<p>Se espera una gran convocatoria de hinchas de Boca en Belo Horizonte. Los hinchas xeneizes copar\u00edan los 2000 lugares que ten\u00edan disponibles en el estadio Mineir\u00e3o para alentar al equipo.<\/p>\n<p><img loading=\"lazy\" decoding=\"async\" src=\"https:\/\/resizer.glanacion.com\/resizer\/v2\/G56YBQHHNRFI3GP4Z3CCKDP7UE.jpg?auth=b6dc14408a3f7767cae1f5f1c5d7b70a2bee8bafe1ab80a12da92d9b4ef05bcb&amp;smart=true&amp;width=2048&amp;height=1170\" alt=\"Los hinchas de Boca copan el Mineir\u00e3o en Belo Horizonte\" height=\"1170\" width=\"2048\" \/><\/p>\n<p>El equipo brasile\u00f1o dirigido por el portugu\u00e9s Artur Jorge, tiene en del equipo titular al argentino Lucas Romero, que adem\u00e1s es capit\u00e1n. En el banco estar\u00e1 Lucas Villalba.<\/p>\n<p><b>El 11 de Cruzeiro:<\/b> Ot\u00e1vio Costa; Fagner, Fabr\u00edcio Bruno, Jonathan Jesus, Kaiki; Lucas Romero (c), G\u00e9rson; Christian, Matheus Pereira, Keny Arroyo; y Kaio Jorge.<\/p>\n<blockquote class=\"twitter-tweet\">\n<p lang=\"pt\" dir=\"ltr\">\ud83e\udd8a\ud83d\udcdd O Cruzeiro est\u00e1 escalado para o jogo contra o Boca Juniors pela CONMEBOL Libertadores! VAMOS, CABULOSO!!<\/p>\n<p>\ud83d\udd37 <a href=\"https:\/\/twitter.com\/hashtag\/CRUxCABJ?src=hash&amp;ref_src=twsrc%5Etfw\">#CRUxCABJ<\/a> <a href=\"https:\/\/twitter.com\/hashtag\/LaBestiaNegra?src=hash&amp;ref_src=twsrc%5Etfw\">#LaBestiaNegra<\/a> <a href=\"https:\/\/t.co\/hIwzEWi5Hl\">pic.twitter.com\/hIwzEWi5Hl<\/a><\/p>\n<p>\u2014 Cruzeiro \ud83e\udd8a (@Cruzeiro) <a href=\"https:\/\/twitter.com\/Cruzeiro\/status\/2049263962458370540?ref_src=twsrc%5Etfw\">April 28, 2026<\/a><\/p><\/blockquote>\n<p>Claudio Ubeda pone su habitual equipo titular para un partido clave en Brasil, con el capit\u00e1n Leandro Paredes como eje en el mediocampo.<\/p>\n<p><b>El 11 de Boca<\/b>: Leandro Brey; Marcelo Weigandt, Lautaro Di Lollo, Ayrton Costa, Lautaro Blanco; Santiago Ascac\u00edbar, Leandro Paredes (c), Milton Delgado; Tom\u00e1s Aranda; Adam Bareiro y Miguel Merentiel.<\/p>\n<blockquote class=\"twitter-tweet\">\n<p lang=\"es\" dir=\"ltr\">\ud83d\udccb \u00a1\ud835\udddf\ud835\udde2\ud835\udde6 \ud835\udfed\ud835\udfed \ud835\uddd7\ud835\uddd8 <a href=\"https:\/\/twitter.com\/hashtag\/%F0%9D%97%95%F0%9D%97%A2%F0%9D%97%96%F0%9D%97%94?src=hash&amp;ref_src=twsrc%5Etfw\">#\ud835\uddd5\ud835\udde2\ud835\uddd6\ud835\uddd4<\/a>! \ud83d\udc4a<\/p>\n<p>As\u00ed formar\u00e1 el Xeneize para enfrentar a Cruzeiro en Brasil.<a href=\"https:\/\/twitter.com\/hashtag\/DaleBoca?src=hash&amp;ref_src=twsrc%5Etfw\">#DaleBoca<\/a> \ud83d\udd35\ud83d\udfe1\ud83d\udd35<a href=\"https:\/\/twitter.com\/hashtag\/Libertadores?src=hash&amp;ref_src=twsrc%5Etfw\">#Libertadores<\/a> \ud83c\udfc6 <a href=\"https:\/\/t.co\/fRP5asoA9C\">pic.twitter.com\/fRP5asoA9C<\/a><\/p>\n<p>\u2014 Boca Juniors (@BocaJrsOficial) <a href=\"https:\/\/twitter.com\/BocaJrsOficial\/status\/2049278397105221921?ref_src=twsrc%5Etfw\">April 29, 2026<\/a><\/p><\/blockquote>\n<p>Boca jugar\u00e1 el partido de hoy con la camiseta suplente amarilla, mientras que Cruzeiro utilizar\u00e1 su habitual casaca titular azul.<\/p>\n<p>En la previa del duelo clave por Copa, el club anunci\u00f3 un nuevo paso en el proyecto de ampliaci\u00f3n de accesos a la Bombonera. La CNRT aprob\u00f3 la construcci\u00f3n de torres de circulaci\u00f3n y puentes peatonales, a la espera del visto bueno final para iniciar la obra.<\/p>\n<blockquote class=\"twitter-tweet\">\n<p lang=\"es\" dir=\"ltr\">Estimados socios, socias e hinchas:<\/p>\n<p>Nos pone muy felices compartir con ustedes un nuevo avance muy importante en relaci\u00f3n con los nuevos accesos al estadio, que contemplan la construcci\u00f3n de cuatro torres de circulaci\u00f3n y puentes peatonales.<\/p>\n<p>En el d\u00eda de hoy, el Club recibi\u00f3 la\u2026 <a href=\"https:\/\/t.co\/ZXZbGsIJxq\">pic.twitter.com\/ZXZbGsIJxq<\/a><\/p>\n<p>\u2014 Boca Juniors (@BocaJrsOficial) <a href=\"https:\/\/twitter.com\/BocaJrsOficial\/status\/2049232492994117830?ref_src=twsrc%5Etfw\">April 28, 2026<\/a><\/p><\/blockquote>\n<p>El conjunto brasile\u00f1o necesita sumar tras un inicio irregular en la Copa Libertadores. La derrota como local ante Universidad Cat\u00f3lica lo dej\u00f3 con poco margen de error. Adem\u00e1s, atraviesa un comienzo irregular por el Brasileir\u00e3o, que lo encuentra en el puesto 12.<\/p>\n<p>El equipo xeneize llega en un gran momento y con puntaje perfecto en el grupo, con seis puntos sobre seis. Con una racha de 14 partidos sin perder, y la victoria en el supercl\u00e1sico en el medio ante River, intentar\u00e1 dar un paso clave como visitante.<\/p>\n<p>Boca visita a Cruzeiro este martes desde las 21.30 en el Mineir\u00e3o por la tercera fecha del Grupo D de la Copa Libertadores. Trasmiten Fox Sports, Telef\u00e9 y Disney+, pero podr\u00e1n seguir el minuto a minuto por este medio.<\/p>\n<p>En Belo Horizonte, el equipo de Claudio Ubeda visita al conjunto brasile\u00f1o por la tercera fecha de la fase de gruposF\u00fatbolLA NACION<\/p>","protected":false},"excerpt":{"rendered":"<p>Se espera una gran convocatoria de hinchas de Boca en Belo Horizonte. Los hinchas xeneizes copar\u00edan los 2000 lugares que&hellip;<\/p>\n","protected":false},"author":1,"featured_media":47145,"comment_status":"closed","ping_status":"closed","sticky":false,"template":"","format":"standard","meta":{"footnotes":""},"categories":[31],"tags":[],"class_list":["post-47144","post","type-post","status-publish","format-standard","has-post-thumbnail","hentry","category-pais"],"_links":{"self":[{"href":"https:\/\/boomdenoticias.com\/index.php?rest_route=\/wp\/v2\/posts\/47144","targetHints":{"allow":["GET"]}}],"collection":[{"href":"https:\/\/boomdenoticias.com\/index.php?rest_route=\/wp\/v2\/posts"}],"about":[{"href":"https:\/\/boomdenoticias.com\/index.php?rest_route=\/wp\/v2\/types\/post"}],"author":[{"embeddable":true,"href":"https:\/\/boomdenoticias.com\/index.php?rest_route=\/wp\/v2\/users\/1"}],"replies":[{"embeddable":true,"href":"https:\/\/boomdenoticias.com\/index.php?rest_route=%2Fwp%2Fv2%2Fcomments&post=47144"}],"version-history":[{"count":0,"href":"https:\/\/boomdenoticias.com\/index.php?rest_route=\/wp\/v2\/posts\/47144\/revisions"}],"wp:featuredmedia":[{"embeddable":true,"href":"https:\/\/boomdenoticias.com\/index.php?rest_route=\/wp\/v2\/media\/47145"}],"wp:attachment":[{"href":"https:\/\/boomdenoticias.com\/index.php?rest_route=%2Fwp%2Fv2%2Fmedia&parent=47144"}],"wp:term":[{"taxonomy":"category","embeddable":true,"href":"https:\/\/boomdenoticias.com\/index.php?rest_route=%2Fwp%2Fv2%2Fcategories&post=47144"},{"taxonomy":"post_tag","embeddable":true,"href":"https:\/\/boomdenoticias.com\/index.php?rest_route=%2Fwp%2Fv2%2Ftags&post=47144"}],"curies":[{"name":"wp","href":"https:\/\/api.w.org\/{rel}","templated":true}]}}