{"id":47142,"date":"2026-04-28T20:34:08","date_gmt":"2026-04-28T23:34:08","guid":{"rendered":"https:\/\/boomdenoticias.com\/?p=47142"},"modified":"2026-04-28T20:34:08","modified_gmt":"2026-04-28T23:34:08","slug":"preocupacion-en-la-uia-por-el-suministro-de-gas-en-la-temporada-invernal","status":"publish","type":"post","link":"https:\/\/boomdenoticias.com\/?p=47142","title":{"rendered":"Preocupaci\u00f3n en la UIA por el suministro de gas en la temporada invernal"},"content":{"rendered":"<div><img decoding=\"async\" src=\"https:\/\/srt-app.tadevel-cdn.com\/hostname\/www.cba24n.com.ar\/api\/v1\/image\/article\/69f12e34632e9785849295e9\/facebook?v=6728c6b315dab481a2393f6f354dedea&amp;s=cfcdf6e9caec7f22f7953edd3b9ba98c\" class=\"ff-og-image-inserted\" \/><\/div>\n<p>Las restricciones del abastecimiento de gas frente a la llegada de las bajas temperaturas fue un tema central de la \u00faltima reuni\u00f3n de la mesa ejecutiva de la <strong>Uni\u00f3n Industrial Argentina<\/strong>.<\/p>\n<p><mark><strong>&#8220;Los miembros de la Junta destacaron la importancia de garantizar previsibilidad para el suministro energ\u00e9tico, dada su incidencia directa en la continuidad de los procesos productivos\u201d, indic\u00f3 la entidad empresaria, seg\u00fan inform\u00f3 la agencia <\/strong><\/mark><i><mark><strong>Noticias Argentinas<\/strong><\/mark><\/i><mark><strong>.<\/strong><\/mark><\/p>\n<p>Los representantes de la UIA mantuvieron reuniones con el gobierno nacional para manifestar su preocupaci\u00f3n ante los picos de demanda en la temporada invernal.<\/p>\n<p><mark><strong>Los empresarios industriales destacaron el impacto de &#8220;un contexto internacional atravesado por tensiones geopol\u00edticas que incrementan la volatilidad de los precios energ\u00e9ticos y complejizan las condiciones de abastecimiento\u201d.<\/strong><\/mark><\/p>\n<p>El planteo de la UIA consisti\u00f3 en la revisi\u00f3n de medidas transitorias para atenuar el mayor costo del abastecimiento de GNL sobre la demanda industrial.<\/p>\n<p>Los primeros fr\u00edos en el pa\u00eds activaron este martes la suspensi\u00f3n del suministro de gas para estaciones e industrias con servicios interrumpibles.\u00a0<\/p>\n<p><strong><a href=\"https:\/\/blockads.fivefilters.org\/\">Adblock test<\/a><\/strong> <a href=\"https:\/\/blockads.fivefilters.org\/acceptable.html\">(Why?)<\/a><\/p>","protected":false},"excerpt":{"rendered":"<p>Las restricciones del abastecimiento de gas frente a la llegada de las bajas temperaturas fue un tema central de la&hellip;<\/p>\n","protected":false},"author":1,"featured_media":47143,"comment_status":"closed","ping_status":"closed","sticky":false,"template":"","format":"standard","meta":{"footnotes":""},"categories":[1],"tags":[],"class_list":["post-47142","post","type-post","status-publish","format-standard","has-post-thumbnail","hentry","category-blog"],"_links":{"self":[{"href":"https:\/\/boomdenoticias.com\/index.php?rest_route=\/wp\/v2\/posts\/47142","targetHints":{"allow":["GET"]}}],"collection":[{"href":"https:\/\/boomdenoticias.com\/index.php?rest_route=\/wp\/v2\/posts"}],"about":[{"href":"https:\/\/boomdenoticias.com\/index.php?rest_route=\/wp\/v2\/types\/post"}],"author":[{"embeddable":true,"href":"https:\/\/boomdenoticias.com\/index.php?rest_route=\/wp\/v2\/users\/1"}],"replies":[{"embeddable":true,"href":"https:\/\/boomdenoticias.com\/index.php?rest_route=%2Fwp%2Fv2%2Fcomments&post=47142"}],"version-history":[{"count":0,"href":"https:\/\/boomdenoticias.com\/index.php?rest_route=\/wp\/v2\/posts\/47142\/revisions"}],"wp:featuredmedia":[{"embeddable":true,"href":"https:\/\/boomdenoticias.com\/index.php?rest_route=\/wp\/v2\/media\/47143"}],"wp:attachment":[{"href":"https:\/\/boomdenoticias.com\/index.php?rest_route=%2Fwp%2Fv2%2Fmedia&parent=47142"}],"wp:term":[{"taxonomy":"category","embeddable":true,"href":"https:\/\/boomdenoticias.com\/index.php?rest_route=%2Fwp%2Fv2%2Fcategories&post=47142"},{"taxonomy":"post_tag","embeddable":true,"href":"https:\/\/boomdenoticias.com\/index.php?rest_route=%2Fwp%2Fv2%2Ftags&post=47142"}],"curies":[{"name":"wp","href":"https:\/\/api.w.org\/{rel}","templated":true}]}}