{"id":47140,"date":"2026-04-28T20:34:07","date_gmt":"2026-04-28T23:34:07","guid":{"rendered":"https:\/\/boomdenoticias.com\/?p=47140"},"modified":"2026-04-28T20:34:07","modified_gmt":"2026-04-28T23:34:07","slug":"cine-arte-cordoba-celebra-la-memoria-armenia-proyeccion-gratuita-de-nahapet-por-los-111-anos-del-genocidio","status":"publish","type":"post","link":"https:\/\/boomdenoticias.com\/?p=47140","title":{"rendered":"Cine Arte C\u00f3rdoba celebra la memoria armenia: proyecci\u00f3n gratuita de Nahapet por los 111 a\u00f1os del genocidio"},"content":{"rendered":"<div><img decoding=\"async\" src=\"https:\/\/srt-app.tadevel-cdn.com\/hostname\/www.cba24n.com.ar\/api\/v1\/image\/article\/69f131c0632e97858492dcd6\/facebook?v=1bd9bdcf5c0ad4dfd2e50619b5ff1854&amp;s=3706fb47e65fde1b0f922728e70672bc\" class=\"ff-og-image-inserted\" \/><\/div>\n<h3>Cine: semana con foco en la memoria armenia y una variada programaci\u00f3n internacional<\/h3>\n<p>Cine Arte C\u00f3rdoba\/Espacio INCAA presenta una nueva cartelera con propuestas de distintos pa\u00edses y g\u00e9neros, entre las que se destaca especialmente la proyecci\u00f3n de <span><strong>Nahapet<\/strong><\/span>, en el marco del <strong>ciclo de cine armenio a 111 a\u00f1os del Genocidio Armenio<\/strong>.<\/p>\n<p>La funci\u00f3n tendr\u00e1 lugar el <strong>mi\u00e9rcoles 29 de abril a las 21:00<\/strong>, con <strong>entrada libre y gratuita<\/strong>, y propone un recorrido profundamente humano por la historia de un sobreviviente que, tras perderlo todo, intenta reconstruir su vida mientras convive con el peso de la memoria.<\/p>\n<p>Vemos algunas im\u00e1genes\u2026<\/p>\n<figure data-url=\"https:\/\/www.youtube.com\/watch?v=c6jRx1quvjM\" class=\"multimedia\" data-html data-tadevel-template=\"web\/multimedia\" data-type=\"rich\"><figcaption class=\"caption\">\n<div class=\"description\">Nahapet (1977)<\/div>\n<\/figcaption><\/figure>\n<p>La programaci\u00f3n del mi\u00e9rcoles se completa con dos t\u00edtulos: a las 17:00 se proyectar\u00e1 <span><strong>Un fantasma a su servicio<\/strong><\/span>, una original y emotiva historia sobre un hombre que reencuentra a su pareja fallecida en una inesperada forma; y a las 19:00 ser\u00e1 el turno de <span><strong>Caso 137<\/strong><\/span>, un intenso drama policial que indaga en los l\u00edmites entre la investigaci\u00f3n profesional y los v\u00ednculos personales.<\/p>\n<figure data-url=\"https:\/\/www.youtube.com\/watch?v=ly1NAG9ueQg\" class=\"multimedia\" data-html data-tadevel-template=\"web\/multimedia\" data-type=\"video\">\n<div class=\"content\">\n<div class=\"sizer\" data-sizer=\"aspect-ratio\" data-tadevel-template=\"web\/aspect-ratio\">\n<div class=\"backdrop\" data-tadevel-template=\"web\/backdrop\">\n<div class=\"facade\" data-facade-target data-tadevel-template=\"web\/multimedia-facade\"><button aria-label=\"Reproducir video\" class=\"run\"><\/button> [embedded content]<\/div>\n<\/div>\n<\/div>\n<\/div><figcaption class=\"caption\">\n<div class=\"description\">UN FANTASMA PARA SERVIRTE Trailer (2026) SUBTITULADO \/ A Useful Ghost Trailer [HD] Terror<\/div>\n<\/figcaption><\/figure>\n<p>El <strong>jueves 30 de abril<\/strong>, la cartelera contin\u00faa con una doble funci\u00f3n. A las 19:00, en el Espacio INCAA, se presentar\u00e1 <span><strong>Nuestra tierra<\/strong><\/span>, de Lucrecia Martel, un documental que reconstruye el asesinato del l\u00edder ind\u00edgena Javier Chocobar y la lucha por justicia de su comunidad. M\u00e1s tarde, a las 21:00, se proyectar\u00e1 <span><strong>Valor Sentimental<\/strong><\/span>, un drama familiar sobre v\u00ednculos, duelos y reencuentros.<\/p>\n<figure data-url=\"https:\/\/www.youtube.com\/watch?v=jgPQ2WIIPLc\" class=\"multimedia\" data-html data-tadevel-template=\"web\/multimedia\" data-type=\"video\">\n<div class=\"content\">\n<div class=\"sizer\" data-sizer=\"aspect-ratio\" data-tadevel-template=\"web\/aspect-ratio\">\n<div class=\"backdrop\" data-tadevel-template=\"web\/backdrop\">\n<div class=\"facade\" data-facade-target data-tadevel-template=\"web\/multimedia-facade\"><button aria-label=\"Reproducir video\" class=\"run\"><\/button> [embedded content]<\/div>\n<\/div>\n<\/div>\n<\/div><figcaption class=\"caption\">\n<div class=\"description\">VALOR SENTIMENTAL | TR\u00c1ILER<\/div>\n<\/figcaption><\/figure>\n<p>El <strong>viernes 1\u00b0 de mayo no habr\u00e1 funciones por el D\u00eda del Trabajador<\/strong>, retomando la actividad el fin de semana con nuevas proyecciones. El <strong>s\u00e1bado 2 de mayo<\/strong> a las 23:30 llegar\u00e1 <span><strong>300 cartas<\/strong><\/span>, de Lucas Santa Ana, que tambi\u00e9n podr\u00e1 verse el domingo en el mismo horario. La pel\u00edcula explora una ruptura amorosa a trav\u00e9s de una serie de cartas que revelan una historia distinta a la que parec\u00eda vivirse.<\/p>\n<figure data-url=\"https:\/\/www.youtube.com\/watch?v=8sWS88FQVg0\" class=\"multimedia\" data-html data-tadevel-template=\"web\/multimedia\" data-type=\"video\">\n<div class=\"content\">\n<div class=\"sizer\" data-sizer=\"aspect-ratio\" data-tadevel-template=\"web\/aspect-ratio\">\n<div class=\"backdrop\" data-tadevel-template=\"web\/backdrop\">\n<div class=\"facade\" data-facade-target data-tadevel-template=\"web\/multimedia-facade\"><button aria-label=\"Reproducir video\" class=\"run\"><\/button> [embedded content]<\/div>\n<\/div>\n<\/div>\n<\/div><figcaption class=\"caption\">\n<div class=\"description\">300 CARTAS | Lucas Santa Ana | Tr\u00e1iler | FIRE!! 2025<\/div>\n<\/figcaption><\/figure>\n<p>Adem\u00e1s, contin\u00faan las funciones de reposici\u00f3n de varios t\u00edtulos durante el fin de semana, consolidando una propuesta diversa que combina cine de autor, producciones internacionales y miradas comprometidas con la realidad social.<\/p>\n<h4>S\u00e1bado 02 y domingo 03<\/h4>\n<ul>\n<li>17:00 y 21:15 hs \u2014 Valor Sentimental<\/li>\n<li>19:15 hs \u2014 Caso 137<\/li>\n<li>23:30 hs \u2014 300 cartas<\/li>\n<\/ul>\n<p>Las entradas generales tienen un valor de $5000, con descuentos para estudiantes y jubilados a $3500. En el caso de las funciones del Espacio INCAA, los valores son de $4000 y $2000 respectivamente.<\/p>\n<p><strong><a href=\"https:\/\/blockads.fivefilters.org\/\">Adblock test<\/a><\/strong> <a href=\"https:\/\/blockads.fivefilters.org\/acceptable.html\">(Why?)<\/a><\/p>","protected":false},"excerpt":{"rendered":"<p>Cine: semana con foco en la memoria armenia y una variada programaci\u00f3n internacional Cine Arte C\u00f3rdoba\/Espacio INCAA presenta una nueva&hellip;<\/p>\n","protected":false},"author":1,"featured_media":47141,"comment_status":"closed","ping_status":"closed","sticky":false,"template":"","format":"standard","meta":{"footnotes":""},"categories":[1],"tags":[],"class_list":["post-47140","post","type-post","status-publish","format-standard","has-post-thumbnail","hentry","category-blog"],"_links":{"self":[{"href":"https:\/\/boomdenoticias.com\/index.php?rest_route=\/wp\/v2\/posts\/47140","targetHints":{"allow":["GET"]}}],"collection":[{"href":"https:\/\/boomdenoticias.com\/index.php?rest_route=\/wp\/v2\/posts"}],"about":[{"href":"https:\/\/boomdenoticias.com\/index.php?rest_route=\/wp\/v2\/types\/post"}],"author":[{"embeddable":true,"href":"https:\/\/boomdenoticias.com\/index.php?rest_route=\/wp\/v2\/users\/1"}],"replies":[{"embeddable":true,"href":"https:\/\/boomdenoticias.com\/index.php?rest_route=%2Fwp%2Fv2%2Fcomments&post=47140"}],"version-history":[{"count":0,"href":"https:\/\/boomdenoticias.com\/index.php?rest_route=\/wp\/v2\/posts\/47140\/revisions"}],"wp:featuredmedia":[{"embeddable":true,"href":"https:\/\/boomdenoticias.com\/index.php?rest_route=\/wp\/v2\/media\/47141"}],"wp:attachment":[{"href":"https:\/\/boomdenoticias.com\/index.php?rest_route=%2Fwp%2Fv2%2Fmedia&parent=47140"}],"wp:term":[{"taxonomy":"category","embeddable":true,"href":"https:\/\/boomdenoticias.com\/index.php?rest_route=%2Fwp%2Fv2%2Fcategories&post=47140"},{"taxonomy":"post_tag","embeddable":true,"href":"https:\/\/boomdenoticias.com\/index.php?rest_route=%2Fwp%2Fv2%2Ftags&post=47140"}],"curies":[{"name":"wp","href":"https:\/\/api.w.org\/{rel}","templated":true}]}}