{"id":47138,"date":"2026-04-28T20:34:06","date_gmt":"2026-04-28T23:34:06","guid":{"rendered":"https:\/\/boomdenoticias.com\/?p=47138"},"modified":"2026-04-28T20:34:06","modified_gmt":"2026-04-28T23:34:06","slug":"el-gobierno-tiene-todo-listo-para-la-presentacion-de-manuel-adorni-en-diputados","status":"publish","type":"post","link":"https:\/\/boomdenoticias.com\/?p=47138","title":{"rendered":"El Gobierno tiene todo listo para la presentaci\u00f3n de Manuel Adorni en Diputados"},"content":{"rendered":"<div><img decoding=\"async\" src=\"https:\/\/srt-app.tadevel-cdn.com\/hostname\/www.cba24n.com.ar\/api\/v1\/image\/article\/69f13210632e97858492e32f\/facebook?v=f32099a6f93ccb34185fe226a1dd6526&amp;s=06de0c6d690d39d315ac64a298e6ef44\" class=\"ff-og-image-inserted\" \/><\/div>\n<p>Este mi\u00e9rcoles, desde las 10.30, el jefe de Gabinete Manuel Adorni realizar\u00e1 su primer informe de gesti\u00f3n en la C\u00e1mara de Diputados.\u00a0<\/p>\n<p>El Gobierno Nacional tiene los ojos puestos en este acto que tendr\u00e1 un sabor similar a la apertura de sesiones ordinarias de este a\u00f1o. De hecho, estar\u00e1n presentes todos los ministros y el propio presidente Javier Milei.\u00a0<\/p>\n<p>Adem\u00e1s, los diputados de La Libertad Avanza fueron llamados a una reuni\u00f3n de bloque a las 9 en el primer piso de la C\u00e1mara Baja. Tambi\u00e9n estar\u00e1n presentes en el recinto distintas figuras que apoyan al oficialismo.\u00a0<\/p>\n<p>Se espera que la presentaci\u00f3n de Adorni comience con un discurso inicial que resuma los principales hitos de la gesti\u00f3n del Gobierno Nacional. Luego, contestar\u00e1 las m\u00e1s de 2 mil preguntas que fueron filtradas y para finalizar habr\u00e1 un apartado de cierre a cargo del bloque oficialista.<\/p>\n<p>En los pasillos de Casa Rosada advirtieron tambi\u00e9n que, si los legisladores de la oposici\u00f3n \u201cembarran\u201d la presentaci\u00f3n, Adorni podr\u00eda levantarse y retirarse como ya hizo Guillermo Francos en 2024.<\/p>\n<p><strong><a href=\"https:\/\/blockads.fivefilters.org\/\">Adblock test<\/a><\/strong> <a href=\"https:\/\/blockads.fivefilters.org\/acceptable.html\">(Why?)<\/a><\/p>","protected":false},"excerpt":{"rendered":"<p>Este mi\u00e9rcoles, desde las 10.30, el jefe de Gabinete Manuel Adorni realizar\u00e1 su primer informe de gesti\u00f3n en la C\u00e1mara&hellip;<\/p>\n","protected":false},"author":1,"featured_media":47139,"comment_status":"closed","ping_status":"closed","sticky":false,"template":"","format":"standard","meta":{"footnotes":""},"categories":[1],"tags":[],"class_list":["post-47138","post","type-post","status-publish","format-standard","has-post-thumbnail","hentry","category-blog"],"_links":{"self":[{"href":"https:\/\/boomdenoticias.com\/index.php?rest_route=\/wp\/v2\/posts\/47138","targetHints":{"allow":["GET"]}}],"collection":[{"href":"https:\/\/boomdenoticias.com\/index.php?rest_route=\/wp\/v2\/posts"}],"about":[{"href":"https:\/\/boomdenoticias.com\/index.php?rest_route=\/wp\/v2\/types\/post"}],"author":[{"embeddable":true,"href":"https:\/\/boomdenoticias.com\/index.php?rest_route=\/wp\/v2\/users\/1"}],"replies":[{"embeddable":true,"href":"https:\/\/boomdenoticias.com\/index.php?rest_route=%2Fwp%2Fv2%2Fcomments&post=47138"}],"version-history":[{"count":0,"href":"https:\/\/boomdenoticias.com\/index.php?rest_route=\/wp\/v2\/posts\/47138\/revisions"}],"wp:featuredmedia":[{"embeddable":true,"href":"https:\/\/boomdenoticias.com\/index.php?rest_route=\/wp\/v2\/media\/47139"}],"wp:attachment":[{"href":"https:\/\/boomdenoticias.com\/index.php?rest_route=%2Fwp%2Fv2%2Fmedia&parent=47138"}],"wp:term":[{"taxonomy":"category","embeddable":true,"href":"https:\/\/boomdenoticias.com\/index.php?rest_route=%2Fwp%2Fv2%2Fcategories&post=47138"},{"taxonomy":"post_tag","embeddable":true,"href":"https:\/\/boomdenoticias.com\/index.php?rest_route=%2Fwp%2Fv2%2Ftags&post=47138"}],"curies":[{"name":"wp","href":"https:\/\/api.w.org\/{rel}","templated":true}]}}