{"id":47124,"date":"2026-04-28T09:18:05","date_gmt":"2026-04-28T12:18:05","guid":{"rendered":"https:\/\/boomdenoticias.com\/?p=47124"},"modified":"2026-04-28T09:18:05","modified_gmt":"2026-04-28T12:18:05","slug":"malestar-de-los-vecinos-de-palermo-por-la-construccion-de-un-estacionamiento-subterraneo-en-plaza-armenia","status":"publish","type":"post","link":"https:\/\/boomdenoticias.com\/?p=47124","title":{"rendered":"Malestar de los vecinos de Palermo por la construcci\u00f3n de un estacionamiento subterr\u00e1neo en plaza Armenia"},"content":{"rendered":"<p>El anuncio del Gobierno de la Ciudad sobre la <a href=\"https:\/\/www.lanacion.com.ar\/sociedad\/haran-playas-de-estacionamiento-debajo-de-plazas-y-parques-de-la-ciudad-nid09042026\/\" target=\"_blank\" rel=\"noreferrer\" title=\"https:\/\/www.lanacion.com.ar\/sociedad\/haran-playas-de-estacionamiento-debajo-de-plazas-y-parques-de-la-ciudad-nid09042026\/\"><b>construcci\u00f3n de estacionamientos subterr\u00e1neos en espacios verdes porte\u00f1os<\/b><\/a> comenz\u00f3 a generar <b>resistencia vecinal<\/b>. Uno de los focos del conflicto es la <b>plaza Inmigrantes de Armenia<\/b>, en <b>Palermo<\/b>, donde un grupo de residentes inici\u00f3 una campa\u00f1a para frenar la iniciativa.<\/p>\n<p><b>\u201cLa plaza no se toca\u201d<\/b> fue una de las tantas consignas que este fin de semana aparecieron pegadas en las rejas del lugar. Ubicado en pleno centro gastron\u00f3mico del sector conocido como Palermo Soho \u2014<b>entre las calles Armenia, Nicaragua, Malabia y Costa Rica<\/b>\u2014, <b>el espacio verde suele ser muy concurrido, sobre todo los s\u00e1bados y domingos, por turistas extranjeros y ni\u00f1os y adultos que viven en la zona<\/b>.<\/p>\n<p>Desde el gobierno porte\u00f1o destacaron que impulsan cinco estacionamientos bajo tierra con el objetivo de ordenar el tr\u00e1nsito. \u201cQueremos que el auto deje de ser un problema en el centro y pase a ser parte de una soluci\u00f3n integrada\u201d, aseguraron. <\/p>\n<p>Adem\u00e1s, explicaron que se trata de \u201cuna concesi\u00f3n regulada por tiempo limitado, con reglas claras y control del Estado, no de una privatizaci\u00f3n\u201d. <\/p>\n<p><img loading=\"lazy\" decoding=\"async\" src=\"https:\/\/resizer.glanacion.com\/resizer\/v2\/HRN6VA6GAVFXXJ5RX2B23YFYPI.JPG?auth=8f71906853c07e9dc7b83292df6f95943666dc745506cf979ed0bd7e4e53fc09&amp;smart=true&amp;width=2000&amp;height=1333\" alt=\"Malestar de los vecinos de Palermo por la construcci\u00f3n de una cochera subterr\u00e1nea en plaza Armenia.\" height=\"1333\" width=\"2000\" \/><\/p>\n<p>La oposici\u00f3n a la construcci\u00f3n de una cochera subterr\u00e1nea se canaliza a trav\u00e9s de una recolecci\u00f3n de firmas impulsada en la plataforma <b>Change.org <\/b>bajo el lema <b>\u201cSalvemos Armenia\u201d<\/b>. All\u00ed, los vecinos advierten que la plaza \u201cno es un espacio disponible, sino un equilibrio necesario\u201d en un \u00e1rea que consideran saturada por la actividad comercial y la reducci\u00f3n de lugares para estacionar en la v\u00eda p\u00fablica.<\/p>\n<p><img loading=\"lazy\" decoding=\"async\" src=\"https:\/\/resizer.glanacion.com\/resizer\/v2\/35XSTGZCRFAJTHW3ID7LHOWQTM.jpg?auth=ebd793cada5969ec6491c0e151170d474839b0698ba07d7bdf442513fc9b16db&amp;smart=true&amp;width=2000&amp;height=1333\" alt=\"Malestar de los vecinos de Palermo por la construcci\u00f3n de una cochera subterr\u00e1nea en plaza Armenia.\" height=\"1333\" width=\"2000\" \/><\/p>\n<p>Entre otras claves, objetan el posible impacto ambiental de la obra. <b>\u201cLas excavaciones pondr\u00edan en riesgo las ra\u00edces, la estabilidad y la supervivencia de \u00e1rboles a\u00f1osos, como tilos y palmeras\u201d<\/b>, sostienen. Tambi\u00e9n reclaman la realizaci\u00f3n de una audiencia p\u00fablica y advierten que el proyecto \u201cno cuenta con un estudio socioambiental adecuado ni con una evaluaci\u00f3n integral de la infraestructura existente\u201d.<\/p>\n\n<blockquote class=\"instagram-media\" data-instgrm-captioned data-instgrm-permalink=\"https:\/\/www.instagram.com\/reel\/DXmo46TkQ3t\/?utm_source=ig_embed&amp;utm_campaign=loading\" data-instgrm-version=\"14\">\n<div> <a href=\"https:\/\/www.instagram.com\/reel\/DXmo46TkQ3t\/?utm_source=ig_embed&amp;utm_campaign=loading\" target=\"_blank\"> \n<div>\n<div><\/div>\n<div>\n<div><\/div>\n<div><\/div>\n<\/div>\n<\/div>\n<div><\/div>\n<div><\/div>\n<div>\n<div>Ver esta publicaci\u00f3n en Instagram<\/div>\n<\/div>\n<div><\/div>\n<div>\n<div>\n<div><\/div>\n<div><\/div>\n<div><\/div>\n<\/div>\n<div>\n<div><\/div>\n<div><\/div>\n<\/div>\n<div>\n<div><\/div>\n<div><\/div>\n<div><\/div>\n<\/div>\n<\/div>\n<div>\n<div><\/div>\n<div><\/div>\n<\/div>\n<p><\/p><\/a>\n<p><a href=\"https:\/\/www.instagram.com\/reel\/DXmo46TkQ3t\/?utm_source=ig_embed&amp;utm_campaign=loading\" target=\"_blank\">Una publicaci\u00f3n compartida por Palermo Resiste (@palermo.resiste)<\/a><\/p>\n<\/div>\n<\/blockquote>\n<p>A las objeciones ambientales se suman preocupaciones por la seguridad y el uso del espacio. <b>\u201cMe genera inseguridad que haya estructuras subterr\u00e1neas en un lugar donde juegan cientos de chicos\u201d<\/b>, dijo a <b>LA NACION<\/b> Miguel Cruz, vecino del barrio desde hace m\u00e1s de dos d\u00e9cadas. <\/p>\n<p><img loading=\"lazy\" decoding=\"async\" src=\"https:\/\/resizer.glanacion.com\/resizer\/v2\/5QZAPDJXJVFRBOYAPBGKJFRNLM.JPG?auth=18e8772d9d5d50505403d2f714122165088e5545405e3b7a03ca36132c598476&amp;smart=true&amp;width=2000&amp;height=1333\" alt=\"Malestar de los vecinos de Palermo por la construcci\u00f3n de una cochera subterr\u00e1nea en plaza Armenia.\" height=\"1333\" width=\"2000\" \/><img loading=\"lazy\" decoding=\"async\" src=\"https:\/\/resizer.glanacion.com\/resizer\/v2\/XPNQUV5I25HJFGEPIKRS3YFMI4.JPG?auth=00bd01799312ebc65300739e1ad1b6c96002bb1a9a7e76dd3d55c505d9321e09&amp;smart=true&amp;width=2000&amp;height=1333\" alt=\"Malestar de los vecinos de Palermo por la construcci\u00f3n de una cochera subterr\u00e1nea en plaza Armenia.\" height=\"1333\" width=\"2000\" \/><\/p>\n<p><b>\u201cDistinto es el caso de la plaza donde hay facultades [la que est\u00e1 frente a las sedes de Medicina y Econ\u00f3micas de la Universidad de Buenos Aires] donde hay j\u00f3venes y adultos\u201d<\/b>, compar\u00f3 Cruz, vecino de la zona desde hace m\u00e1s de 20 a\u00f1os.<\/p>\n<p><img loading=\"lazy\" decoding=\"async\" src=\"https:\/\/resizer.glanacion.com\/resizer\/v2\/RG6SRSV4LZD5TCVHYWWQ3NZ5ZE.jpg?auth=127f9d0fdf08620835821b711ca8c26f161a7b19515897087a00611699f3b773&amp;smart=true&amp;width=322&amp;height=503\" alt=\"Malestar de los vecinos de Palermo por la construcci\u00f3n de una cochera subterr\u00e1nea en plaza Armenia.\" height=\"503\" width=\"322\" \/><\/p>\n<p><b>\u201cRechazamos m\u00e1s autos, m\u00e1s basura y m\u00e1s cemento. Los espacios verdes se cuidan, no se explotan\u201d<\/b>, resumieron quienes juntan firmas para intentar que la gesti\u00f3n de <b>Jorge Macri <\/b>d\u00e9 marcha atr\u00e1s con esta iniciativa. <b>\u201cVan a sacar la mitad de la plaza. En alg\u00fan lado van a poner las entradas [para las cocheras]\u201d<\/b>, opin\u00f3 Luc\u00eda en di\u00e1logo con <b>LA NACION<\/b> y consider\u00f3 que para este tipo de proyectos deber\u00eda haber consulta ciudadana previa.<\/p>\n\n<p>Una de las mujeres que rubric\u00f3 la solicitud y que se identific\u00f3 como M\u00f3nica, sum\u00f3: \u201cProtejamos nuestro espacio de trabajo e intercambio cultural como artesanos, cuidemos los espacios de juego de nuestras infancias, el espacio de descanso y ocio de nuestros viejos, de nuestras mascotas, nuestro lugar para encontrarnos con amigos, con vecinos\u201d.<\/p>\n<p>Eliana, otra vecina que firm\u00f3, se lament\u00f3: \u201cSi se modifica algo o sacan alg\u00fan espacio para los chicos, es una pena. Es la plaza m\u00e1s linda de la zona\u201d. <\/p>\n<p><img loading=\"lazy\" decoding=\"async\" src=\"https:\/\/resizer.glanacion.com\/resizer\/v2\/DTPWOWWSXZEM7KPSHTJJW7LU24.jpg?auth=4d42253440657f1d47fc087db7e60cc32618823633a8f2fc105296bbc29da7f4&amp;smart=true&amp;width=324&amp;height=512\" alt=\"Malestar de los vecinos de Palermo por la construcci\u00f3n de una cochera subterr\u00e1nea en plaza Armenia.\" height=\"512\" width=\"324\" \/><\/p>\n<h1>Cu\u00e1ntas cocheras se prev\u00e9n y bajo qu\u00e9 plazas<\/h1>\n<p>A trav\u00e9s de una resoluci\u00f3n firmada el 6 de abril, la ciudad de Buenos Aires autoriz\u00f3 un llamado a licitaci\u00f3n p\u00fablica para el dise\u00f1o, la construcci\u00f3n y la explotaci\u00f3n de estacionamientos subterr\u00e1neos en distintos puntos del distrito, en el marco de una concesi\u00f3n de obra p\u00fablica por 20 a\u00f1os. Seg\u00fan la tasaci\u00f3n realizada por el Banco Ciudad, el canon base mensual fue establecido en $95.596.312.<\/p>\n<p>El llamado prev\u00e9 la intervenci\u00f3n en cinco puntos verdes porte\u00f1os: el <b>espacio Lavard\u00e9n y Los Patos, en Parque Patricios<\/b>; el <b>Parque de Innovaci\u00f3n, en N\u00fa\u00f1ez<\/b>; la <b>plaza Inmigrantes de Armenia, en Palermo<\/b>; <b>Parque Espa\u00f1a, en Barracas<\/b>; y la<b> plaza Noruega, en Belgrano<\/b>. La licitaci\u00f3n surge a partir de una iniciativa privada presentada por la empresa E-ARG SRL. El proyecto fue declarado de inter\u00e9s p\u00fablico por el Ministerio de Desarrollo Econ\u00f3mico porte\u00f1o.<\/p>\n<p><img loading=\"lazy\" decoding=\"async\" src=\"https:\/\/resizer.glanacion.com\/resizer\/v2\/27AZRBP2TNG2DI4J6KL2V2PYGI.JPG?auth=a690e77ce3039c80d445e172c5ac0f287e32bdf6fd23d56d2e2a265c8ae140cd&amp;smart=true&amp;width=2000&amp;height=1333\" alt=\"Malestar de los vecinos de Palermo por la construcci\u00f3n de una cochera subterr\u00e1nea en plaza Armenia.\" height=\"1333\" width=\"2000\" \/><\/p>\n<p>De acuerdo con las estimaciones iniciales, el conjunto de estacionamientos subterr\u00e1neos tendr\u00e1 capacidad para albergar alrededor de 1500 veh\u00edculos. La mayor\u00eda de los espacios previstos incorporar\u00e1, adem\u00e1s de las cocheras, servicios complementarios como propuestas gastron\u00f3micas, \u00e1reas de entretenimiento y sectores verdes revalorizados. <\/p>\n<p>Advierten que la obra podr\u00eda tener un impacto ambiental y les preocupa la inseguridad durante el proceso; el gobierno porte\u00f1o aclar\u00f3 que se busca una soluci\u00f3n para el tr\u00e1nsito y aclar\u00f3 que todo se hace de acuerdo a las reglasSociedadLA NACION<\/p>","protected":false},"excerpt":{"rendered":"<p>El anuncio del Gobierno de la Ciudad sobre la construcci\u00f3n de estacionamientos subterr\u00e1neos en espacios verdes porte\u00f1os comenz\u00f3 a generar&hellip;<\/p>\n","protected":false},"author":1,"featured_media":47125,"comment_status":"closed","ping_status":"closed","sticky":false,"template":"","format":"standard","meta":{"footnotes":""},"categories":[31],"tags":[],"class_list":["post-47124","post","type-post","status-publish","format-standard","has-post-thumbnail","hentry","category-pais"],"_links":{"self":[{"href":"https:\/\/boomdenoticias.com\/index.php?rest_route=\/wp\/v2\/posts\/47124","targetHints":{"allow":["GET"]}}],"collection":[{"href":"https:\/\/boomdenoticias.com\/index.php?rest_route=\/wp\/v2\/posts"}],"about":[{"href":"https:\/\/boomdenoticias.com\/index.php?rest_route=\/wp\/v2\/types\/post"}],"author":[{"embeddable":true,"href":"https:\/\/boomdenoticias.com\/index.php?rest_route=\/wp\/v2\/users\/1"}],"replies":[{"embeddable":true,"href":"https:\/\/boomdenoticias.com\/index.php?rest_route=%2Fwp%2Fv2%2Fcomments&post=47124"}],"version-history":[{"count":0,"href":"https:\/\/boomdenoticias.com\/index.php?rest_route=\/wp\/v2\/posts\/47124\/revisions"}],"wp:featuredmedia":[{"embeddable":true,"href":"https:\/\/boomdenoticias.com\/index.php?rest_route=\/wp\/v2\/media\/47125"}],"wp:attachment":[{"href":"https:\/\/boomdenoticias.com\/index.php?rest_route=%2Fwp%2Fv2%2Fmedia&parent=47124"}],"wp:term":[{"taxonomy":"category","embeddable":true,"href":"https:\/\/boomdenoticias.com\/index.php?rest_route=%2Fwp%2Fv2%2Fcategories&post=47124"},{"taxonomy":"post_tag","embeddable":true,"href":"https:\/\/boomdenoticias.com\/index.php?rest_route=%2Fwp%2Fv2%2Ftags&post=47124"}],"curies":[{"name":"wp","href":"https:\/\/api.w.org\/{rel}","templated":true}]}}