{"id":47122,"date":"2026-04-28T09:19:08","date_gmt":"2026-04-28T12:19:08","guid":{"rendered":"https:\/\/boomdenoticias.com\/?p=47122"},"modified":"2026-04-28T09:19:08","modified_gmt":"2026-04-28T12:19:08","slug":"una-maquina-del-tiempo-predice-que-la-energia-eolica-y-la-solar-cubriran-casi-la-mitad-de-la-electricidad-mundial-en-2050","status":"publish","type":"post","link":"https:\/\/boomdenoticias.com\/?p=47122","title":{"rendered":"Una \u201cm\u00e1quina del tiempo\u201d predice que la energ\u00eda e\u00f3lica y la solar cubrir\u00e1n casi la mitad de la electricidad mundial en 2050"},"content":{"rendered":"<p><b>Una \u201cm\u00e1quina del tiempo computacional\u201d,<\/b> desarrollada a partir de la combinaci\u00f3n de modelos de predicci\u00f3n e inteligencia artificial, proyecta <b>que la energ\u00eda e\u00f3lica y la solar podr\u00edan aportar alrededor del 26% y el 21% de la electricidad mundial<\/b>, respectivamente, para el a\u00f1o 2050. De cumplirse ese escenario, <b>el mundo estar\u00eda en condiciones de limitar el calentamiento global <\/b>por debajo de los 2 \u00b0C respecto de los niveles preindustriales, aunque sin alcanzar el objetivo m\u00e1s ambicioso de 1,5 \u00b0C.<\/p>\n<p><img loading=\"lazy\" decoding=\"async\" src=\"https:\/\/resizer.glanacion.com\/resizer\/v2\/7A5FHG6CZJGPFJRVSSQFU7OMIA.jpg?auth=db70b1b6deaf80ecafe2e6628509e3e9ef04ac205af59ac3310819c3b3d3b0fa&amp;smart=true&amp;width=2000&amp;height=998\" alt=\"Paneles solares instalados a gran escala, una de las fuentes renovables con mayor crecimiento proyectado para las pr\u00f3ximas d\u00e9cadas\" height=\"998\" width=\"2000\" \/><\/p>\n<p>La proyecci\u00f3n surge de un estudio liderado por Avi Jakhmola, investigador de la Universidad Tecnol\u00f3gica de Chalmers, en Suecia, y publicado en la revista <a href=\"https:\/\/www.nature.com\/articles\/s41560-026-02021-w\" target=\"_self\" rel=\"\" title=\"https:\/\/www.nature.com\/articles\/s41560-026-02021-w\"><i>Nature Energy<\/i><\/a>. <b>El trabajo propone un nuevo enfoque para estimar la evoluci\u00f3n futura de la energ\u00eda renovable<\/b>, basado en el an\u00e1lisis emp\u00edrico de c\u00f3mo crecieron la e\u00f3lica y la solar en m\u00e1s de 200 pa\u00edses durante las \u00faltimas d\u00e9cadas.<\/p>\n<p>A diferencia de los modelos energ\u00e9ticos tradicionales, que suelen partir de supuestos econ\u00f3micos o de trayectorias ideales, el modelo desarrollado por los investigadores \u2014denominado Prolong\u2014 se apoya en la experiencia hist\u00f3rica real y en herramientas de aprendizaje autom\u00e1tico para identificar qu\u00e9 patrones de crecimiento son m\u00e1s probables en el tiempo.<\/p>\n<p><img loading=\"lazy\" decoding=\"async\" src=\"https:\/\/resizer.glanacion.com\/resizer\/v2\/UBAJIKHOBVCN5I7O6H4YXAPZPI.jpg?auth=a31d3910420dad0524d0301b2b1512336142edb84452e1bfd69993741fc49390&amp;smart=true&amp;width=2000&amp;height=1124\" alt=\"La energ\u00eda solar fotovoltaica se expande en distintos pa\u00edses impulsada por pol\u00edticas p\u00fablicas y reducci\u00f3n de costos\n\" height=\"1124\" width=\"2000\" \/><\/p>\n<p><b>\u201cLos modelos existentes son muy buenos para identificar qu\u00e9 se necesitar\u00eda para lograr los objetivos clim\u00e1ticos<\/b>, pero no pueden decirnos qu\u00e9 desarrollos son los m\u00e1s probables\u201d, explic\u00f3 Jessica Jewell, tambi\u00e9n investigadora de Chalmers y una de las autoras del estudio. \u201cEsta es precisamente la laguna que quer\u00edamos llenar\u201d, agreg\u00f3.<\/p>\n<p>El an\u00e1lisis muestra que <b>la expansi\u00f3n de la energ\u00eda e\u00f3lica y solar no responde a un crecimiento continuo y lineal<\/b>, sino que sigue un patr\u00f3n recurrente: largos per\u00edodos de crecimiento relativamente estable, interrumpidos por \u201cpulsos\u201d de expansi\u00f3n acelerada, generalmente asociados a cambios en las pol\u00edticas p\u00fablicas, nuevos esquemas de incentivos o inversiones en infraestructura.<\/p>\n<p><img loading=\"lazy\" decoding=\"async\" src=\"https:\/\/resizer.glanacion.com\/resizer\/v2\/DHDX77OSBNF5BHEB4AHWQNHPGA.jpg?auth=07632e785830f6e5680a1053c768e3bbea49122b1e31f5300fa3178f62679334&amp;smart=true&amp;width=2000&amp;height=1333\" alt=\"Aerogeneradores terrestres, clave en el crecimiento de la generaci\u00f3n el\u00e9ctrica renovable a nivel global\n\" height=\"1333\" width=\"2000\" \/><\/p>\n<p>\u201cExiste una brecha considerable entre los objetivos que suelen fijar los pa\u00edses y lo que finalmente ocurre en la realidad\u201d, se\u00f1al\u00f3 Jakhmola. \u201cEl crecimiento suele producirse en oleadas, e ignorar este aspecto puede llevar a una evaluaci\u00f3n incorrecta de la velocidad de la expansi\u00f3n tecnol\u00f3gica\u201d, advirti\u00f3.<\/p>\n<p>Para captar esa din\u00e1mica, el equipo de investigaci\u00f3n recurri\u00f3 a t\u00e9cnicas de simulaci\u00f3n avanzada. El modelo genera miles de escenarios posibles a partir de trayectorias nacionales reales y analiza c\u00f3mo esas experiencias individuales se combinan para dar lugar a una evoluci\u00f3n global. <b>En total, se simularon m\u00e1s de 13.000 \u201cmundos virtuales\u201d, que permitieron construir proyecciones probabil\u00edsticas en lugar de un \u00fanico resultado cerrado<\/b>.<\/p>\n<p><img loading=\"lazy\" decoding=\"async\" src=\"https:\/\/resizer.glanacion.com\/resizer\/v2\/5RLPAAYIRJHEHOO5Q4IBPY2QQ4.jpg?auth=d33fa7b752e651600e10ddcb3fa0730f14b821960e273df8230eb258ff26889a&amp;smart=true&amp;width=2000&amp;height=1333\" alt=\"Campos solares aportan electricidad a las redes nacionales en un contexto de transici\u00f3n energ\u00e9tica global\n\" height=\"1333\" width=\"2000\" \/><\/p>\n<p>Seg\u00fan la proyecci\u00f3n central del modelo, la energ\u00eda e\u00f3lica terrestre alcanzar\u00eda una participaci\u00f3n del 13,4% en la generaci\u00f3n el\u00e9ctrica global en 2030 y del 25,6% en 2050. En el caso de la energ\u00eda solar fotovoltaica, los valores estimados son del 12,3% en 2030 y del 20,8% hacia mediados de siglo. Estos porcentajes superan los escenarios basados en las pol\u00edticas actuales, pero se ubican por debajo de muchas de las trayectorias compatibles con el l\u00edmite de 1,5 \u00b0C analizadas por el Panel Intergubernamental sobre el Cambio Clim\u00e1tico (IPCC).<\/p>\n<p>El estudio tambi\u00e9n eval\u00faa los compromisos internacionales asumidos recientemente. La meta acordada en la COP28 de triplicar la capacidad renovable global para 2030 se sit\u00faa cerca del percentil 95 de las proyecciones del modelo, lo que <b>la convierte en un objetivo posible, <\/b>aunque extremadamente exigente. Para alcanzarlo, el crecimiento de la energ\u00eda e\u00f3lica deber\u00eda acelerarse entre 1,4 y 3 veces en las principales econom\u00edas, mientras que el de la solar tendr\u00eda que multiplicarse entre dos y cinco veces, seg\u00fan la regi\u00f3n.<\/p>\n<p><img loading=\"lazy\" decoding=\"async\" src=\"https:\/\/resizer.glanacion.com\/resizer\/v2\/W37QY233AZG6RI3YYBZSNVR3EI.jpg?auth=6aff84ca548528a0725bc97e9fc39e06252e8967670f2aed8b7ebf1eaff9cd93&amp;smart=true&amp;width=8064&amp;height=5376\" alt=\"Energ\u00eda solar y e\u00f3lica concentran las principales proyecciones de crecimiento dentro de la matriz el\u00e9ctrica global hacia 2050\n\n\" height=\"5376\" width=\"8064\" \/><\/p>\n<p>Al desagregar los resultados por zonas geogr\u00e1ficas, <b>Prolong indica que, en el escenario base, cerca de tres cuartas partes del crecimiento de la energ\u00eda e\u00f3lica <\/b>y m\u00e1s de dos tercios del de la solar entre 2023 y 2050 se concentrar\u00edan en Europa, Asia oriental y Am\u00e9rica del Norte. Los escenarios compatibles con el objetivo de 1,5 \u00b0C requerir\u00edan ritmos de expansi\u00f3n anuales sin precedentes, comparables a los observados en situaciones excepcionales como el plan REPowerEU en la Uni\u00f3n Europea o el reciente despliegue solar de China.<\/p>\n<p>Los autores subrayan que el ritmo futuro de las energ\u00edas renovables no depende \u00fanicamente de su competitividad econ\u00f3mica. Tambi\u00e9n influyen factores pol\u00edticos, sociales e institucionales, como la disponibilidad de tierras, la aceptaci\u00f3n local de los proyectos, la capacidad de las redes el\u00e9ctricas y la estabilidad de las reglas de juego.<\/p>\n<p><img loading=\"lazy\" decoding=\"async\" src=\"https:\/\/resizer.glanacion.com\/resizer\/v2\/4TRSXBN43VEJLIKGPLLQAMG4LI.jpg?auth=169f09009bdfead7f3281803b95f0f298a44a224c1751c7258e32d701d4ec100&amp;smart=true&amp;width=7754&amp;height=4685\" alt=\"La energ\u00eda solar podr\u00eda alcanzar una participaci\u00f3n cercana al 21% de la electricidad mundial en 2050, seg\u00fan proyecciones del estudio\n\n\" height=\"4685\" width=\"7754\" \/><\/p>\n<p><b>Si bien el modelo no puede anticipar eventos disruptivos<\/b>, como crisis geopol\u00edticas o cambios tecnol\u00f3gicos bruscos, los investigadores sostienen que su enfoque permite reducir la distancia entre los objetivos clim\u00e1ticos declarados y las trayectorias que resultan m\u00e1s plausibles a partir de la experiencia hist\u00f3rica.<\/p>\n<p>\u201cCuando aplicamos el modelo a datos reales, podemos estimar cu\u00e1l es el resultado m\u00e1s probable para el futuro, teniendo en cuenta todo lo observado hasta ahora y los escenarios virtuales analizados\u201d, explic\u00f3 Jakhmola. De acuerdo con el estudio, ese resultado permitir\u00eda cumplir el objetivo de mantener el calentamiento global por debajo de los 2 \u00b0C, aunque no el umbral de 1,5 \u00b0C fijado como aspiraci\u00f3n por la comunidad internacional.<\/p>\n<p><img loading=\"lazy\" decoding=\"async\" src=\"https:\/\/resizer.glanacion.com\/resizer\/v2\/G4OU2UPVCVDZNCDFYA7DJGSPUQ.jpg?auth=b9d232c9f23d32be4a1b40366d945f7c971eaaa05aefee031784bbc0ade21d2c&amp;smart=true&amp;width=1080&amp;height=697\" alt=\"La energ\u00eda e\u00f3lica muestra patrones de expansi\u00f3n en oleadas, vinculados a cambios en pol\u00edticas y regulaciones\" height=\"697\" width=\"1080\" \/><\/p>\n<p><b>Con informaci\u00f3n de la agencia ANSA<\/b><\/p>\n<p>Un modelo basado en IA proyecta el crecimiento global de las energ\u00edas renovables y advierte que alcanzar\u00eda para cumplir la meta clim\u00e1tica de 2 \u00b0C, pero no la de 1,5 \u00b0CSociedadLA NACION<\/p>","protected":false},"excerpt":{"rendered":"<p>Una \u201cm\u00e1quina del tiempo computacional\u201d, desarrollada a partir de la combinaci\u00f3n de modelos de predicci\u00f3n e inteligencia artificial, proyecta que&hellip;<\/p>\n","protected":false},"author":1,"featured_media":47123,"comment_status":"closed","ping_status":"closed","sticky":false,"template":"","format":"standard","meta":{"footnotes":""},"categories":[31],"tags":[],"class_list":["post-47122","post","type-post","status-publish","format-standard","has-post-thumbnail","hentry","category-pais"],"_links":{"self":[{"href":"https:\/\/boomdenoticias.com\/index.php?rest_route=\/wp\/v2\/posts\/47122","targetHints":{"allow":["GET"]}}],"collection":[{"href":"https:\/\/boomdenoticias.com\/index.php?rest_route=\/wp\/v2\/posts"}],"about":[{"href":"https:\/\/boomdenoticias.com\/index.php?rest_route=\/wp\/v2\/types\/post"}],"author":[{"embeddable":true,"href":"https:\/\/boomdenoticias.com\/index.php?rest_route=\/wp\/v2\/users\/1"}],"replies":[{"embeddable":true,"href":"https:\/\/boomdenoticias.com\/index.php?rest_route=%2Fwp%2Fv2%2Fcomments&post=47122"}],"version-history":[{"count":0,"href":"https:\/\/boomdenoticias.com\/index.php?rest_route=\/wp\/v2\/posts\/47122\/revisions"}],"wp:featuredmedia":[{"embeddable":true,"href":"https:\/\/boomdenoticias.com\/index.php?rest_route=\/wp\/v2\/media\/47123"}],"wp:attachment":[{"href":"https:\/\/boomdenoticias.com\/index.php?rest_route=%2Fwp%2Fv2%2Fmedia&parent=47122"}],"wp:term":[{"taxonomy":"category","embeddable":true,"href":"https:\/\/boomdenoticias.com\/index.php?rest_route=%2Fwp%2Fv2%2Fcategories&post=47122"},{"taxonomy":"post_tag","embeddable":true,"href":"https:\/\/boomdenoticias.com\/index.php?rest_route=%2Fwp%2Fv2%2Ftags&post=47122"}],"curies":[{"name":"wp","href":"https:\/\/api.w.org\/{rel}","templated":true}]}}