{"id":47104,"date":"2026-04-27T20:36:06","date_gmt":"2026-04-27T23:36:06","guid":{"rendered":"https:\/\/boomdenoticias.com\/?p=47104"},"modified":"2026-04-27T20:36:06","modified_gmt":"2026-04-27T23:36:06","slug":"lo-hago-por-mi-bebe-el-drama-del-ex-san-lorenzo-que-denuncio-una-estafa-y-pide-trabajo-para-no-quedar-en-la-calle","status":"publish","type":"post","link":"https:\/\/boomdenoticias.com\/?p=47104","title":{"rendered":"&#8220;Lo hago por mi bebe&#8221;: el drama del ex San Lorenzo que denunci\u00f3 una estafa y pide trabajo para no quedar en la calle"},"content":{"rendered":"<div><img decoding=\"async\" src=\"https:\/\/www.clarin.com\/img\/2026\/04\/27\/EAT-1RfsU_2000x1500__1.jpg\" class=\"ff-og-image-inserted\" \/><\/div>\n<div>\n<p><strong>Diego Perea<\/strong>, delantero de 23 a\u00f1os, que lleg\u00f3 a ilusionar a los hinchas de San Lorenzo tras su debut en 2023, atraviesa un momento complicado, pero afuera de las canchas. A trav\u00e9s de un video en sus redes sociales, confes\u00f3 que se encuentra en <strong>una situaci\u00f3n l\u00edmite, con deudas acumuladas y la amenaza inminente de un desalojo.<\/strong><\/p>\n<\/div>\n<div>\n<p>&#8220;<strong>Me da un poco de verg\u00fcenza mostrarme as\u00ed, pero es la \u00fanica salida que encontramos<\/strong>&#8220;, comenz\u00f3 diciendo el jugador, quien se mostr\u00f3 acompa\u00f1ado por su pareja y su beb\u00e9. Seg\u00fan explic\u00f3, la crisis no es solo producto de la falta de club, sino por una supuesta estafa por parte de quienes manejaban su carrera profesional. El futbolista asegur\u00f3 que, tras su paso por el club de Boedo, fue v\u00edctima de maniobras que lo perjudicaron financieramente: &#8220;<strong>Por una comisi\u00f3n, me dejaron tirado: no les import\u00f3 nada<\/strong>&#8220;.<\/p>\n<\/div>\n<div>\n<blockquote class=\"twitter-tweet\">\n<p lang=\"es\" dir=\"ltr\">\ud83d\udde3\ufe0f Diego Perea est\u00e1 pasando un dif\u00edcil momento y pidi\u00f3 ayuda a trav\u00e9s de sus redes sociales:<\/p>\n<p>\u201cMe da un poco de verg\u00fcenza hacer este tipo de videos y mostrarme as\u00ed, pero es la \u00fanica salida que encontramos: estamos pasando un momento econ\u00f3mico muy dif\u00edcil. Tengo muchas deudas y\u2026 <a href=\"https:\/\/t.co\/cc7Prn5oYC\">pic.twitter.com\/cc7Prn5oYC<\/a><\/p>\n<p>\u2014 Mundo Azulgrana (@MundoAzulgrana) <a href=\"https:\/\/twitter.com\/MundoAzulgrana\/status\/2048780761688412633?ref_src=twsrc%5Etfw\">April 27, 2026<\/a><\/p><\/blockquote>\n<\/div>\n<div>\n<p>En ese mismo mensaje, <strong>Perea apunt\u00f3 contra quienes manejaron su carrera profesional<\/strong> y asegur\u00f3 haber sido v\u00edctima de maniobras que lo perjudicaron econ\u00f3micamente. \u201cNo queremos nada regalado, solo una ayuda para mi se\u00f1ora y para m\u00ed. Yo estuve muy bien en San Lorenzo, pero hubo representantes que se aprovecharon de mi carrera. Por una comisi\u00f3n, me dejaron tirado; no les import\u00f3 nada\u201d, sostuvo.<\/p>\n<\/div>\n<div>\n<p>Perea remarc\u00f3 que su principal preocupaci\u00f3n hoy pasa por su entorno m\u00e1s cercano, en especial por su hijo. \u201cEsto lo hago m\u00e1s que nada por mi beb\u00e9, para que tenga un techo y no le falte comida\u201d, agreg\u00f3, dejando en claro que la exposici\u00f3n p\u00fablica responde a una necesidad urgente.<\/p>\n<\/div>\n<div>\n<p>Adem\u00e1s, su pareja dio detalles sobre la estafa que sufrieron: &#8220;<strong>Sacamos un auto a pagar, lo quise ayudar trabajando en Uber, pero nos estafaron con el auto, hab\u00eda que hacerle muchas cosas y quedamos muy mal, por eso estamos metidos en tantos problemas<\/strong>&#8220;. <\/p>\n<\/div>\n<div>\n<p>&#8220;Quieren acabar con mi carrera, no pagamos el alquiler hace dos meses y uno no se imagina las vueltas de la vida. Hoy me toca pedir favores a mucha gente, algunas personas no contestan y hacemos este video para que el beb\u00e9 est\u00e9 bien&#8221;, cerr\u00f3.<\/p>\n<\/div>\n<div>\n<p>Actualmente, Perea juega en Sportivo Barracas. El delantero jug\u00f3 seis partidos en San Lorenzo durante su breve paso durante el 2023 con Rub\u00e9n Dar\u00edo Ins\u00faa como entrenador y tambi\u00e9n tuvo pasos por Deportivo C\u00facuta, Almirante Brown y Real Tomayapo de Bolivia.<\/p>\n<\/div>\n<p><strong><a href=\"https:\/\/blockads.fivefilters.org\/\">Adblock test<\/a><\/strong> <a href=\"https:\/\/blockads.fivefilters.org\/acceptable.html\">(Why?)<\/a><\/p>","protected":false},"excerpt":{"rendered":"<p>Diego Perea, delantero de 23 a\u00f1os, que lleg\u00f3 a ilusionar a los hinchas de San Lorenzo tras su debut en&hellip;<\/p>\n","protected":false},"author":1,"featured_media":47105,"comment_status":"closed","ping_status":"closed","sticky":false,"template":"","format":"standard","meta":{"footnotes":""},"categories":[1],"tags":[],"class_list":["post-47104","post","type-post","status-publish","format-standard","has-post-thumbnail","hentry","category-blog"],"_links":{"self":[{"href":"https:\/\/boomdenoticias.com\/index.php?rest_route=\/wp\/v2\/posts\/47104","targetHints":{"allow":["GET"]}}],"collection":[{"href":"https:\/\/boomdenoticias.com\/index.php?rest_route=\/wp\/v2\/posts"}],"about":[{"href":"https:\/\/boomdenoticias.com\/index.php?rest_route=\/wp\/v2\/types\/post"}],"author":[{"embeddable":true,"href":"https:\/\/boomdenoticias.com\/index.php?rest_route=\/wp\/v2\/users\/1"}],"replies":[{"embeddable":true,"href":"https:\/\/boomdenoticias.com\/index.php?rest_route=%2Fwp%2Fv2%2Fcomments&post=47104"}],"version-history":[{"count":0,"href":"https:\/\/boomdenoticias.com\/index.php?rest_route=\/wp\/v2\/posts\/47104\/revisions"}],"wp:featuredmedia":[{"embeddable":true,"href":"https:\/\/boomdenoticias.com\/index.php?rest_route=\/wp\/v2\/media\/47105"}],"wp:attachment":[{"href":"https:\/\/boomdenoticias.com\/index.php?rest_route=%2Fwp%2Fv2%2Fmedia&parent=47104"}],"wp:term":[{"taxonomy":"category","embeddable":true,"href":"https:\/\/boomdenoticias.com\/index.php?rest_route=%2Fwp%2Fv2%2Fcategories&post=47104"},{"taxonomy":"post_tag","embeddable":true,"href":"https:\/\/boomdenoticias.com\/index.php?rest_route=%2Fwp%2Fv2%2Ftags&post=47104"}],"curies":[{"name":"wp","href":"https:\/\/api.w.org\/{rel}","templated":true}]}}