{"id":47102,"date":"2026-04-27T20:36:05","date_gmt":"2026-04-27T23:36:05","guid":{"rendered":"https:\/\/boomdenoticias.com\/?p=47102"},"modified":"2026-04-27T20:36:05","modified_gmt":"2026-04-27T23:36:05","slug":"criticas-a-federico-sturzenegger-por-los-despidos-en-el-servicio-meteorologico-nacional","status":"publish","type":"post","link":"https:\/\/boomdenoticias.com\/?p=47102","title":{"rendered":"Cr\u00edticas a Federico Sturzenegger por los despidos en el Servicio Meteorol\u00f3gico Nacional"},"content":{"rendered":"<div><img decoding=\"async\" src=\"https:\/\/srt-app.tadevel-cdn.com\/hostname\/www.cba24n.com.ar\/api\/v1\/image\/article\/69efe46b66da784866a077f4\/facebook?v=ad9d058650795e6df38a82cb7325a4fb&amp;s=5c1754ede7eac59060a8ecbb0a74ba1b\" class=\"ff-og-image-inserted\" \/><\/div>\n<p>Este fin de semana, el ministro de Desregulaci\u00f3n, Federico Sturzenegger, public\u00f3 un pol\u00e9mico tuit en el que justific\u00f3 los despidos del Servicio Meteorol\u00f3gico Nacional (SMN) y asegur\u00f3 que el sistema podr\u00eda modernizarse a menor costo.<\/p>\n<p>Son 140 las personas que fueron desvinculadas (se estima que podr\u00edan ser m\u00e1s) y Canal 10 dialog\u00f3 con una de ellas: Silvana Ricci. En una primera impresi\u00f3n, la mujer lament\u00f3 que el ministro no tenga idea de c\u00f3mo funciona el SMN.<\/p>\n<p>En las estaciones que est\u00e1n en todo el pa\u00eds, cerca de 100, se necesitan 7 trabajadores como m\u00ednimo ya que cada hora se hace un relevamiento, las 24 horas del d\u00eda, los 365 d\u00edas del a\u00f1o.\u00a0<\/p>\n<figure data-url=\"https:\/\/www.youtube.com\/watch?v=LGjEJToPsKU\" class=\"multimedia\" data-html data-tadevel-template=\"web\/multimedia\" data-type=\"video\">\n<div class=\"content\">\n<div class=\"sizer\" data-sizer=\"aspect-ratio\" data-tadevel-template=\"web\/aspect-ratio\">\n<div class=\"backdrop\" data-tadevel-template=\"web\/backdrop\">\n<div class=\"facade\" data-facade-target data-tadevel-template=\"web\/multimedia-facade\"><button aria-label=\"Reproducir video\" class=\"run\"><\/button> [embedded content]<\/div>\n<\/div>\n<\/div>\n<\/div><figcaption class=\"caption\">\n<div class=\"description\">\u201cEl ministro no tiene idea de c\u00f3mo funciona el SMN\u201d: Silvana Ricci trabajadora SMN<\/div>\n<\/figcaption><\/figure>\n<p>Esas tareas manuales consisten en recolectar datos de distintos tipo, que luego se analizan mediante c\u00e1lculos matem\u00e1ticos y observaciones, y que son enviados a todo el pa\u00eds y a los pa\u00edses con los que se tiene convenio. Previo al env\u00edo, se transforman a un c\u00f3digo especial de comunicaci\u00f3n.<\/p>\n<p>No son solamente meteor\u00f3logos los que trabajan en cada estaci\u00f3n. Tambi\u00e9n hay expertos en pol\u00edticas p\u00fablicas, en telecomunicaciones, en inform\u00e1tica, entre otras disciplinas. Una de las cr\u00edticas del ministro era que entre los casi 900 trabajadores, solo 20 eran meteor\u00f3logos, lo cual no es cierto.\u00a0<\/p>\n<p>Por otro lado, la propuesta de una \u201cestaci\u00f3n autom\u00e1tica\u201d que plantea el ministro (y que permitir\u00eda abonar menos sueldos) es poco concisa. Cada estaci\u00f3n igual necesitar\u00eda personal al lado. \u201cUna paloma arriba de un pluvi\u00f3metro ya nos arruinar\u00eda el dato\u201d, ejemplific\u00f3 Ricci.<\/p>\n<p>Adem\u00e1s, las estaciones precisar\u00edan de un acompa\u00f1amiento humano durante a\u00f1os, como sucede en otras partes del mundo, para comprobar el funcionamiento adecuado a las necesidades de cada regi\u00f3n del pa\u00eds.<\/p>\n<p>La intenci\u00f3n de modernizar el SMN existe hace a\u00f1os pero se trata de una inversi\u00f3n muy costosa. Por ejemplo, seg\u00fan explic\u00f3 la trabajadora, cada estaci\u00f3n costar\u00eda m\u00e1s de 37 millones de pesos.<\/p>\n<p><strong><a href=\"https:\/\/blockads.fivefilters.org\/\">Adblock test<\/a><\/strong> <a href=\"https:\/\/blockads.fivefilters.org\/acceptable.html\">(Why?)<\/a><\/p>","protected":false},"excerpt":{"rendered":"<p>Este fin de semana, el ministro de Desregulaci\u00f3n, Federico Sturzenegger, public\u00f3 un pol\u00e9mico tuit en el que justific\u00f3 los despidos&hellip;<\/p>\n","protected":false},"author":1,"featured_media":47103,"comment_status":"closed","ping_status":"closed","sticky":false,"template":"","format":"standard","meta":{"footnotes":""},"categories":[1],"tags":[],"class_list":["post-47102","post","type-post","status-publish","format-standard","has-post-thumbnail","hentry","category-blog"],"_links":{"self":[{"href":"https:\/\/boomdenoticias.com\/index.php?rest_route=\/wp\/v2\/posts\/47102","targetHints":{"allow":["GET"]}}],"collection":[{"href":"https:\/\/boomdenoticias.com\/index.php?rest_route=\/wp\/v2\/posts"}],"about":[{"href":"https:\/\/boomdenoticias.com\/index.php?rest_route=\/wp\/v2\/types\/post"}],"author":[{"embeddable":true,"href":"https:\/\/boomdenoticias.com\/index.php?rest_route=\/wp\/v2\/users\/1"}],"replies":[{"embeddable":true,"href":"https:\/\/boomdenoticias.com\/index.php?rest_route=%2Fwp%2Fv2%2Fcomments&post=47102"}],"version-history":[{"count":0,"href":"https:\/\/boomdenoticias.com\/index.php?rest_route=\/wp\/v2\/posts\/47102\/revisions"}],"wp:featuredmedia":[{"embeddable":true,"href":"https:\/\/boomdenoticias.com\/index.php?rest_route=\/wp\/v2\/media\/47103"}],"wp:attachment":[{"href":"https:\/\/boomdenoticias.com\/index.php?rest_route=%2Fwp%2Fv2%2Fmedia&parent=47102"}],"wp:term":[{"taxonomy":"category","embeddable":true,"href":"https:\/\/boomdenoticias.com\/index.php?rest_route=%2Fwp%2Fv2%2Fcategories&post=47102"},{"taxonomy":"post_tag","embeddable":true,"href":"https:\/\/boomdenoticias.com\/index.php?rest_route=%2Fwp%2Fv2%2Ftags&post=47102"}],"curies":[{"name":"wp","href":"https:\/\/api.w.org\/{rel}","templated":true}]}}