{"id":47084,"date":"2026-04-27T08:34:35","date_gmt":"2026-04-27T11:34:35","guid":{"rendered":"https:\/\/boomdenoticias.com\/?p=47084"},"modified":"2026-04-27T08:34:35","modified_gmt":"2026-04-27T11:34:35","slug":"una-familia-denuncia-persecucion-y-violencia-policial-en-cordoba-hay-un-joven-en-coma","status":"publish","type":"post","link":"https:\/\/boomdenoticias.com\/?p=47084","title":{"rendered":"Una familia denuncia \u201cpersecuci\u00f3n y violencia policial\u201d en C\u00f3rdoba: hay un joven en coma"},"content":{"rendered":"<div><img decoding=\"async\" src=\"https:\/\/srt-app.tadevel-cdn.com\/hostname\/www.cba24n.com.ar\/api\/v1\/image\/article\/69ef399d66da784866978a4c\/facebook?v=b2451e748431834a49e7dd9d58629ebd&amp;s=a807d20c32320dacf665c25a220429f0\" class=\"ff-og-image-inserted\" \/><\/div>\n<p>La familia de <strong>Tom\u00e1s Orihuela<\/strong>, un joven de 19 a\u00f1os, denuncia \u201cpersecuci\u00f3n\u201d por parte de la Polic\u00eda de <strong>C\u00f3rdoba<\/strong>. El joven, que hoy pelea por su vida en el Hospital Eva Per\u00f3n, termin\u00f3 en estado de coma tras un presunto intento de suicidio luego de una seguidilla de detenciones en la Comisar\u00eda N\u00ba 6 de barrio General Paz y su familia cort\u00f3 calles en Bajo Pueyrred\u00f3n.<\/p>\n<p>La cronolog\u00eda que presenta la familia expone irregularidades en el proceder de la fuerza. Tom\u00e1s hab\u00eda salido de prisi\u00f3n tras cumplir una <strong>condena de cuatro meses<\/strong>. Sin embargo, la libertad le dur\u00f3 apenas unas horas.<\/p>\n<figure class=\"multimedia\" data-html data-tadevel-template=\"web\/multimedia\" data-type=\"rich\" data-url=\"https:\/\/www.instagram.com\/canal10cba\/reel\/DXnO7KtCIS3\/\"><figcaption class=\"caption\">\n<div class=\"description\">Canal 10 C\u00f3rdoba on Instagram: &#8220;\ud83d\udea8 INGRES\u00d3 DETENIDO Y SALI\u00d3 EN ESTADO DE COMA \ud83c\udfe5 \u26a0\ufe0f Vecinos y familiares de Barrio Bajo Pueyrred\u00f3n piden justicia por un joven de 19 a\u00f1os que ingres\u00f3 a la comisar\u00eda sexta de la Ciudad de C\u00f3rdoba con buen estado de salud y sali\u00f3 a las pocas horas en estado de coma. \ud83d\udd34 Miranos en YouTube \ud83d\udd3b Canal 10 C\u00f3rdoba \ud83d\udd3b \ud83d\udcf0 Todas las noticias de C\u00f3rdoba en cba24n.com.ar \ud83c\udf10 #policia #c\u00f3rdoba #justicia&#8221;<\/div>\n<\/figcaption><\/figure>\n<p>La semana pasada, a horas de ser liberado, fue interceptado al salir de un local de una peluquer\u00eda. La polic\u00eda aleg\u00f3 un pedido de captura de la provincia de Entre R\u00edos. Su familia tuvo que presentarse con la documentaci\u00f3n legal que acreditaba que esa causa ya estaba resuelta y fue puesto en libertad. Sin embargo, dos d\u00edas despu\u00e9s, el escenario se repiti\u00f3. Fue detenido en la v\u00eda p\u00fablica bajo el argumento de una causa en C\u00f3rdoba. La familia inform\u00f3 que esa condena ya estaba cumplida y que la propia polic\u00eda ten\u00eda los registros, pero se lo mantuvieron detenido.<\/p>\n<p>Uno de los puntos m\u00e1s sensibles de la denuncia que la familia hizo en <i><strong>Canal 10<\/strong><\/i> es la existencia de un audio que habr\u00eda grabado una oficial de polic\u00eda. Seg\u00fan los allegados de Tom\u00e1s, en el registro se escucha una frase: &#8220;Si le pasa algo, nadie lo va a reclamar&#8221;.<\/p>\n<figure class=\"multimedia\" data-html data-tadevel-template=\"web\/multimedia\" data-type=\"rich\" data-url=\"https:\/\/www.instagram.com\/canal10cba\/reel\/DXnf8qFCA2g\/\"><figcaption class=\"caption\">\n<div class=\"description\">Canal 10 C\u00f3rdoba on Instagram: &#8220;\u26a0\ufe0f La familia de un joven de 19 a\u00f1os denuncia que su hijo ingres\u00f3 a una comisar\u00eda en buen estado de salud y sali\u00f3 en coma. \ud83d\udea8 Rechazan la versi\u00f3n oficial que habla de un supuesto intento de suicidio y aseguran que fue v\u00edctima de violencia policial. \ud83d\udde3 Mientras se investiga lo ocurrido ,los familiares exigen justicia.&#8221;<\/div>\n<\/figcaption><\/figure>\n<p>Pocas horas despu\u00e9s de su \u00faltima detenci\u00f3n, la madre, que hab\u00eda estado en la comisar\u00eda alcanz\u00e1ndole abrigo a Tom\u00e1s, fue notificada por efectivos de la CAP que su hijo hab\u00eda tenido un \u201cpeque\u00f1o accidente\u201d y estaba en el Hospital C\u00f3rdoba.\u00a0<\/p>\n<p>All\u00ed el joven permanece en coma tras un intento de suicidio. La familia no coincide con la versi\u00f3n policial y considera que esa prueba es la confirmaci\u00f3n de la persecuci\u00f3n de la Comisar\u00eda Sexta y denuncia, adem\u00e1s, violencia policial: \u201cMi hermano jam\u00e1s har\u00eda eso, estuvo 4 meses en Bouwer, c\u00f3mo va a querer suicidarse ac\u00e1 si sab\u00eda que ya lo iban a dejar libre?\u201d, relat\u00f3 su hermana.\u00a0<\/p>\n<p>\u201cEntr\u00f3 caminando y nos lo devuelven en coma\u201d, denunciaron en las puertas de la comisar\u00eda. Ahora se encuentra en el Hospital Eva Per\u00f3n.<\/p>\n<p>Investiga el caso la fiscal Silvana Fern\u00e1ndez.<\/p>\n<p><strong><a href=\"https:\/\/blockads.fivefilters.org\/\">Adblock test<\/a><\/strong> <a href=\"https:\/\/blockads.fivefilters.org\/acceptable.html\">(Why?)<\/a><\/p>","protected":false},"excerpt":{"rendered":"<p>La familia de Tom\u00e1s Orihuela, un joven de 19 a\u00f1os, denuncia \u201cpersecuci\u00f3n\u201d por parte de la Polic\u00eda de C\u00f3rdoba. El&hellip;<\/p>\n","protected":false},"author":1,"featured_media":47085,"comment_status":"closed","ping_status":"closed","sticky":false,"template":"","format":"standard","meta":{"footnotes":""},"categories":[1],"tags":[],"class_list":["post-47084","post","type-post","status-publish","format-standard","has-post-thumbnail","hentry","category-blog"],"_links":{"self":[{"href":"https:\/\/boomdenoticias.com\/index.php?rest_route=\/wp\/v2\/posts\/47084","targetHints":{"allow":["GET"]}}],"collection":[{"href":"https:\/\/boomdenoticias.com\/index.php?rest_route=\/wp\/v2\/posts"}],"about":[{"href":"https:\/\/boomdenoticias.com\/index.php?rest_route=\/wp\/v2\/types\/post"}],"author":[{"embeddable":true,"href":"https:\/\/boomdenoticias.com\/index.php?rest_route=\/wp\/v2\/users\/1"}],"replies":[{"embeddable":true,"href":"https:\/\/boomdenoticias.com\/index.php?rest_route=%2Fwp%2Fv2%2Fcomments&post=47084"}],"version-history":[{"count":0,"href":"https:\/\/boomdenoticias.com\/index.php?rest_route=\/wp\/v2\/posts\/47084\/revisions"}],"wp:featuredmedia":[{"embeddable":true,"href":"https:\/\/boomdenoticias.com\/index.php?rest_route=\/wp\/v2\/media\/47085"}],"wp:attachment":[{"href":"https:\/\/boomdenoticias.com\/index.php?rest_route=%2Fwp%2Fv2%2Fmedia&parent=47084"}],"wp:term":[{"taxonomy":"category","embeddable":true,"href":"https:\/\/boomdenoticias.com\/index.php?rest_route=%2Fwp%2Fv2%2Fcategories&post=47084"},{"taxonomy":"post_tag","embeddable":true,"href":"https:\/\/boomdenoticias.com\/index.php?rest_route=%2Fwp%2Fv2%2Ftags&post=47084"}],"curies":[{"name":"wp","href":"https:\/\/api.w.org\/{rel}","templated":true}]}}