{"id":47082,"date":"2026-04-27T08:34:34","date_gmt":"2026-04-27T11:34:34","guid":{"rendered":"https:\/\/boomdenoticias.com\/?p=47082"},"modified":"2026-04-27T08:34:34","modified_gmt":"2026-04-27T11:34:34","slug":"el-adios-a-adolfo-aristarain-un-emblema-del-cine-argentino","status":"publish","type":"post","link":"https:\/\/boomdenoticias.com\/?p=47082","title":{"rendered":"El adi\u00f3s a Adolfo Aristarain, un emblema del cine argentino"},"content":{"rendered":"<p>Despu\u00e9s de la muerte de <strong>Luis Brandoni<\/strong> y <strong>Luis Puenzo<\/strong>, el cine argentino despidi\u00f3 a otro de sus grandes. <strong>Adolfo Aristarain<\/strong> falleci\u00f3 este domingo a sus 82 a\u00f1os en Buenos Aires.\u00a0<\/p>\n<p>El director de cl\u00e1sicos como <i>Mart\u00edn (Hache)<\/i> y <i>Un lugar en el mundo<\/i> llevaba m\u00e1s de una d\u00e9cada sin filmar, tras haber sido sometido a una dif\u00edcil operaci\u00f3n. \u201c<i>A partir de 2010 par\u00e9 y m\u00e1s tarde desarroll\u00e9 la idea de hacer una historia de [\u00c1stor] Piazzolla. Pero en 2019 me operaron del coraz\u00f3n y reci\u00e9n hace un mes termin\u00e9 la recuperaci\u00f3n. Cuando ten\u00eda que arrancar con la recuperaci\u00f3n empez\u00f3 la pandemia. Todo esto me demor\u00f3 bastante<\/i>\u201d, explic\u00f3 en 2024 durante una entrevista con <strong>El Pa\u00eds<\/strong> de Espa\u00f1a.<\/p>\n<p>Sin embargo, su figura nunca perdi\u00f3 fuerza en nuestra cultura ni a nivel internacional. En 2024 hizo su \u00faltima aparici\u00f3n p\u00fablica al recibir la Medalla de Oro de la <strong>Academia de Cine Espa\u00f1ola<\/strong> por ser \u201c<i>un creador clave en la historia com\u00fan del cine argentino y del espa\u00f1ol de las \u00faltimas d\u00e9cadas<\/i>\u201d, convirti\u00e9ndose en el primer realizador argentino en recibir esta distinci\u00f3n.\u00a0<\/p>\n<p>De las 11 pel\u00edculas que conforman su filmograf\u00eda, 5 fueron coproducidas con Espa\u00f1a, incluyendo las actuaciones de importantes figuras, como <strong>Cecilia Roth<\/strong> y <strong>Eusebio Poncela<\/strong>. \u201c<i>El cine es un oficio despiadadamente traidor para quien lo ejerce. Aunque uno intente esconder lo que uno es, tarde o temprano el director desnuda su alma sin quererlo en primer plano. El cine que uno hace es lo que uno es<\/i>\u201d, expres\u00f3 Aristarain al recibir el premio. Y lo cierto es que el director siempre fue fiel a sus principios y sus cr\u00edticas al sistema capitalista, depositando en sus personajes la capacidad de transmitir su propia ideolog\u00eda. Incluso en plena dictadura, sus pel\u00edculas sortearon inteligentemente la censura para denunciar la persecuci\u00f3n pol\u00edtica y las injusticias sociales, tal como lo hace <i>Tiempo de Revancha<\/i>.<\/p>\n<figure class=\"multimedia\" data-tadevel-template=\"web\/multimedia\" data-type=\"photo\">\n<div class=\"content\">\n<div class=\"sizer\" data-sizer=\"aspect-ratio\" data-tadevel-template=\"web\/aspect-ratio\"><img alt=\"Adolfo Aristarain al recibir la Medalla de Oro de la Academia de Cine Espa\u00f1ola. Fuente: redes sociales\" loading=\"lazy\" \/><\/div>\n<\/div><figcaption class=\"caption\">\n<div class=\"description\">Adolfo Aristarain al recibir la Medalla de Oro de la Academia de Cine Espa\u00f1ola. Fuente: redes sociales<\/div>\n<\/figcaption><\/figure>\n<p>En 1992, su obra m\u00e1s aclamada, <i>Un lugar en el mundo<\/i>, fue protagonista de un hecho hist\u00f3rico en los <strong>Premios \u00d3scar<\/strong>. Se trat\u00f3 de la primera pel\u00edcula en ser descalificada en la historia de los galardones otorgados por la Academia de Hollywood. Ese a\u00f1o, Argentina hab\u00eda postulado a <i>El lado oscuro del coraz\u00f3n<\/i>, de Eliseo Subiela, en la categor\u00eda de Mejor Pel\u00edcula Extranjera. El rechazo no fue un impedimento: Aristarain present\u00f3 su film en representaci\u00f3n de Uruguay, ya que parte de su inversi\u00f3n proven\u00eda de ese pa\u00eds. La Academia acept\u00f3 la postulaci\u00f3n y la cinta qued\u00f3 oficialmente como una de las nominadas. Sin embargo, el panorama cambi\u00f3 poco tiempo despu\u00e9s, cuando las autoridades de la instituci\u00f3n concluyeron que la participaci\u00f3n de Uruguay era minoritaria. <i>Un lugar en el mundo<\/i> qued\u00f3 fuera de competencia, pero su reconocimiento sigue vigente hasta la fecha, junto con la astucia de un director que supo ser revolucionario a\u00fan entre los l\u00edmites que el contexto le impon\u00eda.\u00a0\u00a0<\/p>\n<p><strong><a href=\"https:\/\/blockads.fivefilters.org\/\">Adblock test<\/a><\/strong> <a href=\"https:\/\/blockads.fivefilters.org\/acceptable.html\">(Why?)<\/a><\/p>","protected":false},"excerpt":{"rendered":"<p>Despu\u00e9s de la muerte de Luis Brandoni y Luis Puenzo, el cine argentino despidi\u00f3 a otro de sus grandes. Adolfo&hellip;<\/p>\n","protected":false},"author":1,"featured_media":47083,"comment_status":"closed","ping_status":"closed","sticky":false,"template":"","format":"standard","meta":{"footnotes":""},"categories":[1],"tags":[],"class_list":["post-47082","post","type-post","status-publish","format-standard","has-post-thumbnail","hentry","category-blog"],"_links":{"self":[{"href":"https:\/\/boomdenoticias.com\/index.php?rest_route=\/wp\/v2\/posts\/47082","targetHints":{"allow":["GET"]}}],"collection":[{"href":"https:\/\/boomdenoticias.com\/index.php?rest_route=\/wp\/v2\/posts"}],"about":[{"href":"https:\/\/boomdenoticias.com\/index.php?rest_route=\/wp\/v2\/types\/post"}],"author":[{"embeddable":true,"href":"https:\/\/boomdenoticias.com\/index.php?rest_route=\/wp\/v2\/users\/1"}],"replies":[{"embeddable":true,"href":"https:\/\/boomdenoticias.com\/index.php?rest_route=%2Fwp%2Fv2%2Fcomments&post=47082"}],"version-history":[{"count":0,"href":"https:\/\/boomdenoticias.com\/index.php?rest_route=\/wp\/v2\/posts\/47082\/revisions"}],"wp:featuredmedia":[{"embeddable":true,"href":"https:\/\/boomdenoticias.com\/index.php?rest_route=\/wp\/v2\/media\/47083"}],"wp:attachment":[{"href":"https:\/\/boomdenoticias.com\/index.php?rest_route=%2Fwp%2Fv2%2Fmedia&parent=47082"}],"wp:term":[{"taxonomy":"category","embeddable":true,"href":"https:\/\/boomdenoticias.com\/index.php?rest_route=%2Fwp%2Fv2%2Fcategories&post=47082"},{"taxonomy":"post_tag","embeddable":true,"href":"https:\/\/boomdenoticias.com\/index.php?rest_route=%2Fwp%2Fv2%2Ftags&post=47082"}],"curies":[{"name":"wp","href":"https:\/\/api.w.org\/{rel}","templated":true}]}}