{"id":47080,"date":"2026-04-27T08:34:32","date_gmt":"2026-04-27T11:34:32","guid":{"rendered":"https:\/\/boomdenoticias.com\/?p=47080"},"modified":"2026-04-27T08:34:32","modified_gmt":"2026-04-27T11:34:32","slug":"recuperan-un-mural-vandalizado-que-reivindica-las-13-identificaciones-en-la-perla","status":"publish","type":"post","link":"https:\/\/boomdenoticias.com\/?p=47080","title":{"rendered":"Recuperan un mural vandalizado que reivindica las 13 identificaciones en La Perla"},"content":{"rendered":"<p>Desde el Programa de Derechos Humanos de la Facultad de Filosof\u00eda y Humanidades de la Universidad Nacional de C\u00f3rdoba y diversas organizaciones, lograron en las \u00faltimas horas conservar parte de una memoria necesaria.<\/p>\n<p>Es que, con un sentido Festival, se realiz\u00f3 la \u201cRecuperaci\u00f3n\u201d de un mural que retrataba las 13 identidades encontradas en el predio del ex Centro Clandestino de Detenci\u00f3n La Perla, merced al trabajo del Equipo Argentino de Antropolog\u00eda Forense y la Justicia de C\u00f3rdoba.<\/p>\n<p>La obra, realizada el 20 de marzo pasado, en la previa de la conmemoraci\u00f3n de los 50 a\u00f1os del \u00faltimo Golpe de Estado C\u00edvico-Militar, hab\u00eda sido vandalizada.<\/p>\n<figure class=\"multimedia\" data-tadevel-template=\"web\/multimedia\" data-type=\"photo\">\n<div class=\"content\">\n<div class=\"sizer\" data-sizer=\"aspect-ratio\" data-tadevel-template=\"web\/aspect-ratio\"><img alt=\"Recuperan un mural vandalizado que reivindica las 13 identificaciones en La Perla\" loading=\"lazy\" \/><\/div>\n<\/div>\n<\/figure>\n<p>Con la intervenci\u00f3n de la Mesa de Trabajo por los Derechos Humanos, desde la Juventud Anticapitalista del \u00a1Ya Basta! se valor\u00f3 la situaci\u00f3n. Y Julia Di Santi, dirigente del Nuevo Mas, sentenci\u00f3: \u201cHubo gestos de enorme solidaridad y unidad. Contamos con la participaci\u00f3n de una de las familiares de las mellizas Carranza, cuyo ADN fue identificado en la Loma del Torito\u201d.<\/p>\n<p>Se resalt\u00f3 la gran solidaridad surgida desde la misma UNC para recuperar un espacio totalmente necesario para la Memoria.<\/p>\n<figure class=\"multimedia\" data-html data-tadevel-template=\"web\/multimedia\" data-type=\"rich\" data-url=\"https:\/\/www.instagram.com\/juliadisanti_\/reel\/DXkbGSuBBL0\/\"><\/figure>\n<p><strong><a href=\"https:\/\/blockads.fivefilters.org\/\">Adblock test<\/a><\/strong> <a href=\"https:\/\/blockads.fivefilters.org\/acceptable.html\">(Why?)<\/a><\/p>","protected":false},"excerpt":{"rendered":"<p>Desde el Programa de Derechos Humanos de la Facultad de Filosof\u00eda y Humanidades de la Universidad Nacional de C\u00f3rdoba y&hellip;<\/p>\n","protected":false},"author":1,"featured_media":47081,"comment_status":"closed","ping_status":"closed","sticky":false,"template":"","format":"standard","meta":{"footnotes":""},"categories":[1],"tags":[],"class_list":["post-47080","post","type-post","status-publish","format-standard","has-post-thumbnail","hentry","category-blog"],"_links":{"self":[{"href":"https:\/\/boomdenoticias.com\/index.php?rest_route=\/wp\/v2\/posts\/47080","targetHints":{"allow":["GET"]}}],"collection":[{"href":"https:\/\/boomdenoticias.com\/index.php?rest_route=\/wp\/v2\/posts"}],"about":[{"href":"https:\/\/boomdenoticias.com\/index.php?rest_route=\/wp\/v2\/types\/post"}],"author":[{"embeddable":true,"href":"https:\/\/boomdenoticias.com\/index.php?rest_route=\/wp\/v2\/users\/1"}],"replies":[{"embeddable":true,"href":"https:\/\/boomdenoticias.com\/index.php?rest_route=%2Fwp%2Fv2%2Fcomments&post=47080"}],"version-history":[{"count":0,"href":"https:\/\/boomdenoticias.com\/index.php?rest_route=\/wp\/v2\/posts\/47080\/revisions"}],"wp:featuredmedia":[{"embeddable":true,"href":"https:\/\/boomdenoticias.com\/index.php?rest_route=\/wp\/v2\/media\/47081"}],"wp:attachment":[{"href":"https:\/\/boomdenoticias.com\/index.php?rest_route=%2Fwp%2Fv2%2Fmedia&parent=47080"}],"wp:term":[{"taxonomy":"category","embeddable":true,"href":"https:\/\/boomdenoticias.com\/index.php?rest_route=%2Fwp%2Fv2%2Fcategories&post=47080"},{"taxonomy":"post_tag","embeddable":true,"href":"https:\/\/boomdenoticias.com\/index.php?rest_route=%2Fwp%2Fv2%2Ftags&post=47080"}],"curies":[{"name":"wp","href":"https:\/\/api.w.org\/{rel}","templated":true}]}}