{"id":47070,"date":"2026-04-27T08:30:33","date_gmt":"2026-04-27T11:30:33","guid":{"rendered":"https:\/\/boomdenoticias.com\/?p=47070"},"modified":"2026-04-27T08:30:33","modified_gmt":"2026-04-27T11:30:33","slug":"otro-efecto-del-boom-de-la-ia-cinco-dispositivos-clave-frenados-por-la-crisis-global-de-memorias","status":"publish","type":"post","link":"https:\/\/boomdenoticias.com\/?p=47070","title":{"rendered":"Otro efecto del boom de la IA: cinco dispositivos clave, frenados por la crisis global de memorias"},"content":{"rendered":"<div class=\"sc-45461e9c-0 eqiBeF container-text text-embed \">\n<p>El mercado global de hardware <strong>atraviesa una desaceleraci\u00f3n <\/strong>que rompe con los esquemas habituales. La <a href=\"https:\/\/www.clarin.com\/informacion-general\/viene-reemplazo-pendrive-usb-veloz-8000-gb-almacenamiento-disponibles_0_6vAYVxHFUn.html\" target=\"_blank\" title=\"suba sostenida de DRAM\">suba sostenida de DRAM<\/a> (velocidad y multitarea) y la NAND (almacenamiento) <a href=\"https:\/\/www.clarin.com\/tecnologia\/pirateria-crece-fuerte-argentina-riesgo-solo-legal-costo-oculto-gratis_0_CNonKzRgJ3.html\" target=\"_blank\" title=\"altera costos y planificaci\u00f3n\">altera costos y planificaci\u00f3n<\/a>. La <a href=\"https:\/\/www.clarin.com\/tecnologia\/bajan-aranceles-sube-costo-global-pasara-precios-celulares-2026_0_FCXmcvgiHd.html\" target=\"_blank\" title=\"ca\u00edda no responde a una falta\">ca\u00edda no responde a una falta<\/a> de demanda, sino a una distorsi\u00f3n en la oferta, en un escenario donde <a href=\"https:\/\/www.clarin.com\/tecnologia\/ia-entra-nueva-fase-chatgpt-claude-gemini-ejecuta-mejor-tareas-ayuda-humana_0_aO1q7hZKPa.html\" target=\"_blank\" title=\"la infraestructura de la IA \">la infraestructura de la IA <\/a>concentra y absorbe los principales equipamientos del mercado.<\/p>\n<\/div>\n<div class=\"sc-45461e9c-0 eqiBeF container-text text-embed \">\n<p>Este desequilibrio provoc\u00f3 que varios desarrollos previstos para los pr\u00f3ximos meses se postergaran o terminaran cancelados, reflejando un estancamiento inusual en el ritmo de lanzamientos. A continuaci\u00f3n, cu\u00e1les fueron<strong> los cinco proyectos m\u00e1s golpeados<\/strong> por la crisis de los componentes.<\/p>\n<\/div>\n<div class=\"sc-45461e9c-0 eqiBeF container-text text-embed \">\n<p>La DRAM y la NAND Flash son piezas esenciales en la experiencia de consumo minorista, pero producirlas a gran escala dej\u00f3 de ser viable en t\u00e9rminos de costos. En muchos dispositivos, su valor ya representa casi<strong> la mitad del precio de fabricaci\u00f3n<\/strong>, incluso por encima del procesador o la pantalla.<\/p>\n<\/div>\n<div class=\"sc-45461e9c-0 eqiBeF container-text text-embed \">\n<p>Lejos de ser una variaci\u00f3n transitoria, el cambio se explica desde lo estructural. El despliegue de sistemas vinculados a la IA concentra recursos industriales y <strong>desplaza la elaboraci\u00f3n hacia centros de datos<\/strong>, relegando el mercado hogare\u00f1o. La memoria dej\u00f3 de ser ilimitada y pas\u00f3 a ser cr\u00edtica, con efectos que se extienden desde smartphones y consolas hasta computadoras y televisores.<\/p>\n<\/div>\n<div class=\"sc-45461e9c-0 eqiBeF container-text text-embed \">\n<p>En el \u00faltimo trimestre de 2025, el costo de la memoria se dispar\u00f3 un <strong>50%<\/strong>, seg\u00fan <em>Counterpoint Research<\/em> y rompi\u00f3 todas las referencias. En 2026, la tendencia no se detuvo: en los primeros meses sum\u00f3 un salto del<strong> 50%<\/strong> y proyect\u00f3 un incremento adicional del <strong>20%<\/strong> hacia mitad de a\u00f1o, consolidando una escalada sostenida que puso en jaque la viabilidad comercial de m\u00faltiples dispositivos tecnol\u00f3gicos.<\/p>\n<\/div>\n<div class=\"sc-45461e9c-0 eqiBeF container-text text-embed \">\n<p>Los m\u00e1s afectados son aquellos aparatos con precios por debajo de los 100 d\u00f3lares. Analistas de IDC calificaron este segmento como \u201cpermanentemente inviable\u201d, ante el fuerte incremento. Para 2026, cerca de <strong>171 millones de equipos<\/strong> de ultra bajo costo se cancelaron o se retiraron del mercado, ya que la memoria pas\u00f3 a representar m\u00e1s del 50% del valor total de cada uno.<\/p>\n<\/div>\n<div class=\"sc-45461e9c-0 eqiBeF container-text text-embed \">\n<p>El impacto no se limita a los segmentos accesibles: tambi\u00e9n <strong>golpea a la gama alta<\/strong>. En la lista figuraron el iPhone Flip y los Apple Vision Pro 2, la PS6, Xiaomi 17 Pro Max, Meta Quest Pro y Valve Steam Machine. Entre retrasos, redise\u00f1os y ajustes, se evidencia un cambio de ciclo: la novedad dej\u00f3 de definirse solo por ambici\u00f3n t\u00e9cnica y pas\u00f3 a depender de la disponibilidad real de insumos.<\/p>\n<\/div>\n<h2>iPhone Flip<\/h2>\n<div class=\"sc-98b114a2-0 bkqiHH image-embed  image-embed \"><img fetchpriority=\"high\" decoding=\"async\" alt=\"Apple Vision Pro 2, otro producto que est\u00e1 sometido a revisi\u00f3n por la nueva directiva.\" loading=\"eager\" width=\"720\" height=\"480\" data-nimg=\"1\" src=\"https:\/\/www.clarin.com\/img\/2026\/04\/21\/SNAu_LkAp_720x0__1.jpg\" \/><span class=\"epigraphe\" aria-hidden=\"true\">Apple Vision Pro 2, otro producto que est\u00e1 sometido a revisi\u00f3n por la nueva directiva.<\/span><span class=\"picture-open\"><button class=\"open-image\" aria-label=\"Open Image\"><\/button><\/span><\/div>\n<div class=\"sc-45461e9c-0 eqiBeF container-text text-embed \">\n<p>El tel\u00e9fono representa el intento de Apple por ingresar al competitivo mundo de los plegables, dominado por marcas asi\u00e1ticas, con proyecciones de crecimiento del 20%. Esta apuesta enfrenta algunos interrogantes. Filtraciones de Ming-Chi Kuo se\u00f1alaron que el proyecto se ralentiz\u00f3 por el costo de los componentes<strong> <\/strong>mientras se busca evitar un precio final que <strong>supere incluso los est\u00e1ndares premium<\/strong>.<\/p>\n<\/div>\n<div class=\"sc-45461e9c-0 eqiBeF container-text text-embed \">\n<p>El problema no se reduce al precio, ya que hay dudas en la nueva directiva de Apple sobre su viabilidad. Seg\u00fan The Information, John Ternus, se\u00f1alado como sucesor de Tim Cook, no qued\u00f3 convencido con los resultados obtenidos. Esa postura evidenci\u00f3 un l\u00edmite menos visible: el plegable dej\u00f3 de ser un desaf\u00edo de dise\u00f1o y pas\u00f3 a depender de recursos que ya no acompa\u00f1aron el ritmo de la innovaci\u00f3n.<\/p>\n<\/div>\n<div class=\"sc-45461e9c-0 eqiBeF container-text text-embed \">\n<p>El Apple Vision Pro 2 refleja un problema similar. Informes de Bloomberg indican que Apple fren\u00f3 redise\u00f1os ambiciosos y prioriz\u00f3 versiones m\u00e1s accesibles ante una adopci\u00f3n limitada. En paralelo, la nueva directiva eval\u00faa la continuidad del proyecto sin definiciones claras, en un contexto donde la ecuaci\u00f3n entre hardware intensivo y precio elevado deja de cerrar en t\u00e9rminos econ\u00f3micos.<\/p>\n<\/div>\n<h2>PlayStation 6<\/h2>\n<div class=\"sc-45461e9c-0 eqiBeF container-text text-embed \">\n<p>Enfrenta un panorama incierto en 2026 por el fuerte encarecimiento de los engranajes que imprimen velocidad. Aunque su lanzamiento es para 2027, reportes de Bloomberg e IDC indican que Sony eval\u00faa retrasar su estreno hasta 2028. El costo de la memoria RAM y el almacenamiento NAND superan el 45% del valor de fabricaci\u00f3n, complicando la planificaci\u00f3n y volviendo inviable el precio esperado.<\/p>\n<\/div>\n<div class=\"sc-45461e9c-0 eqiBeF container-text text-embed \">\n<p>Para amortiguar el choque, la compa\u00f1\u00eda planea ajustes en la arquitectura y en el rendimiento objetivo para contener costos sin romper el equilibrio con la generaci\u00f3n actual. Este replanteo no solo impacta en los tiempos, sino tambi\u00e9n en la propuesta final, reflejando la dificultad para sostener un balance entre originalidad y renovaci\u00f3n en un contexto de costos variables.<\/p>\n<\/div>\n<h2>Xiaomi 17 Pro Max<\/h2>\n<div class=\"sc-98b114a2-0 bkqiHH image-embed  image-embed \"><img decoding=\"async\" alt=\"Xiaomi 17 Pro Max, s\u00f3lo para el mercado chino.\" loading=\"eager\" width=\"720\" height=\"480\" data-nimg=\"1\" src=\"https:\/\/www.clarin.com\/img\/2025\/12\/29\/nIKiaR9Bn_720x0__1.jpg\" \/><span class=\"epigraphe\" aria-hidden=\"true\">Xiaomi 17 Pro Max, s\u00f3lo para el mercado chino.<\/span><span class=\"picture-open\"><button class=\"open-image\" aria-label=\"Open Image\"><\/button><\/span><\/div>\n<div class=\"sc-45461e9c-0 eqiBeF container-text text-embed \">\n<p>Tanto la versi\u00f3n Pro como la Pro Max se adelantaron a su \u00e9poca en un contexto que ya no premia la innovaci\u00f3n como antes. Ambos modelos ser\u00e1n lanzados en China, pero no saldr\u00e1n al mercado internacional, a diferencia de otras versiones de la serie. La decisi\u00f3n rompe con la l\u00f3gica habitual de expansi\u00f3n global y expone un recorte selectivo en el portfolio m\u00e1s ambicioso.<\/p>\n<\/div>\n<div class=\"sc-45461e9c-0 eqiBeF container-text text-embed \">\n<p>Detr\u00e1s de ese movimiento emerge un dato concreto: el costo de la memoria excede ampliamente las previsiones y altera la ecuaci\u00f3n final. Ejecutivos de la compa\u00f1\u00eda se\u00f1alaron que, en configuraciones altas, el sobrecosto supera los <strong>200 d\u00f3lares por unidad<\/strong>, en un contexto donde los chips registraron subas de hasta 80\u201390% en 2026.<\/p>\n<\/div>\n<div class=\"sc-45461e9c-0 eqiBeF container-text text-embed \">\n<p>A esto se agreg\u00f3 un condicionante adicional: en Europa y Am\u00e9rica Latina, la tolerancia a los aumentos result\u00f3 mucho m\u00e1s limitada, lo que redujo el margen para trasladar costos. Bajo ese escenario, sostener variantes premium fuera de China dej\u00f3 de ser viable sin comprometer la competitividad.<\/p>\n<\/div>\n<h2>Meta Quest Pro 2<\/h2>\n<div class=\"sc-45461e9c-0 eqiBeF container-text text-embed \">\n<p>Este visor se concibi\u00f3 como una evoluci\u00f3n hacia la realidad mixta de alta gama, con mayor resoluci\u00f3n, mejor seguimiento y foco en productividad. La ambici\u00f3n era competir en el segmento premium con un hardware m\u00e1s potente y vers\u00e1til. Sin embargo, el proyecto qued\u00f3 rodeado de incertidumbre, sin anuncio oficial y con versiones contradictorias sobre su futuro.<\/p>\n<\/div>\n<div class=\"sc-45461e9c-0 eqiBeF container-text text-embed \">\n<p>Reportes de Bloomberg y The Verge se\u00f1alaron que el encarecimiento de la memoria castig\u00f3 de forma directa en toda la l\u00ednea Quest, obligando a Meta a remarcar hasta <strong>100 d\u00f3lares <\/strong>sobre la etiqueta de algunos modelos como el Quest 3. Este encarecimiento no solo afect\u00f3 ventas, sino que dej\u00f3 en evidencia que cualquier punto avanzado, como un Pro 2, enfrentar\u00eda una barrera de entrada a\u00fan mayor.<\/p>\n<\/div>\n<div class=\"sc-45461e9c-0 eqiBeF container-text text-embed \">\n<p>El desarrollo del sucesor qued\u00f3 en una zona gris. El Quest Pro original ya hab\u00eda sido discontinuado tras ventas d\u00e9biles y cr\u00edticas a su relaci\u00f3n precio-prestaciones, lo que elev\u00f3 la cautela interna. Con costos en alza y un mercado menos receptivo, el proyecto perdi\u00f3 impulso y qued\u00f3 condicionado por una ecuaci\u00f3n donde cada mejora t\u00e9cnica implic\u00f3 un salto de precio dif\u00edcil de justificar.<\/p>\n<\/div>\n<h2>Valve Steam Machine<\/h2>\n<div class=\"sc-98b114a2-0 bkqiHH image-embed  image-embed \"><img decoding=\"async\" alt=\"La Valve Steam Machine con problemas de producci\u00f3n.\" loading=\"eager\" width=\"720\" height=\"480\" data-nimg=\"1\" src=\"https:\/\/www.clarin.com\/img\/2026\/04\/21\/uVb4bdlzQ_720x0__1.jpg\" \/><span class=\"epigraphe\" aria-hidden=\"true\">La Valve Steam Machine con problemas de producci\u00f3n.<\/span><span class=\"picture-open\"><button class=\"open-image\" aria-label=\"Open Image\"><\/button><\/span><\/div>\n<div class=\"sc-45461e9c-0 eqiBeF container-text text-embed \">\n<p>Retoma el concepto de PC consolidada con foco en rendimiento flexible, apta para la plataforma Steam y de arquitectura abierta. A diferencia de las consolas tradicionales, apuesta por configuraciones escalables, sistema basado en Linux y acceso directo al ecosistema de PC, con el objetivo de lograr un h\u00edbrido entre consola y computadora que combine potencia y versatilidad en un formato accesible.<\/p>\n<\/div>\n<div class=\"sc-45461e9c-0 eqiBeF container-text text-embed \">\n<p>Seg\u00fan Ars Technica y The Verge el costo de la memoria en configuraciones gaming lleg\u00f3 a representar entre el 45% del valor total en 2026. En paralelo, fabricantes de PC como Dell, HP y Lenovo redujeron env\u00edos y ajustaron sus cat\u00e1logos ante la dificultad de sostener precios sin afectar la demanda. Muchos modelos quedaron fuera de l\u00ednea o se lanzaron con configuraciones recortadas.<\/p>\n<\/div>\n<div class=\"sc-45461e9c-0 eqiBeF container-text text-embed \">\n<p>En ese contexto, mantener una Steam Machine atractiva sin disparar el precio final dej\u00f3 de ser posible. La propuesta, que depend\u00eda de ofrecer potencia a un valor competitivo, qued\u00f3 atrapada en una ecuaci\u00f3n donde cada mejora t\u00e9cnica implic\u00f3 un salto de precio dif\u00edcil de justificar frente a consolas tradicionales y PCs ya establecidos en el mercado.<\/p>\n<\/div>\n<p><strong><a href=\"https:\/\/blockads.fivefilters.org\/\">Adblock test<\/a><\/strong> <a href=\"https:\/\/blockads.fivefilters.org\/acceptable.html\">(Why?)<\/a><\/p>","protected":false},"excerpt":{"rendered":"<p>El mercado global de hardware atraviesa una desaceleraci\u00f3n que rompe con los esquemas habituales. La suba sostenida de DRAM (velocidad&hellip;<\/p>\n","protected":false},"author":1,"featured_media":47071,"comment_status":"closed","ping_status":"closed","sticky":false,"template":"","format":"standard","meta":{"footnotes":""},"categories":[33],"tags":[],"class_list":["post-47070","post","type-post","status-publish","format-standard","has-post-thumbnail","hentry","category-tecnologia"],"_links":{"self":[{"href":"https:\/\/boomdenoticias.com\/index.php?rest_route=\/wp\/v2\/posts\/47070","targetHints":{"allow":["GET"]}}],"collection":[{"href":"https:\/\/boomdenoticias.com\/index.php?rest_route=\/wp\/v2\/posts"}],"about":[{"href":"https:\/\/boomdenoticias.com\/index.php?rest_route=\/wp\/v2\/types\/post"}],"author":[{"embeddable":true,"href":"https:\/\/boomdenoticias.com\/index.php?rest_route=\/wp\/v2\/users\/1"}],"replies":[{"embeddable":true,"href":"https:\/\/boomdenoticias.com\/index.php?rest_route=%2Fwp%2Fv2%2Fcomments&post=47070"}],"version-history":[{"count":0,"href":"https:\/\/boomdenoticias.com\/index.php?rest_route=\/wp\/v2\/posts\/47070\/revisions"}],"wp:featuredmedia":[{"embeddable":true,"href":"https:\/\/boomdenoticias.com\/index.php?rest_route=\/wp\/v2\/media\/47071"}],"wp:attachment":[{"href":"https:\/\/boomdenoticias.com\/index.php?rest_route=%2Fwp%2Fv2%2Fmedia&parent=47070"}],"wp:term":[{"taxonomy":"category","embeddable":true,"href":"https:\/\/boomdenoticias.com\/index.php?rest_route=%2Fwp%2Fv2%2Fcategories&post=47070"},{"taxonomy":"post_tag","embeddable":true,"href":"https:\/\/boomdenoticias.com\/index.php?rest_route=%2Fwp%2Fv2%2Ftags&post=47070"}],"curies":[{"name":"wp","href":"https:\/\/api.w.org\/{rel}","templated":true}]}}