{"id":47068,"date":"2026-04-26T21:19:52","date_gmt":"2026-04-27T00:19:52","guid":{"rendered":"https:\/\/boomdenoticias.com\/?p=47068"},"modified":"2026-04-26T21:19:52","modified_gmt":"2026-04-27T00:19:52","slug":"sturzenegger-hablo-del-conflicto-en-el-smn-y-dijo-que-se-destinan-millones-de-dolares-al-pago-de-sueldos","status":"publish","type":"post","link":"https:\/\/boomdenoticias.com\/?p=47068","title":{"rendered":"Sturzenegger habl\u00f3 del conflicto en el SMN  y dijo que se destinan \u201cmillones de d\u00f3lares\u201d al pago de sueldos"},"content":{"rendered":"<p>El ministro de Desregulaci\u00f3n y Transformaci\u00f3n del Estado, <b>Federico Sturzenegger<\/b>, habl\u00f3 este domingo acerca de <a href=\"https:\/\/www.lanacion.com.ar\/sociedad\/el-gobierno-quito-por-decreto-la-exclusividad-del-smn-en-la-meteorologia-aeronautica-en-medio-del-nid24042026\/\" target=\"_blank\" rel=\"noreferrer\" title=\"https:\/\/www.lanacion.com.ar\/sociedad\/el-gobierno-quito-por-decreto-la-exclusividad-del-smn-en-la-meteorologia-aeronautica-en-medio-del-nid24042026\/\">la situaci\u00f3n del Servicio Meteorol\u00f3gico Nacional (SMN)<\/a>, organismo cient\u00edfico en un conflicto abierto con el Gobierno <a href=\"https:\/\/www.lanacion.com.ar\/sociedad\/despidos-en-el-servicio-meteorologico-nacional-entre-hoy-y-manana-se-desvincularan-140-personas-nid15042026\/\" target=\"_blank\" rel=\"noreferrer\" title=\"https:\/\/www.lanacion.com.ar\/sociedad\/despidos-en-el-servicio-meteorologico-nacional-entre-hoy-y-manana-se-desvincularan-140-personas-nid15042026\/\">tras el despido de 140 trabajadores<\/a>. <\/p>\n<p>\u201cTener un mejor SMN tiene muchas ventajas, no solo para el ej\u00e9rcito, sino para la poblaci\u00f3n civil. M\u00e1s all\u00e1 de que la reconversi\u00f3n tecnol\u00f3gica no se hace de un d\u00eda para el otro (y adem\u00e1s se necesita que convivan las series un tiempo por un tema de calibraci\u00f3n), <b>siempre est\u00e1 la pregunta sobre el eventual destino del personal que ya no tendr\u00eda lugar en un SMN moderno<\/b>\u201d, plante\u00f3 el funcionario mile\u00edsta en un extenso posteo en X. <\/p>\n<p><img loading=\"lazy\" decoding=\"async\" src=\"https:\/\/resizer.glanacion.com\/resizer\/v2\/LQUNRGDSBRBPHIFO4BTHPUIPJA.JPG?auth=a4ad03dea9cc3d9585f5ca30dae378b97919a4d0c965c2610057f3f8b8defbc0&amp;smart=true&amp;width=1998&amp;height=1333\" alt=\"Asamblea por despidos en el SMN\" height=\"1333\" width=\"1998\" \/><\/p>\n<p>Destac\u00f3 que \u201ces una preocupaci\u00f3n que siempre hay que tener\u201d. \u201c<b>Pero los millones de d\u00f3lares anuales que requieren hoy esos sueldos son dinero que pagan otras familias<\/b>, reduciendo su poder de compra y, por ende, su capacidad de gastar y sostener otros empleos en otros lugares&#8221;, asegur\u00f3 y reforz\u00f3: \u201cLa Argentina se qued\u00f3 porque se paraliz\u00f3 en las posibilidades de mejorar su productividad con mejoras como esta\u201d. <\/p>\n<p><b>En ese marco, describi\u00f3 el funcionamiento actual del organismo y cuestion\u00f3 su estructura. <\/b>Se\u00f1al\u00f3 que el SMN cuenta con unas 100 estaciones meteorol\u00f3gicas y cerca de 1000 empleados, <b>aunque solo unos 20 ser\u00edan meteor\u00f3logos<\/b>. Seg\u00fan explic\u00f3, gran parte de los datos todav\u00eda se recolectan de manera manual en estaciones con m\u00e1s de 50 a\u00f1os de antig\u00fcedad, donde el personal carga la informaci\u00f3n en planillas en papel y luego la transcribe a sistemas inform\u00e1ticos antiguos.<\/p>\n<blockquote class=\"twitter-tweet\">\n<p lang=\"es\" dir=\"ltr\">LA INCREIBLE HISTORIA DEL SERVICIO METEOROL\u00d3GICO NACIONAL (SMN). La semana pasada hubo varias notas en medios sobre el SMN. Es una historia incre\u00edble que vale la pena contar. Te vas a sorprender (o no). Veamos.<\/p>\n<p>El SMN cuenta con unas 100 estaciones meteorol\u00f3gicas distribuidas a\u2026 <a href=\"https:\/\/t.co\/7QwbA12IOH\">pic.twitter.com\/7QwbA12IOH<\/a><\/p>\n<p>\u2014 Fede Sturzenegger (@fedesturze) <a href=\"https:\/\/twitter.com\/fedesturze\/status\/2048456044498825614?ref_src=twsrc%5Etfw\">April 26, 2026<\/a><\/p><\/blockquote>\n<p>\u201c<b>El absurdo es que los sueldos de esas personas permiten pagar una estaci\u00f3n moderna (la mejor disponible a nivel mundial) <\/b>que transmite esos datos y much\u00edsimos m\u00e1s a los meteor\u00f3logos en tiempo real, y sin necesidad de personal alguno\u201d, sostuvo. En esa l\u00ednea, plante\u00f3 que una modernizaci\u00f3n permitir\u00eda mejorar el servicio y reducir significativamente los costos, con una estructura que podr\u00eda funcionar con unos 150 empleados.<\/p>\n<p>Sturzenegger consider\u00f3 que se trata de \u201cuna de las pocas oportunidades donde se puede mejorar y ahorrar al mismo tiempo\u201d y defendi\u00f3 la necesidad de avanzar en esa transformaci\u00f3n. \u201cEs una preocupaci\u00f3n que siempre hay que tener. Pero los millones de d\u00f3lares anuales que requieren hoy esos sueldos son dinero que pagan otras familias, reduciendo su poder de compra y su capacidad de sostener otros empleos\u201d, afirm\u00f3.<\/p>\n<p>Adem\u00e1s, cuestion\u00f3 la falta de reformas en gestiones anteriores. \u201c\u00bfQu\u00e9 hicieron todos los ministros de Defensa anteriores?\u201d, se pregunt\u00f3, y destac\u00f3 el rol del extitular de la cartera, <b>Luis Petri<\/b>, y de su reemplazo, <b>Carlos Presti<\/b>, adem\u00e1s de autoridades del \u00e1rea por \u201cponer un poco de racionalidad en esto\u201d.<\/p>\n<p>El funcionario advirti\u00f3 tambi\u00e9n sobre el impacto que, a su entender, tuvo esa falta de modernizaci\u00f3n en la capacidad de anticipar fen\u00f3menos clim\u00e1ticos.<b> \u201cNo es solo un tema presupuestario: nos dej\u00f3 m\u00e1s desguarnecidos en t\u00e9rminos de anticipos meteorol\u00f3gicos\u201d,<\/b> sostuvo, al mencionar episodios como los de La Plata y Bah\u00eda Blanca.<\/p>\n<p>Por \u00faltimo, enmarc\u00f3 la iniciativa dentro del programa de reformas del Gobierno. \u201cArgentina se qued\u00f3 porque se paraliz\u00f3 en las posibilidades de mejorar su productividad con mejoras como esta\u201d, concluy\u00f3.<\/p>\n<p><img loading=\"lazy\" decoding=\"async\" src=\"https:\/\/resizer.glanacion.com\/resizer\/v2\/YYLOGH2XLBFYFIGO76ESRKLCII.JPG?auth=f635197a42cf78c7459e0ed071bb1c913c90a646d5d0a98bca45004cf23dce9c&amp;smart=true&amp;width=1998&amp;height=1333\" alt=\"Sturzenegger habl\u00f3 del conflicto en el SMN  y dijo que se destinan \u201cmillones de d\u00f3lares\u201d al pago de sueldos.\" height=\"1333\" width=\"1998\" \/><\/p>\n<h1>Conflicto gremial y un paro previsto para esta semana<\/h1>\n<p>Cuando el Gobierno inform\u00f3 de una <b>primera tanda de despidos en el SMN <\/b>en el marco de ajustes dentro del organismo, <b>que afecta a 140 empleados<\/b>, <b>el gremio ATE llam\u00f3 a la movilizaci\u00f3n en contra de la decisi\u00f3n<\/b>. Como una de las medidas de fuerza, los trabajadores hab\u00edan anunciado un <b>paro de actividades <\/b>para este viernes, pero luego de una asamblea <b>se decidi\u00f3 reprogramarlos para este jueves 30 de abril, en la previa del fin de semana largo por el 1 de mayo (D\u00eda del Trabajador)<\/b>.<\/p>\n<p>La nueva medida se defini\u00f3 luego de que el Poder Ejecutivo declarara ilegal el paro al encuadrar al servicio meteorol\u00f3gico vinculado a la navegaci\u00f3n a\u00e9rea como un servicio p\u00fablico esencial. <\/p>\n<p>Durante la asamblea,<b> hubo expresiones de los empleados del SMN atravesadas por expresiones de enojo, angustia e incertidumbre ante la situaci\u00f3n laboral y el escenario institucional del organismo<\/b>. Referentes sindicales explicaron que la decisi\u00f3n de suspender la medida respondi\u00f3 a la advertencia sobre posibles sanciones legales. Indicaron que avanzar con el paro pod\u00eda exponer a los trabajadores a consecuencias disciplinarias. \u201cHab\u00eda una amenaza concreta de represalias. No era una situaci\u00f3n menor\u201d, se se\u00f1al\u00f3 en la asamblea.<\/p>\n<p>El ministro plante\u00f3 que se debe modernizar el organismo cient\u00edfico; \u201cSiempre est\u00e1 la pregunta sobre el eventual destino del personal\u201d, lanz\u00f3Pol\u00edticaLA NACION<\/p>","protected":false},"excerpt":{"rendered":"<p>El ministro de Desregulaci\u00f3n y Transformaci\u00f3n del Estado, Federico Sturzenegger, habl\u00f3 este domingo acerca de la situaci\u00f3n del Servicio Meteorol\u00f3gico&hellip;<\/p>\n","protected":false},"author":1,"featured_media":47069,"comment_status":"closed","ping_status":"closed","sticky":false,"template":"","format":"standard","meta":{"footnotes":""},"categories":[31],"tags":[],"class_list":["post-47068","post","type-post","status-publish","format-standard","has-post-thumbnail","hentry","category-pais"],"_links":{"self":[{"href":"https:\/\/boomdenoticias.com\/index.php?rest_route=\/wp\/v2\/posts\/47068","targetHints":{"allow":["GET"]}}],"collection":[{"href":"https:\/\/boomdenoticias.com\/index.php?rest_route=\/wp\/v2\/posts"}],"about":[{"href":"https:\/\/boomdenoticias.com\/index.php?rest_route=\/wp\/v2\/types\/post"}],"author":[{"embeddable":true,"href":"https:\/\/boomdenoticias.com\/index.php?rest_route=\/wp\/v2\/users\/1"}],"replies":[{"embeddable":true,"href":"https:\/\/boomdenoticias.com\/index.php?rest_route=%2Fwp%2Fv2%2Fcomments&post=47068"}],"version-history":[{"count":0,"href":"https:\/\/boomdenoticias.com\/index.php?rest_route=\/wp\/v2\/posts\/47068\/revisions"}],"wp:featuredmedia":[{"embeddable":true,"href":"https:\/\/boomdenoticias.com\/index.php?rest_route=\/wp\/v2\/media\/47069"}],"wp:attachment":[{"href":"https:\/\/boomdenoticias.com\/index.php?rest_route=%2Fwp%2Fv2%2Fmedia&parent=47068"}],"wp:term":[{"taxonomy":"category","embeddable":true,"href":"https:\/\/boomdenoticias.com\/index.php?rest_route=%2Fwp%2Fv2%2Fcategories&post=47068"},{"taxonomy":"post_tag","embeddable":true,"href":"https:\/\/boomdenoticias.com\/index.php?rest_route=%2Fwp%2Fv2%2Ftags&post=47068"}],"curies":[{"name":"wp","href":"https:\/\/api.w.org\/{rel}","templated":true}]}}