{"id":47064,"date":"2026-04-26T21:22:07","date_gmt":"2026-04-27T00:22:07","guid":{"rendered":"https:\/\/boomdenoticias.com\/?p=47064"},"modified":"2026-04-26T21:22:07","modified_gmt":"2026-04-27T00:22:07","slug":"martin-fierro-de-la-moda-2026-los-mejores-looks-de-la-noche","status":"publish","type":"post","link":"https:\/\/boomdenoticias.com\/?p=47064","title":{"rendered":"Mart\u00edn Fierro de la Moda 2026: los mejores looks de la noche"},"content":{"rendered":"<p><img loading=\"lazy\" decoding=\"async\" src=\"https:\/\/resizer.glanacion.com\/resizer\/v2\/L5KU7GBXFRHQBBV4XR4RNJ2FJA.JPG?auth=ff6a96e2457461fa146dcf9cf3c2894b2b7d7df963722b772326884ad0dc120f&amp;smart=true&amp;width=888&amp;height=1333\" alt=\"Carolina Pampita Ardohain, nominada en la categor\u00eda mejor estilo femenino en big show por su labor en Los 8 escalones, sorprendi\u00f3 con un vestido negro y banco a lunares con una cola espectacular\" height=\"1333\" width=\"888\" \/><img loading=\"lazy\" decoding=\"async\" src=\"https:\/\/resizer.glanacion.com\/resizer\/v2\/PDGLDJUUO5ATRHGNMCBIYZ2A3Y.JPG?auth=8755e727a4961efd8845d7a74a2cdaf3bd716cc5ed5bc0962dad9dc16bee9f83&amp;smart=true&amp;width=888&amp;height=1333\" alt=\"Zaira Nara volvi\u00f3 a apostar por un look osado con transparencias de El camar\u00edn. La modelo est\u00e1 nominada en la categor\u00eda mejor influencer de moda\" height=\"1333\" width=\"888\" \/><img loading=\"lazy\" decoding=\"async\" src=\"https:\/\/resizer.glanacion.com\/resizer\/v2\/G325TD3NX5DHHGJGWMDOZWFBKU.JPG?auth=f73ec9b5655b5e75ab0c423024eab8f5ba072869eff45c2103e729499354395d&amp;smart=true&amp;width=888&amp;height=1333\" alt=\"Julieta Poggio volvi\u00f3 a apostar po la osad\u00eda con un vestido al cuerpo blanco de encaje y transparencias \" height=\"1333\" width=\"888\" \/><img loading=\"lazy\" decoding=\"async\" src=\"https:\/\/resizer.glanacion.com\/resizer\/v2\/LHASKSN4PVDDDGNTW67H3DGQIA.JPG?auth=677ac365642db668b6c061061efff28f6a987a77422225333e9c7d7b918ddb08&amp;smart=true&amp;width=888&amp;height=1333\" alt=\"Muy elegante, Susana Roccasalvo luci\u00f3 un conjunto de falda en color chocolate que combin\u00f3 con una camisa blanca y un cinto dorado\" height=\"1333\" width=\"888\" \/><img loading=\"lazy\" decoding=\"async\" src=\"https:\/\/resizer.glanacion.com\/resizer\/v2\/XJXA7CP6UNDM7IWOKIMK4ZYOME.JPEG?auth=755f596a27dad3dec534c501817291241f5d9c52a3e2f57f06185bac1661c5a4&amp;smart=true&amp;width=1332&amp;height=2000\" alt=\"Los brillos fueron una de las tendencias m\u00e1s elegidas por las celebridades para la gala. Zuzu Coudeu eligi\u00f3 un conjunto de dos piezas\" height=\"2000\" width=\"1332\" \/><img loading=\"lazy\" decoding=\"async\" src=\"https:\/\/resizer.glanacion.com\/resizer\/v2\/N7NYHVXDBNA5LLPGIJSNYOUKEY.JPEG?auth=32ae8d17ef269226170c12f8bc3c4d9834349578a6c53bba808118c519e73e96&amp;smart=true&amp;width=1332&amp;height=2000\" alt=\"Con looks total black, las panelistas de A la Barbarossa Pia Shaw y Anal\u00eda Franch\u00edn posaron juntas en la alfombra roja\" height=\"2000\" width=\"1332\" \/><img loading=\"lazy\" decoding=\"async\" src=\"https:\/\/resizer.glanacion.com\/resizer\/v2\/3SVSXRUFXBBAFM6FSR66H4ZIOU.JPEG?auth=599a1e6f6ac6d091dc0eeaeb58978c20f02bfde52166504ed3ca40310990750f&amp;smart=true&amp;width=1330&amp;height=2000\" alt=\"Stephanie Demner, otra de las nominadas, tambi\u00e9n eligi\u00f3 el blanco. La modelo e influencer visti\u00f3 un dise\u00f1o de Atelier Pucheta - Paz en el que se destac\u00f3 el drapeado, las mangas largas y una imponente falda sirena con plumas a tono\" height=\"2000\" width=\"1330\" \/><img loading=\"lazy\" decoding=\"async\" src=\"https:\/\/resizer.glanacion.com\/resizer\/v2\/GGQIC6EGTFHVPGRN4B3ZSNCRAU.JPEG?auth=11f48ec728170eaf42b6f75f00dc3f0b184f3f6119822436bf23243b674c06de&amp;smart=true&amp;width=1330&amp;height=2000\" alt=\"Nominada en la categor\u00eda de mejor estilo en Redes Marta Fort desembarc\u00f3 en la alfombra roja enfundada en un vestido blanco de Claudia Arce\" height=\"2000\" width=\"1330\" \/><img loading=\"lazy\" decoding=\"async\" src=\"https:\/\/resizer.glanacion.com\/resizer\/v2\/2YKISBRPQVCJRH7HKHZ553SAWQ.JPEG?auth=79d5349b85804ec2b6d880372123380789efbb664372868cd4c702fcd5615da2&amp;smart=true&amp;width=1332&amp;height=2000\" alt=\"Otra de las tendencias muy presentes en la gran noche de la moda: el blanco y negro\" height=\"2000\" width=\"1332\" \/><img loading=\"lazy\" decoding=\"async\" src=\"https:\/\/resizer.glanacion.com\/resizer\/v2\/6SR34GAFQZAHVFETDPZLMQ3BIY.JPEG?auth=c78d22964b8a76d0a1513b627bd88efcd134a5ddd8abcf7a9eee82612110f9cf&amp;smart=true&amp;width=1332&amp;height=2000\" alt=\"Mart\u00edn Fierro de la Moda 2026\" height=\"2000\" width=\"1332\" \/><img loading=\"lazy\" decoding=\"async\" src=\"https:\/\/resizer.glanacion.com\/resizer\/v2\/FQ75VGLLK5A7NJVZGE55XEO5QE.JPEG?auth=8bac1608aee8e5b5b7f9347452633a23bfd6b81e39d6f530051d78ecb538684d&amp;smart=true&amp;width=1332&amp;height=2000\" alt=\"Anam\u00e1 Ferreira se distingui\u00f3 con un vestido de tafeta en celeste que coron\u00f3 con una capa a tono \" height=\"2000\" width=\"1332\" \/>Los famosos engalanaron con sus outfits la alfombra roja de la gala dedicada a lo mejor de la moda en la televisi\u00f3n y el streamingPersonajesLA NACION<\/p>","protected":false},"excerpt":{"rendered":"<p>Los famosos engalanaron con sus outfits la alfombra roja de la gala dedicada a lo mejor de la moda en&hellip;<\/p>\n","protected":false},"author":1,"featured_media":47065,"comment_status":"closed","ping_status":"closed","sticky":false,"template":"","format":"standard","meta":{"footnotes":""},"categories":[31],"tags":[],"class_list":["post-47064","post","type-post","status-publish","format-standard","has-post-thumbnail","hentry","category-pais"],"_links":{"self":[{"href":"https:\/\/boomdenoticias.com\/index.php?rest_route=\/wp\/v2\/posts\/47064","targetHints":{"allow":["GET"]}}],"collection":[{"href":"https:\/\/boomdenoticias.com\/index.php?rest_route=\/wp\/v2\/posts"}],"about":[{"href":"https:\/\/boomdenoticias.com\/index.php?rest_route=\/wp\/v2\/types\/post"}],"author":[{"embeddable":true,"href":"https:\/\/boomdenoticias.com\/index.php?rest_route=\/wp\/v2\/users\/1"}],"replies":[{"embeddable":true,"href":"https:\/\/boomdenoticias.com\/index.php?rest_route=%2Fwp%2Fv2%2Fcomments&post=47064"}],"version-history":[{"count":0,"href":"https:\/\/boomdenoticias.com\/index.php?rest_route=\/wp\/v2\/posts\/47064\/revisions"}],"wp:featuredmedia":[{"embeddable":true,"href":"https:\/\/boomdenoticias.com\/index.php?rest_route=\/wp\/v2\/media\/47065"}],"wp:attachment":[{"href":"https:\/\/boomdenoticias.com\/index.php?rest_route=%2Fwp%2Fv2%2Fmedia&parent=47064"}],"wp:term":[{"taxonomy":"category","embeddable":true,"href":"https:\/\/boomdenoticias.com\/index.php?rest_route=%2Fwp%2Fv2%2Fcategories&post=47064"},{"taxonomy":"post_tag","embeddable":true,"href":"https:\/\/boomdenoticias.com\/index.php?rest_route=%2Fwp%2Fv2%2Ftags&post=47064"}],"curies":[{"name":"wp","href":"https:\/\/api.w.org\/{rel}","templated":true}]}}