{"id":47058,"date":"2026-04-26T20:31:52","date_gmt":"2026-04-26T23:31:52","guid":{"rendered":"https:\/\/boomdenoticias.com\/?p=47058"},"modified":"2026-04-26T20:31:52","modified_gmt":"2026-04-26T23:31:52","slug":"martin-fierro-de-la-moda-2026-a-que-hora-empieza-y-donde-ver-en-vivo-la-ceremonia","status":"publish","type":"post","link":"https:\/\/boomdenoticias.com\/?p=47058","title":{"rendered":"Mart\u00edn Fierro de la Moda 2026: a qu\u00e9 hora empieza y d\u00f3nde ver en vivo la ceremonia"},"content":{"rendered":"<div><img decoding=\"async\" src=\"https:\/\/www.clarin.com\/img\/2026\/04\/24\/evHZlye7h_2000x1500__1.jpg\" class=\"ff-og-image-inserted\" \/><\/div>\n<div>\n<p>Este domingo 26 de abril se celebra una de las primeras entregas de premios del a\u00f1o: los<strong> Mart\u00edn Fierro de la Moda<\/strong>, que reconocen lo mejor de la industria.<\/p>\n<\/div>\n<div>\n<p>La gala, organizada por <strong>APTRA<\/strong>, reunir\u00e1 a <strong>dise\u00f1adores, modelos, actores, influencers y figuras del espect\u00e1culo<\/strong> en una noche dedicada al dise\u00f1o, el glamour, el estilo y las tendencias. En total, habr\u00e1 19 ternas y m\u00e1s de <a href=\"https:\/\/www.clarin.com\/espectaculos\/martin-fierro-moda-2026-nominados-sorpresas-lista_0_dh0bftijhc.html\" target=\"_blank\" title=\"70 nominados que competir\u00e1n por las estatuillas.\">70 nominados que competir\u00e1n por las estatuillas.<\/a><\/p>\n<\/div>\n<div>\n<p>La tradicional <strong>alfombra roja estar\u00e1 a cargo de Zaira Nara y \u201cChino\u201d Leunis<\/strong>, quienes mostrar\u00e1n la llegada de los invitados, repasar\u00e1n los looks y conversar\u00e1n con los nominados. En tanto, <strong>Valeria Mazza e Iv\u00e1n de Pineda ser\u00e1n los anfitriones de la gala<\/strong> que reconocer\u00e1 lo mejor de la moda argentina.<\/p>\n<\/div>\n<div>\n<p>Iv\u00e1n De Pineda adelant\u00f3 en<em> Corta por Lozano<\/em> que<strong> \u201chabr\u00e1 muchas sorpresas\u201d. <\/strong>La diva de la televisi\u00f3n, <strong><a href=\"https:\/\/www.clarin.com\/fama\/emotiva-despedida-susana-gimenez-luis-brandoni-perdido-irrepetible_0_VxV4fwr4j3.html\" target=\"_blank\" title=\"Susana Gim\u00e9nez\">Susana Gim\u00e9nez<\/a><\/strong>, recibir\u00e1 un reconocimiento especial por su trayectoria y su estilo inconfundible. Adem\u00e1s, estar\u00e1 presente <strong><a href=\"https:\/\/www.clarin.com\/viva\/invasion-argentina-milan-moschino-celebro-pais-celebridades-brillaron-semana-moda_0_EIKG3wG4cH.html\" target=\"_blank\" title=\"Adri\u00e1n Appiolaza\">Adri\u00e1n Appiolaza<\/a><\/strong>, director creativo de Moschino, quien participar\u00e1 de la gala y ser\u00e1 distinguido por su trabajo en lo m\u00e1s alto del circuito internacional.<\/p>\n<\/div>\n<div>\n<p>El argentino dise\u00f1\u00f3 la \u00faltima colecci\u00f3n de la marca italiana, en la que incorpor\u00f3 gui\u00f1os y referencias a la cultura local. \u201cVa a ser una ceremonia muy din\u00e1mica y divertida. Tambi\u00e9n se mostrar\u00e1n nuevos talentos y aquellos que hoy marcan tendencia en el pa\u00eds\u201d, cont\u00f3 el conductor.<\/p>\n<\/div>\n<h2>Mart\u00edn Fierro de la Moda 2026: a qu\u00e9 hora y d\u00f3nde ver en vivo la alfombra roja y entrega de premios <\/h2>\n<div>\n<p>La gala <strong>se podr\u00e1 ver por la pantalla de Telefe y tambi\u00e9n a trav\u00e9s de su canal de streaming.<\/strong> La <strong>alfombra roja <\/strong>comenzar\u00e1 este domingo 26 de abril a partir de las 21, con la conducci\u00f3n de <strong>Zaira Nara<\/strong>, nominada en la terna de influencer de moda, y <strong>\u201cChino\u201d Leunis<\/strong>, por Telefe.<\/p>\n<\/div>\n<div>\n<p>Adem\u00e1s, desde las 20.30,<strong> Fefe Bongiorno y Fede Popgold<\/strong> analizar\u00e1n los looks y la entrega de galardones a trav\u00e9s del streaming, disponible en YouTube y Twitch. <strong>Lucila \u201cLa Tora\u201d Villar <\/strong>mostrar\u00e1 cada detalle desde la alfombra roja, mientras que <strong>Cami Mayan<\/strong> se sumar\u00e1 como invitada especial. <\/p>\n<\/div>\n<div>\n<p>En tanto, la <strong>ceremonia principal comenzar\u00e1 a las 22<\/strong>, con la conducci\u00f3n de Valeria Mazza e Iv\u00e1n de Pineda. <\/p>\n<\/div>\n<div>\n<p>Una de las <strong>ternas <\/strong>que genera m\u00e1s expectativa es <strong>Mejor Estilo en Conducci\u00f3n Femenina en Programa Semanal<\/strong> en la que est\u00e1n nominadas Mirtha Legrand (La Noche de Mirtha), Juana Viale (Almorzando con Juana), Tet\u00e9 Coustarot (Argentina de Pel\u00edcula) y Sof\u00eda &#8216;China&#8217; Ansa (Lado V). <\/p>\n<\/div>\n<div>\n<p>En<strong> Mejor Estilo en Conducci\u00f3n Masculina en Programa Semanal<\/strong> compiten Mario Pergolini (Otro d\u00eda perdido), Iv\u00e1n de Pineda (Pasapalabra), H\u00e9ctor Maugeri (+Caras), \u00c1ngel de Brito (LAM) y Mariano I\u00fadica (Pol\u00e9mica en el bar).<\/p>\n<\/div>\n<div>\n<p>En <strong>Actriz con Mejor Estilo en Ficci\u00f3n<\/strong> figuran Griselda Siciliani (Envidiosa), M\u00f3nica Anton\u00f3pulos (Menem), Julieta Zylberberg (Yiya) y B\u00e1rbara Lombardo (Envidiosa). En <strong>Actor con Mejor Estilo en Ficci\u00f3n<\/strong> compiten Benjam\u00edn Vicu\u00f1a (Coraz\u00f3n delator), Franco Masini (El retorno) y Leonardo Sbaraglia (Menem).<\/p>\n<\/div>\n<div>\n<p>Adem\u00e1s, se premiar\u00e1n categor\u00edas como <strong>Mejor Influencer de Moda y Mejor Estilo en Redes<\/strong>. El <strong><em>streaming <\/em><\/strong>tambi\u00e9n tendr\u00e1 protagonismo con nominados como Momi Giardina, Nati Jota, Evelyn Botto, Flor Jazm\u00edn Pe\u00f1a, Santi Talledo, Grego Rossello, Fer Dente y Nacho Elizalde. Tambi\u00e9n se reconocer\u00e1 a dise\u00f1adores de moda femenina y masculina, estilistas, maquilladores y peluqueros.<\/p>\n<\/div>\n<p><strong><a href=\"https:\/\/blockads.fivefilters.org\/\">Adblock test<\/a><\/strong> <a href=\"https:\/\/blockads.fivefilters.org\/acceptable.html\">(Why?)<\/a><\/p>","protected":false},"excerpt":{"rendered":"<p>Este domingo 26 de abril se celebra una de las primeras entregas de premios del a\u00f1o: los Mart\u00edn Fierro de&hellip;<\/p>\n","protected":false},"author":1,"featured_media":47059,"comment_status":"closed","ping_status":"closed","sticky":false,"template":"","format":"standard","meta":{"footnotes":""},"categories":[32],"tags":[],"class_list":["post-47058","post","type-post","status-publish","format-standard","has-post-thumbnail","hentry","category-espectaculos"],"_links":{"self":[{"href":"https:\/\/boomdenoticias.com\/index.php?rest_route=\/wp\/v2\/posts\/47058","targetHints":{"allow":["GET"]}}],"collection":[{"href":"https:\/\/boomdenoticias.com\/index.php?rest_route=\/wp\/v2\/posts"}],"about":[{"href":"https:\/\/boomdenoticias.com\/index.php?rest_route=\/wp\/v2\/types\/post"}],"author":[{"embeddable":true,"href":"https:\/\/boomdenoticias.com\/index.php?rest_route=\/wp\/v2\/users\/1"}],"replies":[{"embeddable":true,"href":"https:\/\/boomdenoticias.com\/index.php?rest_route=%2Fwp%2Fv2%2Fcomments&post=47058"}],"version-history":[{"count":0,"href":"https:\/\/boomdenoticias.com\/index.php?rest_route=\/wp\/v2\/posts\/47058\/revisions"}],"wp:featuredmedia":[{"embeddable":true,"href":"https:\/\/boomdenoticias.com\/index.php?rest_route=\/wp\/v2\/media\/47059"}],"wp:attachment":[{"href":"https:\/\/boomdenoticias.com\/index.php?rest_route=%2Fwp%2Fv2%2Fmedia&parent=47058"}],"wp:term":[{"taxonomy":"category","embeddable":true,"href":"https:\/\/boomdenoticias.com\/index.php?rest_route=%2Fwp%2Fv2%2Fcategories&post=47058"},{"taxonomy":"post_tag","embeddable":true,"href":"https:\/\/boomdenoticias.com\/index.php?rest_route=%2Fwp%2Fv2%2Ftags&post=47058"}],"curies":[{"name":"wp","href":"https:\/\/api.w.org\/{rel}","templated":true}]}}