{"id":47054,"date":"2026-04-26T09:00:00","date_gmt":"2026-04-26T12:00:00","guid":{"rendered":"https:\/\/boomdenoticias.com\/?p=47054"},"modified":"2026-04-26T09:00:00","modified_gmt":"2026-04-26T12:00:00","slug":"cancelan-el-desfile-del-5-de-mayo-por-segundo-ano-consecutivo-por-temor-al-ice-no-hay-nada-que-celebrar","status":"publish","type":"post","link":"https:\/\/boomdenoticias.com\/?p=47054","title":{"rendered":"Cancelan el desfile del 5 de mayo por segundo a\u00f1o consecutivo por temor al ICE: \u201cNo hay nada que celebrar\u201d"},"content":{"rendered":"<p><b>El tradicional desfile del 5 de mayo <\/b><a href=\"https:\/\/www.lanacion.com.ar\/estados-unidos\/adios-ola-de-frio-cuando-vuelven-las-temperaturas-calidas-esta-semana-en-illinois-y-eeuu-nid20042026\/\" target=\"_blank\" rel=\"noreferrer\" title=\"https:\/\/www.lanacion.com.ar\/estados-unidos\/adios-ola-de-frio-cuando-vuelven-las-temperaturas-calidas-esta-semana-en-illinois-y-eeuu-nid20042026\/\"><b>en Chicago<\/b><\/a><b> fue cancelado por segundo a\u00f1o consecutivo<\/b>. Los organizadores confirmaron que la decisi\u00f3n responde al miedo que persiste en la <b>comunidad migrante<\/b> ante posibles redadas y operativos. <\/p>\n<h1>Cancelan desfile del Cinco de Mayo en Chicago <\/h1>\n<ul>\n<li>La C\u00e1mara de Comercio de Cermak Road y la organizaci\u00f3n Casa Puebla informaron <b>que la cancelaci\u00f3n del evento de 2026 se debe al clima de incertidumbre que enfrentan las familias mexicanas<\/b>. <\/li>\n<li>Se\u00f1alaron que muchas personas temen asistir a reuniones p\u00fablicas por el riesgo de operativos migratorios y detenciones, seg\u00fan <a href=\"https:\/\/www.nbcchicago.com\/news\/local\/chicago-cinco-de-mayo-event-cancelled-for-2nd-year-over-fear-of-immigration-raids\/3925024\/\" target=\"_blank\" rel=\"noreferrer\" title=\"https:\/\/www.nbcchicago.com\/news\/local\/chicago-cinco-de-mayo-event-cancelled-for-2nd-year-over-fear-of-immigration-raids\/3925024\/\"><i>NBC Chicago<\/i><\/a>.<\/li>\n<\/ul>\n<p><img loading=\"lazy\" decoding=\"async\" src=\"https:\/\/resizer.glanacion.com\/resizer\/v2\/RMQ23UXHSVDFBNSV74EEYHJICE.jpg?auth=ee757f57d1ff2b162ec658486f8001ae3a46c9cfe84184c839380fd16c6af9b4&amp;smart=true&amp;width=2000&amp;height=1333\" alt=\"El desfile en Chicago suele ser de personas vestidas como mexicanas o de figuras representativas del pa\u00eds\" height=\"1333\" width=\"2000\" \/><\/p>\n<p>En un posicionamiento oficial, los organizadores explicaron que el aumento en las acciones de control migratorio y la amenaza constante de redadas <b>han provocado que la <\/b><a href=\"https:\/\/www.lanacion.com.ar\/estados-unidos\/illinois\/buenas-noticias-para-chicago-el-ultimo-informe-sobre-empleo-revela-un-crecimiento-sostenido-nid17042026\/\" target=\"_blank\" rel=\"noreferrer\" title=\"https:\/\/www.lanacion.com.ar\/estados-unidos\/illinois\/buenas-noticias-para-chicago-el-ultimo-informe-sobre-empleo-revela-un-crecimiento-sostenido-nid17042026\/\"><b>comunidad de Chicago<\/b><\/a><b> se retraiga<\/b>. H\u00e9ctor Escobar, presidente de Casa Puebla Inc., declar\u00f3 que \u201cno hay nada que celebrar\u201d.<\/p>\n<h1>Cancelaci\u00f3n del desfile del 5 de Mayo en Chicago<\/h1>\n<p>La suspensi\u00f3n tambi\u00e9n tiene consecuencias econ\u00f3micas. Escobar declar\u00f3 a <a href=\"https:\/\/www.univision.com\/local\/chicago-wgbo\/perdidas-millonarias-para-la-villita-en-chicago-cancelan-el-desfile-del-5-de-mayo-por-miedo-a-una-redada\" target=\"_blank\" rel=\"noreferrer\" title=\"https:\/\/www.univision.com\/local\/chicago-wgbo\/perdidas-millonarias-para-la-villita-en-chicago-cancelan-el-desfile-del-5-de-mayo-por-miedo-a-una-redada\">Univision<\/a> el a\u00f1o pasado que el desfile,<b> que se realiza en el barrio de Little Village<\/b>, suele generar entre seis y ocho millones de d\u00f3lares en la econom\u00eda. Esto representar\u00e1 p\u00e9rdidas significativas para los negocios y comerciantes locales.<\/p>\n<p><img loading=\"lazy\" decoding=\"async\" src=\"https:\/\/resizer.glanacion.com\/resizer\/v2\/KNPX6BEKBVDLNPCOZCR4SRMRUU.jpg?auth=78828c9281126104105f3b58ff45044f2479abb72e54eba5f062f49054ffc426&amp;smart=true&amp;width=3500&amp;height=2333\" alt=\"La polic\u00eda suele salvaguardar la integridad de los asistentes a los desfiles en Chicago\" height=\"2333\" width=\"3500\" \/><\/p>\n<h1>No es la primera vez que se cancela el desfile en Chicago<\/h1>\n<p>En a\u00f1os anteriores, incluso sin la existencia de las redadas migratorias,<b> el desfile ya hab\u00eda sido cancelado por m\u00faltiples motivos<\/b>. <\/p>\n<p>En 2024, por ejemplo, un episodio de violencia oblig\u00f3 a desviar el recorrido, lo que deriv\u00f3 en alrededor de 27 arrestos y el aseguramiento de armas, seg\u00fan <a href=\"https:\/\/www.nbcchicago.com\/news\/local\/at-least-27-arrested-as-gang-violence-impacts-chicagos-cinco-de-mayo-parade\/3429780\/\" target=\"_blank\" rel=\"noreferrer\" title=\"https:\/\/www.nbcchicago.com\/news\/local\/at-least-27-arrested-as-gang-violence-impacts-chicagos-cinco-de-mayo-parade\/3429780\/\"><i>NBC<\/i><\/a>.<\/p>\n<p>Adem\u00e1s, <b>en 2018 y 2019 se cancel\u00f3 porque no hubo ayuda del concejal George C\u00e1rdenas<\/b>, seg\u00fan los propios organizadores al <a href=\"https:\/\/chicago.suntimes.com\/2018\/5\/1\/18388011\/organizer-blames-alderman-for-cancellation-of-cinco-de-mayo-parade\" rel=\"\"><i>Chicago Sun-Times<\/i>.<\/a> <\/p>\n<p>Escobar detall\u00f3 que C\u00e1rdenas hab\u00eda organizado otras festividades para sabotear el desfile y confundir a la poblaci\u00f3n. \u201cEstamos cansados \u200b\u200bde la falta de apoyo\u201d, dijo.<\/p>\n<h1>Qu\u00e9 se celebra el 5 de Mayo en EE.UU. y M\u00e9xico<\/h1>\n<p><b>El 5 de mayo es una festividad mexicana<\/b> que han adoptado los que residen en territorio estadounidense. <\/p>\n<p>Si bien <a href=\"https:\/\/www.lanacion.com.ar\/estados-unidos\/15-de-septiembre-o-5-de-mayo-la-razon-por-la-que-suelen-confundir-las-fiestas-mexicanas-de-nid14092025\/\" target=\"_blank\" rel=\"noreferrer\" title=\"https:\/\/www.lanacion.com.ar\/estados-unidos\/15-de-septiembre-o-5-de-mayo-la-razon-por-la-que-suelen-confundir-las-fiestas-mexicanas-de-nid14092025\/\">en M\u00e9xico no es considerado de igual importancia<\/a> que el D\u00eda de la Independencia, la fecha se ha popularizado<b> como una celebraci\u00f3n de la cultura mexicana y mexicoamericana.<\/b><\/p>\n<p><img loading=\"lazy\" decoding=\"async\" src=\"https:\/\/resizer.glanacion.com\/resizer\/v2\/W2VBIYFEURHU7I6PUZLEPM6W44.jpg?auth=373bc583559cfa2142b791f7d8377084e9c3f77aec42f72e3ad63dd7706e30e4&amp;smart=true&amp;width=6000&amp;height=4000\" alt=\"Muchos mexicanos en EE.UU. suelen celebrar el 5 de Mayo como si fuese la Independencia\" height=\"4000\" width=\"6000\" \/><\/p>\n<p>Seg\u00fan la <a href=\"https:\/\/www.gob.mx\/agricultura%7Cdgsiap\/articulos\/conmemoracion-de-la-batalla-del-5-de-mayo-en-puebla\" target=\"_blank\" rel=\"noreferrer\" title=\"https:\/\/www.gob.mx\/agricultura%7Cdgsiap\/articulos\/conmemoracion-de-la-batalla-del-5-de-mayo-en-puebla\">p\u00e1gina oficial<\/a> del Gobierno de M\u00e9xico, <b>el 5 de mayo se conmemora la Batalla de Puebla.<\/b> Fue un conflicto armado entre los ej\u00e9rcitos de M\u00e9xico, al mando de Ignacio Zaragoza, y del Segundo Imperio Franc\u00e9s, liderado por Charles Ferdinand Latrille.<\/p>\n<p>Incluso el gobierno mexicano explica en su portal la confusi\u00f3n que suele darse en EE.UU.: \u201c<b>En EUA es el D\u00eda de la Herencia Latina, en el que se celebra la inmigraci\u00f3n procedente de M\u00e9xico<\/b>. Ello ha dado pie a que se piense err\u00f3neamente que es el D\u00eda de Independencia de M\u00e9xico (el 16 de septiembre)\u201d. <\/p>\n<p>Cancelan el desfile del Cinco de Mayo en Chicago por segundo a\u00f1o consecutivo por temor a redadas migratorias y p\u00e9rdidas econ\u00f3micas en la comunidad.IllinoisLA NACION<\/p>","protected":false},"excerpt":{"rendered":"<p>El tradicional desfile del 5 de mayo en Chicago fue cancelado por segundo a\u00f1o consecutivo. Los organizadores confirmaron que la&hellip;<\/p>\n","protected":false},"author":1,"featured_media":47055,"comment_status":"closed","ping_status":"closed","sticky":false,"template":"","format":"standard","meta":{"footnotes":""},"categories":[31],"tags":[],"class_list":["post-47054","post","type-post","status-publish","format-standard","has-post-thumbnail","hentry","category-pais"],"_links":{"self":[{"href":"https:\/\/boomdenoticias.com\/index.php?rest_route=\/wp\/v2\/posts\/47054","targetHints":{"allow":["GET"]}}],"collection":[{"href":"https:\/\/boomdenoticias.com\/index.php?rest_route=\/wp\/v2\/posts"}],"about":[{"href":"https:\/\/boomdenoticias.com\/index.php?rest_route=\/wp\/v2\/types\/post"}],"author":[{"embeddable":true,"href":"https:\/\/boomdenoticias.com\/index.php?rest_route=\/wp\/v2\/users\/1"}],"replies":[{"embeddable":true,"href":"https:\/\/boomdenoticias.com\/index.php?rest_route=%2Fwp%2Fv2%2Fcomments&post=47054"}],"version-history":[{"count":0,"href":"https:\/\/boomdenoticias.com\/index.php?rest_route=\/wp\/v2\/posts\/47054\/revisions"}],"wp:featuredmedia":[{"embeddable":true,"href":"https:\/\/boomdenoticias.com\/index.php?rest_route=\/wp\/v2\/media\/47055"}],"wp:attachment":[{"href":"https:\/\/boomdenoticias.com\/index.php?rest_route=%2Fwp%2Fv2%2Fmedia&parent=47054"}],"wp:term":[{"taxonomy":"category","embeddable":true,"href":"https:\/\/boomdenoticias.com\/index.php?rest_route=%2Fwp%2Fv2%2Fcategories&post=47054"},{"taxonomy":"post_tag","embeddable":true,"href":"https:\/\/boomdenoticias.com\/index.php?rest_route=%2Fwp%2Fv2%2Ftags&post=47054"}],"curies":[{"name":"wp","href":"https:\/\/api.w.org\/{rel}","templated":true}]}}