{"id":47050,"date":"2026-04-26T09:13:26","date_gmt":"2026-04-26T12:13:26","guid":{"rendered":"https:\/\/boomdenoticias.com\/?p=47050"},"modified":"2026-04-26T09:13:26","modified_gmt":"2026-04-26T12:13:26","slug":"franco-colapinto-en-buenos-aires-en-vivo-el-road-show-y-hora-de-sus-giros-minuto-a-minuto","status":"publish","type":"post","link":"https:\/\/boomdenoticias.com\/?p=47050","title":{"rendered":"Franco Colapinto en Buenos Aires, en vivo: el Road Show y hora de sus giros, minuto a minuto"},"content":{"rendered":"<ul>\n<li>La acci\u00f3n principal del evento comenzar\u00e1 a las 12.45<\/li>\n<li>Se podr\u00e1 ver en vivo a trav\u00e9s de ESPN y Disney+ Premium<\/li>\n<li>El piloto de Alpine girar\u00e1 con un Lotus de 2012 y una r\u00e9plica del Mercedes W196 con que Fangio<\/li>\n<li>Algunas calles de las inmediaciones de la pista fueron cerradas<\/li>\n<\/ul>\n<p>A partir de las 9, se <b>abrieron las puertas<\/b> y comenz\u00f3 el ingreso para el Road Show de Franco Colapinto en Buenos Aires. Con<b> largas filas, algunas corridas y quejas por quienes no respetaban los lugares<\/b>, miles de personas se reunieron para ingresar. <\/p>\n<p><b>El piloto de Alpine recorrer\u00e1 un circuito dise\u00f1ado espec\u00edficamente para la ocasi\u00f3n en las avenidas Libertador y Sarmiento<\/b>. Habr\u00e1 espacios gratuitos con acceso general para todos los seguidores que desean presenciar el espect\u00e1culo, adem\u00e1s de aquellos que sacaron entradas.<\/p>\n<p>Los sitios habilitados de manera gratuita son dos: <b>la Plaza Sicilia y la Plaza Seeber, lugares en los que la organizaci\u00f3n y la Ciudad prohibieron acampar<\/b>.<b> <\/b>Por este motivo, <b>recomiendan a los fan\u00e1ticos llegar temprano para asegurarse una buena ubicaci\u00f3n y visibilidad, ya que se estima habr\u00e1 cerca de 500.000 personas<\/b>.<\/p>\n<p>Este domingo <b>a partir de las 9<\/b>, el piloto <b>Franco Colapinto<\/b>, integrante del equipo <b>Alpine<\/b>, realizar\u00e1 finalmente la exhibici\u00f3n a bordo de un monoplaza de <b>F\u00f3rmula 1<\/b>. El recorrido, si bien est\u00e1 armado para que el p\u00fablico pueda disfrutar de esta experiencia en la Ciudad, provocar\u00e1 <a href=\"https:\/\/www.lanacion.com.ar\/sociedad\/los-cortes-de-calle-y-desvios-de-transito-por-el-road-show-de-franco-colapinto-nid26042026\/\" target=\"_blank\" rel=\"noreferrer\" title=\"https:\/\/www.lanacion.com.ar\/sociedad\/los-cortes-de-calle-y-desvios-de-transito-por-el-road-show-de-franco-colapinto-nid26042026\/\"><b>cortes de calles y desv\u00edos de tr\u00e1nsito<\/b><\/a><b> durante buena parte de la jornada<\/b>.<\/p>\n<p>Seg\u00fan indicaron desde el gobierno porte\u00f1o, el multitudinario evento \u2014en el que se espera la asistencia de <b>500.000 personas<\/b>\u2014 contar\u00e1 con cuatro salidas de pista, <b>fanzones<\/b>, boxes, gradas para los asistentes, foodtrucks, activaciones para el p\u00fablico, escenarios y pantallas. Las autoridades recomendaron a los ciudadanos <b>evitar la zona<\/b> del barrio de Palermo para evitar mayores dificultades.<\/p>\n<p><img loading=\"lazy\" decoding=\"async\" src=\"https:\/\/resizer.glanacion.com\/resizer\/v2\/DOBBTMUF5NFT7LLGQQ5ODOOT5Q.JPG?auth=3517ab170c71df095dec39ef4dbc41c87c7e4f48d6c1998cfa016d32671b227a&amp;smart=true&amp;width=1410&amp;height=887\" alt=\"El mapa del Road Show  en Buenos Aires\" height=\"887\" width=\"1410\" \/><\/p>\n<p>Familias enteras comenzaban a hacer cola para entrar al show de Colapinto en Palermo. El piloto manejar\u00e1 un Lotus y el hist\u00f3rico auto de Fangio.<\/p>\n<p><b>Franco Colapinto correr\u00e1 en la Argentina por primera vez este domingo, <\/b>aunque no ser\u00e1 en una carrera por los puntos, sino<b> en un Road Show por las calles de la Ciudad Aut\u00f3noma de Buenos Aires. <\/b>El piloto de Alpine de la F\u00f3rmula 1 (F1) realizar\u00e1 una exhibici\u00f3n en un trazado urbano improvisado que recorre las avenidas Libertador y Sarmiento. Todo el evento, que comienza pasado el mediod\u00eda, se podr\u00e1 ver en vivo a trav\u00e9s de<b> ESPN y Disney+ Premium.<\/b><\/p>\n<p><a href=\"https:\/\/www.lanacion.com.ar\/deportes\/automovilismo\/cronograma-del-road-show-la-exhibicion-de-franco-colapinto-en-buenos-aires-nid25042026\/\">Le\u00e9 la nota completa ac\u00e1<\/a><\/p>\n<p>En la previa al Road Show que convocar\u00e1 en las calles de Buenos Aires a m\u00e1s de 500.000 personas, Franco Colapinto se traslado hasta Estancia Vigil, en Cardales (provincia de Buenos Aires), para un almuerzo que comparti\u00f3 con todo su equipo, y en el que aprovech\u00f3 para grabar contenidos para sus redes de cara al Gran Premio de Miami que correr\u00e1 a principios de mayo pr\u00f3ximo.<\/p>\n<p><a href=\"https:\/\/www.lanacion.com.ar\/sabado\/que-comio-y-bebio-colapinto-en-la-previa-al-road-show-nid25042026\/\">Le\u00e9 la nota completa ac\u00e1<\/a><\/p>\n<p><b>Franco Colapinto<\/b> brind\u00f3 una conferencia de prensa antes del <a href=\"https:\/\/www.lanacion.com.ar\/deportes\/automovilismo\/franco-colapinto-en-buenos-aires-en-vivo-conferencia-del-road-show-minuto-a-minuto-nid24042026\/\" rel=\"\" title=\"https:\/\/www.lanacion.com.ar\/deportes\/automovilismo\/franco-colapinto-en-buenos-aires-en-vivo-conferencia-del-road-show-minuto-a-minuto-nid24042026\/\"><b>Road Show de este domingo<\/b><\/a>, donde aprovech\u00f3 la oportunidad para realizar un pedido de disculpas a los porte\u00f1os. <b>\u201c\u00a1Est\u00e1n todos a las puteadas con el tr\u00e1nsito! Perd\u00f3n a todos los vecinos de Libertador\u201d<\/b>, dijo, entre risas.<\/p>\n<p>La avenida del Libertador, el Monumento de los espa\u00f1oles, la Avenida Sarmiento, las vallas, las tribunas provisionales que albergar\u00e1n a los espectadores, la Fan Zone, los altavoces para conciertos y los kioscos de comida y merchandising ya est\u00e1n listos para la gran fiesta. All\u00ed, frente a la frontera con los bosques de Palermo y el Parque Tres de Febrero, que ofrecer\u00e1n cobijo si el sol calentara m\u00e1s que lo usual en este oto\u00f1o porte\u00f1o con mate y bandone\u00f3n.<\/p>\n<p><a href=\"https:\/\/www.lanacion.com.ar\/deportes\/automovilismo\/despues-del-road-show-colapinto-llevara-a-miami-una-valija-con-optimismo-e-incertidumbre-nid25042026\/\">Le\u00e9 la nota completa ac\u00e1<\/a><\/p>\n<p>La edici\u00f3n de un video del <a href=\"https:\/\/www.lanacion.com.ar\/deportes\/asi-sera-la-exhibicion-de-franco-colapinto-en-el-road-show-de-la-f1-en-buenos-aires-nid06042026\/\" rel=\"\" title=\"https:\/\/www.lanacion.com.ar\/deportes\/asi-sera-la-exhibicion-de-franco-colapinto-en-el-road-show-de-la-f1-en-buenos-aires-nid06042026\/\">piloto <b>Franco Colapinto<\/b><\/a> por parte de su escuder\u00eda <b>Alpine<\/b> encendi\u00f3 la pol\u00e9mica este s\u00e1bado. Es que el equipo de Enstone volvi\u00f3 a difundir una vieja grabaci\u00f3n donde el argentino <b>cantaba el fragmento de una canci\u00f3n que se refer\u00eda a la guerra por las Islas Malvinas<\/b>, pero eliminaron ese fragmento.<\/p>\n<p><a href=\"https:\/\/www.lanacion.com.ar\/deportes\/automovilismo\/la-polemica-edicion-de-alpine-de-un-video-donde-colapinto-menciona-a-las-islas-malvinas-nid25042026\/\">Le\u00e9 la nota completa ac\u00e1<\/a><\/p>\n<p>Lleg\u00f3 el d\u00eda. El pasado y el presente de la <b>F\u00f3rmula 1<\/b> se conectar\u00e1n hoy en Palermo: el sonido singular y trepidante del motor V8 atmosf\u00e9rico, que tuvo su episodio final en la temporada 2013 del <i>Gran Circo<\/i>, y el manejo de<b> Franco Colapinto<\/b>,<b> piloto de Alpine y el argentino que reaviv\u00f3 la pasi\u00f3n por la m\u00e1xima categor\u00eda del automovilismo mundial en el pa\u00eds <\/b>con su estreno en Williams dos a\u00f1os atr\u00e1s. El <i>road show<\/i> en el trazado urbano que se dise\u00f1\u00f3 en la <b>Ciudad de Buenos Aires ser\u00e1 el acontecimiento que unir\u00e1 a los dos mundos<\/b>, un examen para la organizaci\u00f3n y la seguridad con el objetivo de avalar y presentar el pr\u00f3ximo fin de semana en el Gran Premio de Miami las obras que se desarrollan en el aut\u00f3dromo Oscar y Juan G\u00e1lvez para el regreso al calendario de la F\u00f3rmula 1.<\/p>\n<p><a href=\"https:\/\/www.lanacion.com.ar\/deportes\/automovilismo\/franco-colapinto-y-su-road-show-en-palermo-todos-los-detalles-del-espectaculo-de-formula-1-de-hoy-nid26042026\/\">Le\u00e9 la nota completa ac\u00e1<\/a><\/p>\n<p>Las novedades sobre la presentaci\u00f3n del piloto de F\u00f3rmula 1 en la Argentina, las reacciones de los fan\u00e1ticos y las im\u00e1genes del eventoAutomovilismoLA NACION<\/p>","protected":false},"excerpt":{"rendered":"<p>La acci\u00f3n principal del evento comenzar\u00e1 a las 12.45 Se podr\u00e1 ver en vivo a trav\u00e9s de ESPN y Disney+&hellip;<\/p>\n","protected":false},"author":1,"featured_media":47051,"comment_status":"closed","ping_status":"closed","sticky":false,"template":"","format":"standard","meta":{"footnotes":""},"categories":[31],"tags":[],"class_list":["post-47050","post","type-post","status-publish","format-standard","has-post-thumbnail","hentry","category-pais"],"_links":{"self":[{"href":"https:\/\/boomdenoticias.com\/index.php?rest_route=\/wp\/v2\/posts\/47050","targetHints":{"allow":["GET"]}}],"collection":[{"href":"https:\/\/boomdenoticias.com\/index.php?rest_route=\/wp\/v2\/posts"}],"about":[{"href":"https:\/\/boomdenoticias.com\/index.php?rest_route=\/wp\/v2\/types\/post"}],"author":[{"embeddable":true,"href":"https:\/\/boomdenoticias.com\/index.php?rest_route=\/wp\/v2\/users\/1"}],"replies":[{"embeddable":true,"href":"https:\/\/boomdenoticias.com\/index.php?rest_route=%2Fwp%2Fv2%2Fcomments&post=47050"}],"version-history":[{"count":0,"href":"https:\/\/boomdenoticias.com\/index.php?rest_route=\/wp\/v2\/posts\/47050\/revisions"}],"wp:featuredmedia":[{"embeddable":true,"href":"https:\/\/boomdenoticias.com\/index.php?rest_route=\/wp\/v2\/media\/47051"}],"wp:attachment":[{"href":"https:\/\/boomdenoticias.com\/index.php?rest_route=%2Fwp%2Fv2%2Fmedia&parent=47050"}],"wp:term":[{"taxonomy":"category","embeddable":true,"href":"https:\/\/boomdenoticias.com\/index.php?rest_route=%2Fwp%2Fv2%2Fcategories&post=47050"},{"taxonomy":"post_tag","embeddable":true,"href":"https:\/\/boomdenoticias.com\/index.php?rest_route=%2Fwp%2Fv2%2Ftags&post=47050"}],"curies":[{"name":"wp","href":"https:\/\/api.w.org\/{rel}","templated":true}]}}