{"id":47048,"date":"2026-04-26T08:34:01","date_gmt":"2026-04-26T11:34:01","guid":{"rendered":"https:\/\/boomdenoticias.com\/?p=47048"},"modified":"2026-04-26T08:34:01","modified_gmt":"2026-04-26T11:34:01","slug":"franco-colapinto-hoy-donde-ver-en-vivo-la-exhibicion-de-la-formula-1-en-palermo","status":"publish","type":"post","link":"https:\/\/boomdenoticias.com\/?p=47048","title":{"rendered":"Franco Colapinto hoy: d\u00f3nde ver en vivo la exhibici\u00f3n de la F\u00f3rmula 1 en Palermo"},"content":{"rendered":"<div><img decoding=\"async\" src=\"https:\/\/www.clarin.com\/img\/2026\/03\/14\/qhNcFhYxm_2000x1500__1.jpg\" class=\"ff-og-image-inserted\" \/><\/div>\n<div>\n<p>Este domingo 26 de abril, el <strong>Road Show de Franco Colapinto<\/strong> promete convertirse en un evento hist\u00f3rico. El joven de 22 a\u00f1os despert\u00f3 un verdadero furor con su llegada a la m\u00e1xima categor\u00eda, marcando el regreso de un piloto argentino tras 23 a\u00f1os de ausencia.<\/p>\n<\/div>\n<div>\n<p>Ahora, el pilarense se reencontrar\u00e1 con el p\u00fablico local que lo sigue cada fin de semana en el Gran Circo, pero esta vez en casa cuando protagonice una <strong>exhibici\u00f3n \u00fanica en Palermo.<\/strong> Las calles se transformar\u00e1n en un circuito callejero de 3,5 kil\u00f3metros. Adem\u00e1s, ser\u00e1 la primera demostraci\u00f3n de este tipo en 14 a\u00f1os, desde la realizada en 2012 por Daniel Ricciardo en ese mismo escenario.<\/p>\n<\/div>\n<div>\n<p>El piloto pilarense se pondr\u00e1 al volante del<strong> <a href=\"https:\/\/www.clarin.com\/deportes\/secretos-formula-1-manejara-franco-colapinto-argentina-velocidad-volara-calles-palermo_0_wlT6myw4h9.html\" target=\"_blank\" title=\"Lotus E20,\">Lotus E20,<\/a><\/strong> un monoplaza de la temporada 2012, equipado con un motor Renault RS27-2012, un V8 atmosf\u00e9rico de 2.4 litros capaz de alcanzar las 18.000 revoluciones por minuto. El <strong>auto, que lucir\u00e1 los colores de Alpine<\/strong>, fue utilizado en su momento por Kimi R\u00e4ikk\u00f6nen y Romain Grosjean, y tuvo su \u00faltima aparici\u00f3n en el Barcelona Fan Festival de 2024 de la mano de Jack Doohan.<\/p>\n<\/div>\n<div>\n<p>Adem\u00e1s, Colapinto manejar\u00e1 una pieza hist\u00f3rica del automovilismo: la legendaria <strong>\u201cFlecha de Plata\u201d<\/strong>, <strong>con la que <a href=\"https:\/\/www.clarin.com\/deportes\/circuito-palermo-une-fangio-colapinto-historia-km0-nacio-automovilismo-argentino_0_Fm4cXnCOZK.html\" target=\"_blank\" title=\"Juan Manuel Fangio\">Juan Manuel Fangio<\/a> se consagr\u00f3 campe\u00f3n mundial en 1954 y 1955. <\/strong>La unidad que girar\u00e1 en las calles de Palermo es una r\u00e9plica artesanal que se exhibe en una colecci\u00f3n privada en el Museo de Fangio en la localidad de Balcarce. La versi\u00f3n original fue subastada por m\u00e1s de 52 millones de d\u00f3lares en febrero de 2025.<\/p>\n<\/div>\n<div>\n<p>La visita del piloto tambi\u00e9n despierta gran expectativa en medio de las obras de renovaci\u00f3n del Aut\u00f3dromo Oscar y Juan G\u00e1lvez, que avanzan con el <a href=\"https:\/\/www.clarin.com\/deportes\/escombros-sueno-recibir-vez-formula-1-reconstruyen-autodromo-galvez-buenos-aires_0_AHD7tMkLiN.html\" target=\"_blank\" title=\"sue\u00f1o de que la F\u00f3rmula 1 vuelva a correr en la Ciudad. \">sue\u00f1o de que la F\u00f3rmula 1 vuelva a correr en la Ciudad. <\/a>El regreso de la m\u00e1xima categor\u00eda parece cada vez m\u00e1s cercano. En los d\u00edas previos a la exhibici\u00f3n, Franco recorri\u00f3 el aut\u00f3dromo junto a Jorge Macri, el jefe de Gobierno. <\/p>\n<\/div>\n<div>\n<p>El <strong>Road Show de Franco Colapinto podr\u00e1 seguirse tanto por televisi\u00f3n como en streaming. <\/strong>Ser\u00e1 transmitido por ESPN y a trav\u00e9s de Disney+ en su Plan Premium. El canal var\u00eda seg\u00fan el proveedor de cable: Cablevisi\u00f3n\/Flow (103 HD), DirecTV (621 SD \/ 1621 HD) y Telecentro (105 SD \/ 1011 HD).<\/p>\n<\/div>\n<div>\n<p>El <strong>recorrido <\/strong>se desarrollar\u00e1 sobre la Avenida del Libertador, entre Bullrich y Casares\/Ugarteche, y la Avenida Sarmiento, entre Avenida del Libertador y Figueroa Alcorta. El trazado incluir\u00e1 el paso por el Monumento a los Espa\u00f1oles, en Palermo. <\/p>\n<\/div>\n<div>\n<p>&#8220;Es muy lindo reencontrarme con mi gente, con familia&#8230; es algo muy especial traer un auto de F\u00f3rmula 1 ac\u00e1 despu\u00e9s de tantos a\u00f1os. <strong>Es un sue\u00f1o hecho realidad&#8221;, <\/strong>expres\u00f3 el joven de 22 a\u00f1os en una <a href=\"https:\/\/www.clarin.com\/deportes\/franco-colapinto-hablo-prensa-horas-road-show-palermo-pidio-perdon-cortes-conquisto-feliz-volver-pais_0_CW1t1pjXhz.html\" target=\"_blank\" title=\"conferencia de prensa \">conferencia de prensa <\/a>con Iv\u00e1n de Pineda, que tuvo lugar el pasado viernes. <\/p>\n<\/div>\n<div>\n<p><strong>&#8220;Estoy feliz de estar ac\u00e1, de ver a la gente. <\/strong>Lo hago por m\u00ed, pero mucho m\u00e1s por los argentinos. Disfruto darles algo de vuelta, algo chiquito, traerles el auto ac\u00e1 para que no tengan que hacer el esfuerzo tan, tan grande de viajar al exterior para apoyarme&#8221;, dijo en referencia al apoyo incondicional que siente en cada carrera. <\/p>\n<\/div>\n<div>\n<p>Luego de su paso por Buenos Aires,<strong> la pr\u00f3xima cita de la F\u00f3rmula 1 ser\u00e1 en el GP de Miami del 1 al 3 de mayo<\/strong>, que incluir\u00e1 carrera sprint. Ese fin de semana el pilarense buscar\u00e1 sumar puntos. En la \u00faltima carrera en Jap\u00f3n el piloto de la escuder\u00eda francesa termin\u00f3 16\u00b0. Luego seguir\u00e1n Canad\u00e1 (22-24 mayo), M\u00f3naco (4-7 junio) y Barcelona (11-14 junio).<\/p>\n<\/div>\n<p><strong><a href=\"https:\/\/blockads.fivefilters.org\/\">Adblock test<\/a><\/strong> <a href=\"https:\/\/blockads.fivefilters.org\/acceptable.html\">(Why?)<\/a><\/p>","protected":false},"excerpt":{"rendered":"<p>Este domingo 26 de abril, el Road Show de Franco Colapinto promete convertirse en un evento hist\u00f3rico. El joven de&hellip;<\/p>\n","protected":false},"author":1,"featured_media":47049,"comment_status":"closed","ping_status":"closed","sticky":false,"template":"","format":"standard","meta":{"footnotes":""},"categories":[1],"tags":[],"class_list":["post-47048","post","type-post","status-publish","format-standard","has-post-thumbnail","hentry","category-blog"],"_links":{"self":[{"href":"https:\/\/boomdenoticias.com\/index.php?rest_route=\/wp\/v2\/posts\/47048","targetHints":{"allow":["GET"]}}],"collection":[{"href":"https:\/\/boomdenoticias.com\/index.php?rest_route=\/wp\/v2\/posts"}],"about":[{"href":"https:\/\/boomdenoticias.com\/index.php?rest_route=\/wp\/v2\/types\/post"}],"author":[{"embeddable":true,"href":"https:\/\/boomdenoticias.com\/index.php?rest_route=\/wp\/v2\/users\/1"}],"replies":[{"embeddable":true,"href":"https:\/\/boomdenoticias.com\/index.php?rest_route=%2Fwp%2Fv2%2Fcomments&post=47048"}],"version-history":[{"count":0,"href":"https:\/\/boomdenoticias.com\/index.php?rest_route=\/wp\/v2\/posts\/47048\/revisions"}],"wp:featuredmedia":[{"embeddable":true,"href":"https:\/\/boomdenoticias.com\/index.php?rest_route=\/wp\/v2\/media\/47049"}],"wp:attachment":[{"href":"https:\/\/boomdenoticias.com\/index.php?rest_route=%2Fwp%2Fv2%2Fmedia&parent=47048"}],"wp:term":[{"taxonomy":"category","embeddable":true,"href":"https:\/\/boomdenoticias.com\/index.php?rest_route=%2Fwp%2Fv2%2Fcategories&post=47048"},{"taxonomy":"post_tag","embeddable":true,"href":"https:\/\/boomdenoticias.com\/index.php?rest_route=%2Fwp%2Fv2%2Ftags&post=47048"}],"curies":[{"name":"wp","href":"https:\/\/api.w.org\/{rel}","templated":true}]}}