{"id":47046,"date":"2026-04-26T08:34:01","date_gmt":"2026-04-26T11:34:01","guid":{"rendered":"https:\/\/boomdenoticias.com\/?p=47046"},"modified":"2026-04-26T08:34:01","modified_gmt":"2026-04-26T11:34:01","slug":"argentina-1978-los-otros-15-de-menotti-historias-detras-de-la-lista-previa-al-mundial","status":"publish","type":"post","link":"https:\/\/boomdenoticias.com\/?p=47046","title":{"rendered":"Argentina 1978: los otros 15 de Menotti, historias detr\u00e1s de la lista previa al Mundial"},"content":{"rendered":"<section class=\"sc-b1813172-2 gLbaJI dataStory dataStory\"><\/section>\n<div class=\"sc-45461e9c-0 eqiBeF container-text text-embed \">\n<p>Argentina tiene tres estrellas y, entre los tres planteles,<strong> hay 69 campeones del mundo<\/strong>. El \u00fanico que repiti\u00f3 fue <strong>Daniel Passarella<\/strong>, <strong>capit\u00e1n en 1978 y sin partidos en 1986 porque sufri\u00f3 una intoxicaci\u00f3n<\/strong>, aunque no pudo ser reemplazado de la lista. Desde 1962, todas las asociaciones del mundo env\u00edan una lista preliminar a la FIFA con 40 nombres. Casi siempre se publicaban cuando la AFA ya hab\u00eda enviado el t\u00e9lex, fax o correo electr\u00f3nico a Z\u00farich. Ahora son 55, pero muchos deciden guardar los nombres bajo siete llaves.<\/p>\n<\/div>\n<div class=\"sc-45461e9c-0 eqiBeF container-text text-embed \">\n<p>El 16 de abril de 1978, a 46 d\u00edas del Mundial, <strong>Argentina mand\u00f3 la lista de 40 a la FIFA<\/strong>. Pero, adem\u00e1s, Menotti se encarg\u00f3 de dar un concepto de cada uno. En la mayor\u00eda de las notas hist\u00f3ricas se habla de los 22 y de los tres que quedaron afuera a \u00faltimo momento, entre ellos Diego Maradona (adem\u00e1s de V\u00edctor Bottaniz y Humberto Rafael Bravo). \u00bfY los otros 15? \u00bfQui\u00e9nes eran? \u00bfPor qu\u00e9 los ten\u00eda en el radar?<\/p>\n<\/div>\n<div class=\"sc-45461e9c-0 eqiBeF container-text text-embed \">\n<p>Explic\u00f3 el Flaco: <em>\u201cObr\u00e9 con la mayor honestidad. La elecci\u00f3n no fue solo m\u00eda. Hay un grupo de colaboradores, muchos de ellos an\u00f3nimos, que me prestaron su ayuda y se los agradezco. Siempre dije que jugar limpio era una manera de llegar a jugar bien. Por eso me decido a hacerlo p\u00fablico por primera vez\u201d.<\/em><\/p>\n<\/div>\n<div class=\"sc-45461e9c-0 eqiBeF container-text text-embed \">\n<p>La nota en <strong><em>Clar\u00edn <\/em><\/strong>sali\u00f3 a doble p\u00e1gina, con la foto de los 40 jugadores y un concepto de cada uno. Esto dec\u00eda el entrenador de los 18 que se quedaron a la puerta de ser campeones del mundo, pero formaron parte del trabajo previo:<\/p>\n<\/div>\n<div class=\"sc-45461e9c-0 eqiBeF container-text text-embed \">\n<p><strong>Agust\u00edn Mario Cejas (arquero de Racing):<\/strong> \u201cAdquiri\u00f3 una gran experiencia internacional en su paso por Brasil y una larga campa\u00f1a en nuestro pa\u00eds. F\u00edsicamente mantiene sus condiciones a pesar de su prolongada trayectoria&#8221;.<\/p>\n<\/div>\n<div class=\"sc-45461e9c-0 eqiBeF container-text text-embed \">\n<p><strong>Edgardo Jos\u00e9 Fern\u00e1ndez (lateral izquierdo de Col\u00f3n): <\/strong>\u201cFue uno de los integrantes de la Selecci\u00f3n del interior. Pienso que, despu\u00e9s de Carrascosa y Tarantini, es uno de los m\u00e1s equilibrados en defensa y ataque. Cuando se fue Carrascosa no lo convoqu\u00e9 porque ten\u00eda claro su rendimiento y prefer\u00ed probar a otros en el puesto&#8221;.<\/p>\n<\/div>\n<div class=\"sc-45461e9c-0 eqiBeF container-text text-embed \">\n<p><strong>Vicente Alberto Pern\u00eda (lateral derecho de Boca):<\/strong> \u201cSu oficio y temperamento lo ubican en el mejor nivel de los marcadores laterales del f\u00fatbol argentino&#8221;.<\/p>\n<\/div>\n<div class=\"sc-45461e9c-0 eqiBeF container-text text-embed \">\n<p><strong>Osvaldo Jos\u00e9 Piazza (marcador central del Saint-\u00c9tienne):<\/strong> &#8220;Experiencia adquirida en Europa en una posici\u00f3n en la que tuvimos algunas dificultades. Era uno de los ensayos que quer\u00edamos hacer aprovechando su din\u00e1mica. Lamentablemente, su actuaci\u00f3n se vio comprometida por sus circunstancias&#8221;.<\/p>\n<\/div>\n<div class=\"sc-45461e9c-0 eqiBeF container-text text-embed \">\n<p><strong>Roberto Mouzo (marcador central de Boca):<\/strong> \u201cSu permanencia en la titularidad de Boca y su trayectoria lo hicieron merecedor de estar en la lista de los 40&#8243;.<\/p>\n<\/div>\n<div class=\"sc-45461e9c-0 eqiBeF container-text text-embed \">\n<p><strong>V\u00edctor Alfredo Bottaniz (lateral izquierdo de Uni\u00f3n): <\/strong>\u201cEntr\u00f3 en un per\u00edodo de prueba y mostr\u00f3 aspectos interesantes en la proyecci\u00f3n. Tiene potencia y manejo. Le falta \u2018jerarqu\u00eda internacional\u2019 porque no tuvo posibilidades de competencia, lo que le hubiera dado mayor experiencia\u201d.<\/p>\n<\/div>\n<div class=\"sc-45461e9c-0 eqiBeF container-text text-embed \">\n<p><strong>Armando Rafael Capurro (marcador central de Newell\u2019s):<\/strong> &#8220;Es lo m\u00e1s parecido a Passarella en el f\u00fatbol argentino. Buen cabeceador en las dos \u00e1reas, buena media distancia, veloz para anticipar y criterioso con la pelota. Otro de los jugadores que sienten la falta de partidos internacionales&#8221;.<\/p>\n<\/div>\n<div class=\"sc-45461e9c-0 eqiBeF container-text text-embed \">\n<p><strong>Hugo Eduardo Villaverde (marcador central de Independiente):<\/strong> \u201cSiempre fue observado. En los \u00faltimos partidos demostr\u00f3 sus condiciones. Tiene potencia y poder de recuperaci\u00f3n&#8221;.<\/p>\n<\/div>\n<div class=\"sc-45461e9c-0 eqiBeF container-text text-embed \">\n<p><strong>Juan Domingo Rocha (volante izquierdo de Newell\u2019s):<\/strong> \u201cEs un jugador con manejo y ductilidad. Tambi\u00e9n en \u00e9l el problema mayor es la falta de competici\u00f3n internacional, un mal que aqueja a todo nuestro f\u00fatbol&#8221;.<\/p>\n<\/div>\n<div class=\"sc-45461e9c-0 eqiBeF container-text text-embed \">\n<p><strong>Diego Armando Maradona (volante izquierdo de Argentinos):<\/strong> \u201cEs la interpretaci\u00f3n cabal y genuina del f\u00fatbol de nuestro pa\u00eds. Tiene un gran futuro, pero su consolidaci\u00f3n depende en mucho de lo que \u00e9l haga y de los consejos que reciba de quienes lo rodean. Ser figura a los 17 a\u00f1os significa un riesgo si no se est\u00e1 preparado para afrontarlo&#8221;.<\/p>\n<\/div>\n<div class=\"sc-45461e9c-0 eqiBeF container-text text-embed \">\n<p><strong>Pedro Larraquy (volante central de V\u00e9lez):<\/strong> &#8220;Sin conocer su personalidad, porque no tuve posibilidades de convocarlo, fue material de estudio por parte del cuerpo t\u00e9cnico. Tiene muy buena llegada, principalmente cuando utiliza el cabezazo, y un manejo prolijo. Un elemento importante para tener en cuenta en el futuro&#8221;.<\/p>\n<\/div>\n<div class=\"sc-45461e9c-0 eqiBeF container-text text-embed \">\n<p><strong>Juan Jos\u00e9 L\u00f3pez (volante derecho de River):<\/strong> \u201cEs uno de los volantes con mayor experiencia. Tiene problemas t\u00e1cticos, pero sus excelentes condiciones t\u00e9cnicas hacen que sea tenido en cuenta. Por las razones que se conocen perdi\u00f3 su prioridad y quienes tomaron su lugar respondieron con acierto&#8221;.<\/p>\n<\/div>\n<div class=\"sc-45461e9c-0 eqiBeF container-text text-embed \">\n<p><strong>Jorge Daniel Ribolzi (volante derecho de Boca):<\/strong> \u201cTemperamento para el mediocampo, que puede rendir de acuerdo con las necesidades t\u00e1cticas y estrat\u00e9gicas&#8221;.<\/p>\n<\/div>\n<div class=\"sc-45461e9c-0 eqiBeF container-text text-embed \">\n<p><strong>Ricardo Enrique Bochini (volante izquierdo de Independiente):<\/strong> \u201cGran talento. Es capaz de desnivelar \u00e9l solo con una jugada, pero es deficitario en lo colectivo, aspecto que puede mejorar. Uno de los grandes jugadores de su generaci\u00f3n&#8221;.<\/p>\n<\/div>\n<div class=\"sc-45461e9c-0 eqiBeF container-text text-embed \">\n<p><strong>Humberto Rafael Bravo (centrodelantero de Talleres): <\/strong>&#8220;En 1977 marc\u00f3 m\u00e1s de 100 goles, lo que demuestra su capacidad goleadora. Tiene gran movilidad y es quien mejor devuelve las paredes en velocidad. Su mayor problema es la falta de competencia internacional para adquirir jerarqu\u00eda&#8221;.<\/p>\n<\/div>\n<div class=\"sc-45461e9c-0 eqiBeF container-text text-embed \">\n<p><strong>Ernesto Enrique Mastr\u00e1ngelo (puntero derecho de Boca): <\/strong>\u201cGran experiencia y capacidad goleadora en una posici\u00f3n en la que no abundan los artilleros. Jugador fundamental en el contraataque&#8221;.<\/p>\n<\/div>\n<div class=\"sc-45461e9c-0 eqiBeF container-text text-embed \">\n<p><strong>Norberto Daniel Outes (centrodelantero de Independiente): <\/strong>\u201cNo pod\u00eda quedar afuera. Sus \u00faltimas actuaciones demostraron que puede moverse en espacio reducido y tambi\u00e9n acompa\u00f1ar en el arranque. Un jugador para tener en cuenta por su importancia goleadora. Le auguro un buen futuro\u201d.<\/p>\n<\/div>\n<div class=\"sc-45461e9c-0 eqiBeF container-text text-embed \">\n<p><strong>Omar Pedro Rold\u00e1n (centrodelantero de V\u00e9lez):<\/strong> \u201cUn jugador importante por su capacidad de gol. Fue probado y estudiado. Las observaciones dejaron un margen positivo para el futuro&#8221;.<\/p>\n<\/div>\n<div class=\"list-bottom-authors\">\n<div class=\"sc-4e7e5c5d-1 fBFTyG bottom-author\"><img loading=\"lazy\" decoding=\"async\" width=\"60\" height=\"60\" src=\"https:\/\/www.clarin.com\/img\/authors\/oscar-barnade___663d2c5421267f001b4afe2e.png\" alt=\"Oscar Barnade\" \/><\/div>\n<\/div>\n<div class=\"sc-4a9c6176-0 CrdDe Newsletter trinity-skip-it\">\n<div class=\"inner-card-m\">\n<div class=\"related-content\">\n<div class=\"text\">\n<p>Recib\u00ed en tu mail todas las noticias, historias y an\u00e1lisis de los periodistas de Clar\u00edn<\/p>\n<p><a class=\"button-link\" href=\"https:\/\/www.clarin.com\/newsletters\">QUIERO RECIBIRLO<\/a><\/p><\/div>\n<p><img decoding=\"async\" src=\"https:\/\/www.clarin.com\/img\/clarin-newsletter.png\" alt=\"Newsletter Clar\u00edn\" loading=\"lazy\" width=\"110\" height=\"110\" \/><\/p><\/div>\n<\/div>\n<\/div>\n<div class=\"sc-eb82d906-0 kWxPTI\">\n<hr \/>\n<p><span aria-hidden=\"true\">Tags relacionados<\/span><\/p><\/div>\n<p><strong><a href=\"https:\/\/blockads.fivefilters.org\/\">Adblock test<\/a><\/strong> <a href=\"https:\/\/blockads.fivefilters.org\/acceptable.html\">(Why?)<\/a><\/p>","protected":false},"excerpt":{"rendered":"<p>Argentina tiene tres estrellas y, entre los tres planteles, hay 69 campeones del mundo. El \u00fanico que repiti\u00f3 fue Daniel&hellip;<\/p>\n","protected":false},"author":1,"featured_media":47047,"comment_status":"closed","ping_status":"closed","sticky":false,"template":"","format":"standard","meta":{"footnotes":""},"categories":[1],"tags":[],"class_list":["post-47046","post","type-post","status-publish","format-standard","has-post-thumbnail","hentry","category-blog"],"_links":{"self":[{"href":"https:\/\/boomdenoticias.com\/index.php?rest_route=\/wp\/v2\/posts\/47046","targetHints":{"allow":["GET"]}}],"collection":[{"href":"https:\/\/boomdenoticias.com\/index.php?rest_route=\/wp\/v2\/posts"}],"about":[{"href":"https:\/\/boomdenoticias.com\/index.php?rest_route=\/wp\/v2\/types\/post"}],"author":[{"embeddable":true,"href":"https:\/\/boomdenoticias.com\/index.php?rest_route=\/wp\/v2\/users\/1"}],"replies":[{"embeddable":true,"href":"https:\/\/boomdenoticias.com\/index.php?rest_route=%2Fwp%2Fv2%2Fcomments&post=47046"}],"version-history":[{"count":0,"href":"https:\/\/boomdenoticias.com\/index.php?rest_route=\/wp\/v2\/posts\/47046\/revisions"}],"wp:featuredmedia":[{"embeddable":true,"href":"https:\/\/boomdenoticias.com\/index.php?rest_route=\/wp\/v2\/media\/47047"}],"wp:attachment":[{"href":"https:\/\/boomdenoticias.com\/index.php?rest_route=%2Fwp%2Fv2%2Fmedia&parent=47046"}],"wp:term":[{"taxonomy":"category","embeddable":true,"href":"https:\/\/boomdenoticias.com\/index.php?rest_route=%2Fwp%2Fv2%2Fcategories&post=47046"},{"taxonomy":"post_tag","embeddable":true,"href":"https:\/\/boomdenoticias.com\/index.php?rest_route=%2Fwp%2Fv2%2Ftags&post=47046"}],"curies":[{"name":"wp","href":"https:\/\/api.w.org\/{rel}","templated":true}]}}