{"id":47042,"date":"2026-04-26T08:32:35","date_gmt":"2026-04-26T11:32:35","guid":{"rendered":"https:\/\/boomdenoticias.com\/?p=47042"},"modified":"2026-04-26T08:32:35","modified_gmt":"2026-04-26T11:32:35","slug":"ola-de-atentados-en-colombia-al-menos-14-muertos-por-un-ataque-con-bomba-contra-un-micro","status":"publish","type":"post","link":"https:\/\/boomdenoticias.com\/?p=47042","title":{"rendered":"Ola de atentados en Colombia: al menos 14 muertos por un ataque con bomba contra un micro"},"content":{"rendered":"<div><img decoding=\"async\" src=\"https:\/\/www.clarin.com\/img\/2026\/04\/25\/_y_ytGU0D_2000x1500__1.jpg\" class=\"ff-og-image-inserted\" \/><\/div>\n<div>\n<p>En medio de una <strong>ola de atentados en Colombia<\/strong>, un <strong>micro result\u00f3 atacado con una bomba <\/strong>en una ruta del sudoeste del pa\u00eds y hay <strong>al menos 14 muertos<\/strong>. Las im\u00e1genes del lugar muestran que los explosivos dejaron un cr\u00e1ter en el lugar y el estallido afect\u00f3 por lo menos a 15 veh\u00edculos.<\/p>\n<\/div>\n<div>\n<p>El artefacto explosivo deton\u00f3 este s\u00e1bado al paso de un micro en una ruta de Cajib\u00edo. Adem\u00e1s de las v\u00edctimas fatales, 38 personas resultaron heridas, entre ellos <strong>cinco ni\u00f1os<\/strong>, indic\u00f3 el diario <em>El Tiempo<\/em>.<\/p>\n<\/div>\n<div>\n<p>Inicialmente, el Gobernador del Cauca, Octavio Guzm\u00e1n, hab\u00eda comunicado en su cuenta de X que el artefacto fue activado en la v\u00eda Panamericana en el sector de El T\u00fanel en Cajib\u00edo, con un saldo preliminar de &#8220;siete civiles muertos y m\u00e1s de 17 heridos&#8221;. <\/p>\n<\/div>\n<div>\n<p>En rueda de prensa, el general Hugo L\u00f3pez, comandante de las Fuerzas Armadas, calific\u00f3 al hecho como una \u201cacci\u00f3n terrorista\u201d que adjudic\u00f3 a las estructuras de alias &#8220;Iv\u00e1n Mordisco&#8221; \u2014uno de los m\u00e1s buscados de Colombia\u2014 y de la facci\u00f3n Jaime Mart\u00ednez, de las disidencias de las desaparecidas <strong>Fuerzas Armadas Revolucionarias de Colombia (FARC) <\/strong>que operan en esa regi\u00f3n y que no se acogieron al acuerdo de paz firmado con el Estado en 2016. Precis\u00f3 que al menos 15 veh\u00edculos fueron afectados por la explosi\u00f3n.<\/p>\n<\/div>\n<div>\n<p>\u201c<strong>Quiero la m\u00e1xima persecuci\u00f3n mundial contra este grupo narcoterrorista\u201d<\/strong>, escribi\u00f3 el presidente Gustavo Petro, en su primera reacci\u00f3n tras el atentado. A\u00f1adi\u00f3 que se dispondr\u00e1 a \u201clos mejores soldados para enfrentarlos\u201d y pidi\u00f3 a la unidad de an\u00e1lisis financiero colombiana actuar sobre sus finanzas.<\/p>\n<\/div>\n<div>\n<p>\n              Petro, el primer mandatario de izquierda, reiter\u00f3 que firmar\u00e1 una demanda ante la Corte Penal Internacional (CPI) a los jefes de esas agrupaciones armadas ilegales, sin precisar una fecha.<\/p>\n<\/div>\n<div>\n<p>\n              El ej\u00e9rcito colombiano inform\u00f3 en X que realiza sobrevuelos y acciones de control para verificar la posible presencia de otros artefactos explosivos en esos departamentos. <\/p>\n<\/div>\n<div>\n<p>La potente explosi\u00f3n dej\u00f3 una <strong>escena tr\u00e1gica en el lugar<\/strong>, donde en medio de los hierros retorcidos de los veh\u00edculos y sobre el pavimento fracturado se observaban los cuerpos de las victimas. Los heridos fueron trasladados por ambulancias a diversos hospitales para ser atendidos, reportaron las autoridades.<\/p>\n<\/div>\n<div>\n<blockquote class=\"twitter-tweet\">\n<p lang=\"es\" dir=\"ltr\">\u00bfQu\u00e9 es terrorismo? Es producir miedo masivo en la poblaci\u00f3n a trav\u00e9s de la violencia.<\/p>\n<p>El miedo es el instrumento del fascismo para acceder al poder y del narco para controlar la poblaci\u00f3n.<\/p>\n<p>Los que atentaron y mataron a siete civiles e hirieron a 17 civiles m\u00e1s en Cajib\u00edo,\u2026<\/p>\n<p>\u2014 Gustavo Petro (@petrogustavo) <a href=\"https:\/\/twitter.com\/petrogustavo\/status\/2048131227333374011?ref_src=twsrc%5Etfw\">April 25, 2026<\/a><\/p><\/blockquote>\n<\/div>\n<div>\n<p>Una ola de condena y rechazo levant\u00f3 la violenta jornada, mientras la Defensora del Pueblo, Iris Mar\u00edn, pidi\u00f3 a los grupos armados que operan en la zona \u201ccesar de inmediato\u201d los ataques.<\/p>\n<\/div>\n<h2>Ataques coordinados en Cauca y Valle del Cauca evidencian el recrudecimiento de la violencia en la regi\u00f3n<\/h2>\n<div>\n<p>Al menos 26 hechos &#8220;criminales&#8221; se han presentado durante los dos \u00faltimos d\u00edas en esa zona que &#8220;solamente han afectado a nuestra poblaci\u00f3n civil&#8221;, report\u00f3 el general L\u00f3pez. Seg\u00fan <em>El Tiempo<\/em>, en las \u00faltimas 24 horas hubo 11 atentados en la zona de Cauca y Valle del Cauca.<\/p>\n<\/div>\n<div>\n<p>La regi\u00f3n es zona de disputa de grupos armados ilegales vinculados al narcotr\u00e1fico.<\/p>\n<\/div>\n<div>\n<p>La v\u00edspera dos veh\u00edculos acondicionados con explosivos detonaron cerca de unidades militares, uno en la capital vallecaucana Cali y otro en la aleda\u00f1a Palmira, causando da\u00f1os materiales.<\/p>\n<\/div>\n<div>\n<p>\n              El s\u00e1bado se report\u00f3 un ataque con disparos a una estaci\u00f3n policial en una zona rural de Jamund\u00ed, en el Valle del Cauca, la neutralizaci\u00f3n de tres drones acondicionados con explosivos en El Tambo, departamento aleda\u00f1o del Cauca, y el ataque a un radar de Aeron\u00e1utica Civil en la misma zona. Ninguno de estos eventos dej\u00f3 heridos.<\/p>\n<\/div>\n<div>\n<p>\n              La escalada de violencia en esa \u00e1rea del pa\u00eds andino moviliz\u00f3 a altos mandos liderados por el ministro de Defensa, Pedro S\u00e1nchez, quien junto a gobernadores y autoridades locales se reunieron en Palmira, cuando ocurri\u00f3 el \u00faltimo atentado. <\/p>\n<\/div>\n<div>\n<p>\n              \u201cLos criminales buscan generar temor, pero respondemos con firmeza\u201d, escribi\u00f3 previamente en X el ministro S\u00e1nchez, mientras la gobernadora del Valle del Cauca, Francisca Toro llam\u00f3 al gobierno a entregar \u201capoyo inmediato\u201d.<\/p>\n<\/div>\n<div>\n<p>\n              La gobernadora hab\u00eda solicitado reforzar la presencia de la fuerza p\u00fablica, labores de inteligencia y \u201cacciones contundentes\u201d contra el crimen ante la \u201cescala terrorista\u201d, se\u00f1al\u00f3 en un mensaje de esa red social.<\/p>\n<\/div>\n<div>\n<p>\n              La regi\u00f3n del Cauca y Valle del Cauca constituye un punto clave para las econom\u00edas il\u00edcitas de grupos armados ilegales que disputan el control de la ruta de acceso mar\u00edtimo y fluvial hacia el puerto de Buenaventura por donde trafican droga hacia Centroam\u00e9rica y Europa, seg\u00fan las autoridades.<\/p>\n<\/div>\n<div>\n<p>\n              El gobierno ofrece una recompensa de 4.500 millones de pesos (m\u00e1s de un mill\u00f3n de d\u00f3lares) por informaci\u00f3n que permita la captura de alias \u201cMarlon\u201d, subordinado de Mordisco y , quien es se\u00f1alado como cabecilla de las disidencias en esa regi\u00f3n.<\/p>\n<\/div>\n<p><strong><a href=\"https:\/\/blockads.fivefilters.org\/\">Adblock test<\/a><\/strong> <a href=\"https:\/\/blockads.fivefilters.org\/acceptable.html\">(Why?)<\/a><\/p>","protected":false},"excerpt":{"rendered":"<p>En medio de una ola de atentados en Colombia, un micro result\u00f3 atacado con una bomba en una ruta del&hellip;<\/p>\n","protected":false},"author":1,"featured_media":47043,"comment_status":"closed","ping_status":"closed","sticky":false,"template":"","format":"standard","meta":{"footnotes":""},"categories":[36],"tags":[],"class_list":["post-47042","post","type-post","status-publish","format-standard","has-post-thumbnail","hentry","category-mundo"],"_links":{"self":[{"href":"https:\/\/boomdenoticias.com\/index.php?rest_route=\/wp\/v2\/posts\/47042","targetHints":{"allow":["GET"]}}],"collection":[{"href":"https:\/\/boomdenoticias.com\/index.php?rest_route=\/wp\/v2\/posts"}],"about":[{"href":"https:\/\/boomdenoticias.com\/index.php?rest_route=\/wp\/v2\/types\/post"}],"author":[{"embeddable":true,"href":"https:\/\/boomdenoticias.com\/index.php?rest_route=\/wp\/v2\/users\/1"}],"replies":[{"embeddable":true,"href":"https:\/\/boomdenoticias.com\/index.php?rest_route=%2Fwp%2Fv2%2Fcomments&post=47042"}],"version-history":[{"count":0,"href":"https:\/\/boomdenoticias.com\/index.php?rest_route=\/wp\/v2\/posts\/47042\/revisions"}],"wp:featuredmedia":[{"embeddable":true,"href":"https:\/\/boomdenoticias.com\/index.php?rest_route=\/wp\/v2\/media\/47043"}],"wp:attachment":[{"href":"https:\/\/boomdenoticias.com\/index.php?rest_route=%2Fwp%2Fv2%2Fmedia&parent=47042"}],"wp:term":[{"taxonomy":"category","embeddable":true,"href":"https:\/\/boomdenoticias.com\/index.php?rest_route=%2Fwp%2Fv2%2Fcategories&post=47042"},{"taxonomy":"post_tag","embeddable":true,"href":"https:\/\/boomdenoticias.com\/index.php?rest_route=%2Fwp%2Fv2%2Ftags&post=47042"}],"curies":[{"name":"wp","href":"https:\/\/api.w.org\/{rel}","templated":true}]}}