{"id":47038,"date":"2026-04-26T08:31:39","date_gmt":"2026-04-26T11:31:39","guid":{"rendered":"https:\/\/boomdenoticias.com\/?p=47038"},"modified":"2026-04-26T08:31:39","modified_gmt":"2026-04-26T11:31:39","slug":"la-voz-final-de-hector-alterio-el-lanzamiento-postumo-junto-a-juan-carlos-cambas-que-homenajea-a-atahualpa-yupanqui","status":"publish","type":"post","link":"https:\/\/boomdenoticias.com\/?p=47038","title":{"rendered":"La voz final de H\u00e9ctor Alterio: el lanzamiento p\u00f3stumo junto a Juan Carlos Cambas que homenajea a Atahualpa Yupanqui"},"content":{"rendered":"<div><img decoding=\"async\" src=\"https:\/\/www.clarin.com\/img\/2025\/12\/13\/fsD42R0-__2000x1500__1.jpg\" class=\"ff-og-image-inserted\" \/><\/div>\n<div>\n<p>El pianista argentino <strong>Juan Carlos Cambas <\/strong>lanz\u00f3 \u201c<strong><em>Destino del canto<\/em><\/strong>\u201d, un single que tiene un registro \u00edntimo, casi despedida, junto a <strong><a href=\"https:\/\/www.clarin.com\/tema\/hector-alterio.html\" target=\"_blank\" title=\"H\u00e9ctor Alterio\">H\u00e9ctor Alterio<\/a><\/strong>. El tema, que tambi\u00e9n cuenta con la voz de <strong>Silvia Adriana<\/strong>, funciona como un homenaje sentido a <strong><a href=\"https:\/\/www.clarin.com\/tema\/atahualpa-yupanqui.html\" target=\"_blank\" title=\"Atahualpa Yupanqui\">Atahualpa Yupanqui<\/a><\/strong> y, al mismo tiempo, como una pieza que resignifica la figura de el actor desde la palabra po\u00e9tica.<\/p>\n<\/div>\n<div>\n<p>Grabado antes de <a href=\"https:\/\/www.clarin.com\/espectaculos\/murio-96-anos-hector-alterio-icono-cine-argentino_0_piJ49yVb4E.html\" target=\"_blank\" title=\"su muerte en diciembre de 2025 a los 96 a\u00f1os\">su muerte, en diciembre de 2025 a los 96 a\u00f1os<\/a>, el registro recupera al actor argentino-espa\u00f1ol en un rol de narrador, el cual le calza perfecto. Su voz sostiene el poema de Yupanqui, mientras de fondo suena la zamba <em>Luna Tucumana<\/em>, interpretada por Silvia Adriana.<\/p>\n<\/div>\n<div>\n<p>\u201c<strong>Tenemos mucha suerte en participar en este homenaje al maravilloso<\/strong>\u201d, se lo escucha decir a Alterio en un backstage. Y agrega: \u201cDesgraciadamente no contamos con \u00e9l, pero <strong>es una manera de contar en este momento con esta participaci\u00f3n y saber que en cierta medida lo estamos homenajeando<\/strong>\u201d.<\/p>\n<\/div>\n<div>\n<p>El proyecto forma parte del \u00e1lbum <strong><em>A Viaxe<\/em><\/strong>, el trabajo que Cambas desarrolla desde Galicia, donde vive hace a\u00f1os. Este es el tercer corte del segundo disco, y tiene como eje rendir tributo a Yupanqui desde distintas miradas.<\/p>\n<\/div>\n<h2>La elecci\u00f3n de H\u00e9ctor Alterio para ser la voz narradora del poema <em>Destino del Canto<\/em><\/h2>\n<div>\n<p>Para Cambas, la elecci\u00f3n de Alterio se debe a que \u201c<strong>buscaba un actor argentino que los espa\u00f1oles sintieran como propio<\/strong>&#8220;. &#8220;Inmediatamente vino a mi cabeza el maestro H\u00e9ctor Alterio\u201d, explica. Y suma una conexi\u00f3n personal: \u201cHab\u00eda hecho <em>Vientos de agua<\/em>, sobre un asturiano emigrado a Argentina como mi pap\u00e1, y su hijo arquitecto volviendo a Espa\u00f1a por la crisis del 2001 como yo\u201d.<\/p>\n<\/div>\n<div>\n<p>El v\u00ednculo art\u00edstico fluy\u00f3 sin vueltas. \u201cCuando le hice la propuesta de grabar me lo puso muy f\u00e1cil y me hizo muy feliz haber podido compartir con \u00e9l este homenaje al querido Don Ata\u201d, recuerda el m\u00fasico.<\/p>\n<\/div>\n<div>\n<p>La pieza gira en torno al lugar que ocupa el artista frente a su obra. \u201c<strong>Para m\u00ed, destino del canto o el destino del arte en general es entender que nosotros somos solamente un veh\u00edculo y que lo realmente importante es la obra que interpretamos<\/strong>\u201d, define Cambas, en l\u00ednea directa con el pensamiento de Yupanqui.<\/p>\n<\/div>\n<div>\n<p>Esa misma idea, Silvia Adriana considera que \u201c<strong><em>Destino del canto<\/em><\/strong>&#8221; es un poema que &#8220;nos deja don Atahualpa como un legado, como un testamento a quienes de alguna forma u otra hemos sentido el verdadero llamado de la tierra\u201d.<\/p>\n<\/div>\n<div>\n<p>El lanzamiento se hizo el 15 de abril de 2026, en el <strong>D\u00eda Mundial del Arte<\/strong>, una<strong> <\/strong>fecha subraya el esp\u00edritu del proyecto y refuerza el car\u00e1cter de homenaje doble. Porque si Yupanqui es la ra\u00edz conceptual, Alterio es el coraz\u00f3n emocional de esta pieza.<\/p>\n<\/div>\n<div>\n<p>Cambas, orgulloso del resultado, define a Atahualpa Yupanqui como m\u00e1s que un compositor. Para \u00e9l fue &#8220;un pensador&#8221; porque &#8220;<strong>toda su m\u00fasica tiene que ver con la relaci\u00f3n entre el hombre y su entorno. Es un universo hondo y diverso al que hay que asomarse lentamente<\/strong>\u201d.<\/p>\n<\/div>\n<div>\n<p>En ese cruce entre m\u00fasica, poes\u00eda y memoria, el single encuentra su fuerza. Y deja algo claro que la voz de Alterio, incluso en un registro p\u00f3stumo, sigue diciendo. Y sigue llegando.<\/p>\n<\/div>\n<p><strong><a href=\"https:\/\/blockads.fivefilters.org\/\">Adblock test<\/a><\/strong> <a href=\"https:\/\/blockads.fivefilters.org\/acceptable.html\">(Why?)<\/a><\/p>","protected":false},"excerpt":{"rendered":"<p>El pianista argentino Juan Carlos Cambas lanz\u00f3 \u201cDestino del canto\u201d, un single que tiene un registro \u00edntimo, casi despedida, junto&hellip;<\/p>\n","protected":false},"author":1,"featured_media":47039,"comment_status":"closed","ping_status":"closed","sticky":false,"template":"","format":"standard","meta":{"footnotes":""},"categories":[32],"tags":[],"class_list":["post-47038","post","type-post","status-publish","format-standard","has-post-thumbnail","hentry","category-espectaculos"],"_links":{"self":[{"href":"https:\/\/boomdenoticias.com\/index.php?rest_route=\/wp\/v2\/posts\/47038","targetHints":{"allow":["GET"]}}],"collection":[{"href":"https:\/\/boomdenoticias.com\/index.php?rest_route=\/wp\/v2\/posts"}],"about":[{"href":"https:\/\/boomdenoticias.com\/index.php?rest_route=\/wp\/v2\/types\/post"}],"author":[{"embeddable":true,"href":"https:\/\/boomdenoticias.com\/index.php?rest_route=\/wp\/v2\/users\/1"}],"replies":[{"embeddable":true,"href":"https:\/\/boomdenoticias.com\/index.php?rest_route=%2Fwp%2Fv2%2Fcomments&post=47038"}],"version-history":[{"count":0,"href":"https:\/\/boomdenoticias.com\/index.php?rest_route=\/wp\/v2\/posts\/47038\/revisions"}],"wp:featuredmedia":[{"embeddable":true,"href":"https:\/\/boomdenoticias.com\/index.php?rest_route=\/wp\/v2\/media\/47039"}],"wp:attachment":[{"href":"https:\/\/boomdenoticias.com\/index.php?rest_route=%2Fwp%2Fv2%2Fmedia&parent=47038"}],"wp:term":[{"taxonomy":"category","embeddable":true,"href":"https:\/\/boomdenoticias.com\/index.php?rest_route=%2Fwp%2Fv2%2Fcategories&post=47038"},{"taxonomy":"post_tag","embeddable":true,"href":"https:\/\/boomdenoticias.com\/index.php?rest_route=%2Fwp%2Fv2%2Ftags&post=47038"}],"curies":[{"name":"wp","href":"https:\/\/api.w.org\/{rel}","templated":true}]}}