{"id":47028,"date":"2026-04-25T21:16:37","date_gmt":"2026-04-26T00:16:37","guid":{"rendered":"https:\/\/boomdenoticias.com\/?p=47028"},"modified":"2026-04-25T21:16:37","modified_gmt":"2026-04-26T00:16:37","slug":"todos-los-preparativos-para-el-dia-de-franco-colapinto-y-su-road-show-en-buenos-aires","status":"publish","type":"post","link":"https:\/\/boomdenoticias.com\/?p=47028","title":{"rendered":"Todos los preparativos para el d\u00eda de Franco Colapinto y su road show en Buenos Aires"},"content":{"rendered":"<p>Karting, visita al aut\u00f3dromo, conferencia de prensa, asado y un recorrido por las calles que surcar\u00e1 este domingo. <b>Franco Colapinto<\/b> vivi\u00f3 las horas previas al road show como si fuera un <i>rockstar<\/i>. En simult\u00e1neo, el Lotus que manejar\u00e1 el pilarense pas\u00f3 por el Obelisco y<b> se multiplicaron las fotos del auto con el m\u00edtico monumento porte\u00f1o<\/b>. El viernes, hasta el Planetario se hab\u00eda vestido de gala por la visita ilustre del piloto, declarado personalidad destacada de la ciudad en el \u00e1mbito del deporte.<\/p>\n<p>\u201cBuena comida, buena compa\u00f1\u00eda.<b> Nos reunimos para celebrar lo que est\u00e1 por venir este fin de semana.<\/b> Gracias @francolapinto por organizarlo. No podemos esperar a que llegue ma\u00f1ana\u201d, reza una publicaci\u00f3n del equipo <b>Alpine<\/b>. El staff de la escuder\u00eda que vino a Buenos Aires para acompa\u00f1ar al piloto comparti\u00f3 con Colapinto <b>el almuerzo en Estancia Vigil<\/b>, en Los Cardales, adonde el invitado principal lleg\u00f3 en helic\u00f3ptero. Su due\u00f1o, el en\u00f3logo Alejandro Vigil, tambi\u00e9n escribi\u00f3 en la red social X y elogi\u00f3 al piloto pilarense: <b>\u201cCuando te visita un crak (sic) N\u00famero #1<\/b>\u2033. Despu\u00e9s, por la tarde, el piloto se acerc\u00f3 a la zona donde est\u00e1 montado el circuito en el que se desarrollar\u00e1 el road show. <b>Vestido con un buzo con capucha y de muy buen humor, salud\u00f3 y agradeci\u00f3 a la gente.<\/b><\/p>\n<blockquote class=\"instagram-media\" data-instgrm-captioned data-instgrm-permalink=\"https:\/\/www.instagram.com\/p\/DXkM4BXj5yB\/?utm_source=ig_embed&amp;utm_campaign=loading\" data-instgrm-version=\"14\">\n<div> <a href=\"https:\/\/www.instagram.com\/p\/DXkM4BXj5yB\/?utm_source=ig_embed&amp;utm_campaign=loading\" target=\"_blank\"> \n<div>\n<div><\/div>\n<div>\n<div><\/div>\n<div><\/div>\n<\/div>\n<\/div>\n<div><\/div>\n<div><\/div>\n<div>\n<div>View this post on Instagram<\/div>\n<\/div>\n<div><\/div>\n<div>\n<div>\n<div><\/div>\n<div><\/div>\n<div><\/div>\n<\/div>\n<div>\n<div><\/div>\n<div><\/div>\n<\/div>\n<div>\n<div><\/div>\n<div><\/div>\n<div><\/div>\n<\/div>\n<\/div>\n<div>\n<div><\/div>\n<div><\/div>\n<\/div>\n<p><\/p><\/a><\/div>\n<\/blockquote>\n<p>Mientras, los empleados de la organizaci\u00f3n <b>ultimaban los detalles del circuito callejero<\/b> dise\u00f1ado para el road show de este domingo. El piloto ya se lo sabe de memoria, y por all\u00ed har\u00e1 cuatro salidas: <b>dos con el Lotus E20 de 2012 decorado con todos los sponsors actuales de Alpine <\/b>(una a las 12.45 y otra a las 15.15), otra con la <b>Flecha de Plata<\/b> (a las 14.30), el m\u00edtico auto con motor<b> Mercedes Benz<\/b> con el que <b>Juan Manuel Fangio<\/b> consigui\u00f3 dos t\u00edtulos mundiales de la F\u00f3rmula Uno, y una \u00faltima salida a bordo de un bus descapotable para tomar contacto directo con los fan\u00e1ticos. La organizaci\u00f3n calcula que se congregar\u00e1n <b>medio mill\u00f3n de espectadores<\/b> durante toda la jornada.<\/p>\n<p>Habr\u00e1 adem\u00e1s n\u00fameros musicales a cargo de <b>Luk Ra<\/b> (a las 13.55) y la cantante <b>Soledad <\/b>(a las 11.50). Tambi\u00e9n se presentar\u00e1 la Orquesta Sinf\u00f3nica de Buenos Aires y habr\u00e1 un grupo de DJs que har\u00e1n diferentes performances para amenizar el evento. <\/p>\n<p><img loading=\"lazy\" decoding=\"async\" src=\"https:\/\/resizer.glanacion.com\/resizer\/v2\/4XQCVWWOLZDUZDXNI7QL2TDEYA.JPEG?auth=66ebb076cd41784b9ed90d691f835f86b480f09dab46a494cd0281f82da5eace&amp;smart=true&amp;width=2000&amp;height=1500\" alt=\"Vista a\u00e9rea de parte del circuito donde se har\u00e1 el road show de Franco Colapinto este domingo\n\" height=\"1500\" width=\"2000\" \/><\/p>\n<p>La agenda del pilarense marca que luego de dormir en Buenos Aires tendr\u00e1 que volver a subirse a un avi\u00f3n: el lunes se embarcar\u00e1 rumbo a Miami, <b>all\u00ed donde correr\u00e1 con Alpine el pr\u00f3ximo fin de semana<\/b>. <\/p>\n<blockquote class=\"twitter-tweet\">\n<p lang=\"es\" dir=\"ltr\">\ud83d\udd0a \u00a1Sub\u00ed el volumen y disfrut\u00e1!<\/p>\n<p>\ud83c\udfc1 Material exclusivo de Carburando: el Lotus en marcha y la locura de la gente \ud83d\udd25<a href=\"https:\/\/twitter.com\/hashtag\/Colapinto?src=hash&amp;ref_src=twsrc%5Etfw\">#Colapinto<\/a> <a href=\"https:\/\/t.co\/KLuPFXtsA8\">pic.twitter.com\/KLuPFXtsA8<\/a><\/p>\n<p>\u2014 Carburando (@CarburandoTV) <a href=\"https:\/\/twitter.com\/CarburandoTV\/status\/2048139012892672145?ref_src=twsrc%5Etfw\">April 25, 2026<\/a><\/p><\/blockquote>\n<p>En la previa del espect\u00e1culo en el que Franco manejar\u00e1 un auto de F\u00f3rmula 1 por Buenos Aires, el veh\u00edculo fue puesto en marcha con la potencia del sonido que otorga el motor V8. A horas de la presentaci\u00f3n, en el box armado especialmente para el Road Show, sorprendi\u00f3 a los peatones que circulaban por los alrededores cuando comenz\u00f3 a escucharse el m\u00e1gico sonido del motor de competici\u00f3n. El rugido del Lotus E20 atrajo a decenas de porte\u00f1os que se acercaron a presenciar la puesta en marcha del auto que manejar\u00e1 Colapinto este domingo.<\/p>\n<h1>As\u00ed preparan el circuito urbano<\/h1>\n<p><img loading=\"lazy\" decoding=\"async\" src=\"https:\/\/resizer.glanacion.com\/resizer\/v2\/XTFGV3CPEZESNFW2WTRV6TBM5M.JPG?auth=b570bee9c067044bf1f4bd0c6a90db8c15558421cb42b96337d7dc5f9ac16075&amp;smart=true&amp;width=1999&amp;height=1333\" alt=\"Uno de los autos que conducir\u00e1 Colapinto llega al lugar: se trata de una r\u00e9plica de uno que utiliz\u00f3 Fangio\" height=\"1333\" width=\"1999\" \/><img loading=\"lazy\" decoding=\"async\" src=\"https:\/\/resizer.glanacion.com\/resizer\/v2\/TPFGJG2ZMNGBDNOG35WVCSWQLQ.JPEG?auth=6e33ef5cda24de1882f9e49c6214f7b94ee46193570922a3e6451dac92c9b59d&amp;smart=true&amp;width=2000&amp;height=1500\" alt=\"Previa del Road Show de Franco Colapinto\" height=\"1500\" width=\"2000\" \/><img loading=\"lazy\" decoding=\"async\" src=\"https:\/\/resizer.glanacion.com\/resizer\/v2\/KD25L65NTZA7JO6RTO5BSW5JCE.JPEG?auth=2c1e35bbcde23f07c360dbc0929ce0d9e2467e8120284f7aadab75fa4f6dd3fd&amp;smart=true&amp;width=2000&amp;height=1334\" alt=\"Previa del Road Show de Franco Colapinto\" height=\"1334\" width=\"2000\" \/><img loading=\"lazy\" decoding=\"async\" src=\"https:\/\/resizer.glanacion.com\/resizer\/v2\/UOXIVWISYRAGBORQWQMAFNTM6A.JPEG?auth=bdbe1cb7169a76d9a266e40c386e4cb200006c38c770ceaf5591cd0d7e10ca41&amp;smart=true&amp;width=2000&amp;height=1332\" alt=\"El Lotus que utilizar\u00e1 Colapinto, con los colores de Alpine\" height=\"1332\" width=\"2000\" \/><img loading=\"lazy\" decoding=\"async\" src=\"https:\/\/resizer.glanacion.com\/resizer\/v2\/YFVORLWHK5BXVFPDPQ5UKUDZPA.JPG?auth=635bcedb977eb7a2d6f6019841b386edde25d8d897d70401a6c245b1a20efc81&amp;smart=true&amp;width=2000&amp;height=1333\" alt=\"Previa del Road Show de Franco Colapinto\nMontando la \u00faltima grada altura Libertador y Sinclair\" height=\"1333\" width=\"2000\" \/>El piloto comi\u00f3 un asado en Cardales y luego se dio una vuelta por el circuito, que recib\u00eda sus \u00faltimos retoquesAutomovilismoLA NACION<\/p>","protected":false},"excerpt":{"rendered":"<p>Karting, visita al aut\u00f3dromo, conferencia de prensa, asado y un recorrido por las calles que surcar\u00e1 este domingo. Franco Colapinto&hellip;<\/p>\n","protected":false},"author":1,"featured_media":47029,"comment_status":"closed","ping_status":"closed","sticky":false,"template":"","format":"standard","meta":{"footnotes":""},"categories":[31],"tags":[],"class_list":["post-47028","post","type-post","status-publish","format-standard","has-post-thumbnail","hentry","category-pais"],"_links":{"self":[{"href":"https:\/\/boomdenoticias.com\/index.php?rest_route=\/wp\/v2\/posts\/47028","targetHints":{"allow":["GET"]}}],"collection":[{"href":"https:\/\/boomdenoticias.com\/index.php?rest_route=\/wp\/v2\/posts"}],"about":[{"href":"https:\/\/boomdenoticias.com\/index.php?rest_route=\/wp\/v2\/types\/post"}],"author":[{"embeddable":true,"href":"https:\/\/boomdenoticias.com\/index.php?rest_route=\/wp\/v2\/users\/1"}],"replies":[{"embeddable":true,"href":"https:\/\/boomdenoticias.com\/index.php?rest_route=%2Fwp%2Fv2%2Fcomments&post=47028"}],"version-history":[{"count":0,"href":"https:\/\/boomdenoticias.com\/index.php?rest_route=\/wp\/v2\/posts\/47028\/revisions"}],"wp:featuredmedia":[{"embeddable":true,"href":"https:\/\/boomdenoticias.com\/index.php?rest_route=\/wp\/v2\/media\/47029"}],"wp:attachment":[{"href":"https:\/\/boomdenoticias.com\/index.php?rest_route=%2Fwp%2Fv2%2Fmedia&parent=47028"}],"wp:term":[{"taxonomy":"category","embeddable":true,"href":"https:\/\/boomdenoticias.com\/index.php?rest_route=%2Fwp%2Fv2%2Fcategories&post=47028"},{"taxonomy":"post_tag","embeddable":true,"href":"https:\/\/boomdenoticias.com\/index.php?rest_route=%2Fwp%2Fv2%2Ftags&post=47028"}],"curies":[{"name":"wp","href":"https:\/\/api.w.org\/{rel}","templated":true}]}}