{"id":47018,"date":"2026-04-25T20:32:25","date_gmt":"2026-04-25T23:32:25","guid":{"rendered":"https:\/\/boomdenoticias.com\/?p=47018"},"modified":"2026-04-25T20:32:25","modified_gmt":"2026-04-25T23:32:25","slug":"polemico-banquete-el-nuevo-presidente-de-chile-invito-a-comer-a-50-amigos-de-la-facultad-al-palacio-de-la-moneda-se-armo-un-escandalo-y-ahora-reconocio-que-fue-un-error","status":"publish","type":"post","link":"https:\/\/boomdenoticias.com\/?p=47018","title":{"rendered":"Pol\u00e9mico banquete: el nuevo presidente de Chile invit\u00f3 a comer a 50 amigos de la facultad al Palacio de la Moneda, se arm\u00f3 un esc\u00e1ndalo y ahora reconoci\u00f3 que &#8220;fue un error&#8221;"},"content":{"rendered":"<div><img decoding=\"async\" src=\"https:\/\/www.clarin.com\/img\/2026\/04\/25\/k1Lw812yi_2000x1500__1.jpg\" class=\"ff-og-image-inserted\" \/><\/div>\n<div>\n<p>Cuando el nuevo presidente de <strong>Chile<\/strong>, <strong>Jos\u00e9 Antonio Kast<\/strong>, cumpl\u00eda un mes en el poder realiz\u00f3 un <strong>almuerzo privado en la Palacio de la Moneda para 50 excompa\u00f1eros de la Facultad de Derecho<\/strong> en la que estudi\u00f3, y en medio de una pol\u00edtica de recortes de fondos p\u00fablicos estall\u00f3 el esc\u00e1ndalo. Reci\u00e9n este viernes reconoci\u00f3 que fue un &#8220;error&#8221; invitar sus amigos, y por estas horas crece la indignaci\u00f3n en la oposici\u00f3n.<\/p>\n<\/div>\n<div>\n<p>&#8220;<strong>Uno tambi\u00e9n puede cometer errores por desconocimiento<\/strong>. Est\u00e1 claro que yo comet\u00ed un error por desconocimiento, y no se va a volver a repetir&#8221;, afirm\u00f3 el gobernante ultraderechista en un discurso en la sede del Consejo para la Transparencia (CPLT), en Santiago.<\/p>\n<\/div>\n<div>\n<p>Kast, el primer mandatario en vivir en La Moneda desde 1958, organiz\u00f3 el pasado 10 de abril un almuerzo privado con sus excompa\u00f1eros de Derecho de la Universidad Cat\u00f3lica en uno de los salones de este palacio neocl\u00e1sico, ubicado en el coraz\u00f3n de Santiago.<\/p>\n<\/div>\n<div>\n<p>&#8220;As\u00ed que <strong>no se preocupen, nadie se puede sentir ahora invitado a almorzar salvo que sea un acto oficial&#8221;,<\/strong> a\u00f1adi\u00f3 Kast, cuya vivienda familiar se encuentra en una localidad rural a las afueras de la capital chilena y decidi\u00f3 vivir en La Moneda por razones de &#8220;austeridad&#8221; y para &#8220;no generar m\u00e1s gasto al Estado&#8221; alquilando una casa especial o pagando largos desplazamientos.<\/p>\n<\/div>\n<div>\n<p>El almuerzo, que se viraliz\u00f3 despu\u00e9s de que <strong>numerosos de invitados alardearan en redes sociales,<\/strong> gener\u00f3 <strong>gran controversia <\/strong>en Chile por el uso de <strong>dependencias estatales para eventos privados.<\/strong><\/p>\n<\/div>\n<div>\n<p>Seg\u00fan las fotos viralizadas por los comensales, parte del men\u00fa fue <strong>tartar de tomates, vino tinto, pur\u00e9 r\u00fastico y plateada al jugo.<\/strong> Consultado por el financiamiento, Kast afirm\u00f3: &#8220;En el tema del almuerzo <strong>no hubo financiamiento p\u00fablico, salvo por el servicio&#8221;.<\/strong> La oposici\u00f3n tambi\u00e9n le achaca gastos de la Oficina del Presidente Electo (OPE).<\/p>\n<\/div>\n<div>\n<p><strong>Diputados de la oposici\u00f3n<\/strong> de izquierda recurrieron a la <strong>Contralor\u00eda General de la Rep\u00fablica<\/strong> -ente que se encarga de fiscalizar a las instituciones del Estado-, que le dio 10 d\u00edas al mandatario para aclarar si se usaron fondos p\u00fablicos.<\/p>\n<\/div>\n<div>\n<p>&#8220;Respecto de la Contralor\u00eda, s\u00ed, vino el d\u00eda de ayer. Le hemos contestado todos los oficios de fiscalizaci\u00f3n&#8221;, reconoci\u00f3 Kast. Ese organismo le consult\u00f3 sobre el <strong>uso del casino que involucra a su esposa, la Primera Dama, Mar\u00eda P\u00eda Adriasola;<\/strong> as\u00ed como un <strong>c\u00f3ctel y el propio almuerzo<\/strong> realizado en la sede de Gobierno. &#8220;Esperamos que prontamente la Contralor\u00eda, con todos los antecedentes, dictamine&#8221;, dijo Kast.<\/p>\n<\/div>\n<div>\n<p>Desde la administraci\u00f3n ultraconservadora aseguraron que la comida fue <strong>pagada personalmente por Kast y su esposa,<\/strong> con la que vive en el palacio desde el pasado 11 de marzo, cuando lleg\u00f3 al poder prometiendo un &#8220;Gobierno de emergencia&#8221; para <strong>combatir la crisis de seguridad y econ\u00f3mica<\/strong> que asegura vive el pa\u00eds.<\/p>\n<\/div>\n<div>\n<p><strong>&#8220;Acojo y agradezco las fiscalizaciones.<\/strong> Uno siempre act\u00faa desde la base de que una fiscalizaci\u00f3n es para mejorar algo que no estaba funcionando bien, y <strong>todos debemos cumplir con el mismo est\u00e1ndar&#8221;,<\/strong> indic\u00f3 este viernes el gobernante, cuyos nueve hijos no viven con \u00e9l en La Moneda.<\/p>\n<\/div>\n<div>\n<p><em>Con informaci\u00f3n de la Agencia EFE<\/em><\/p>\n<\/div>\n<p><strong><a href=\"https:\/\/blockads.fivefilters.org\/\">Adblock test<\/a><\/strong> <a href=\"https:\/\/blockads.fivefilters.org\/acceptable.html\">(Why?)<\/a><\/p>","protected":false},"excerpt":{"rendered":"<p>Cuando el nuevo presidente de Chile, Jos\u00e9 Antonio Kast, cumpl\u00eda un mes en el poder realiz\u00f3 un almuerzo privado en&hellip;<\/p>\n","protected":false},"author":1,"featured_media":47019,"comment_status":"closed","ping_status":"closed","sticky":false,"template":"","format":"standard","meta":{"footnotes":""},"categories":[36],"tags":[],"class_list":["post-47018","post","type-post","status-publish","format-standard","has-post-thumbnail","hentry","category-mundo"],"_links":{"self":[{"href":"https:\/\/boomdenoticias.com\/index.php?rest_route=\/wp\/v2\/posts\/47018","targetHints":{"allow":["GET"]}}],"collection":[{"href":"https:\/\/boomdenoticias.com\/index.php?rest_route=\/wp\/v2\/posts"}],"about":[{"href":"https:\/\/boomdenoticias.com\/index.php?rest_route=\/wp\/v2\/types\/post"}],"author":[{"embeddable":true,"href":"https:\/\/boomdenoticias.com\/index.php?rest_route=\/wp\/v2\/users\/1"}],"replies":[{"embeddable":true,"href":"https:\/\/boomdenoticias.com\/index.php?rest_route=%2Fwp%2Fv2%2Fcomments&post=47018"}],"version-history":[{"count":0,"href":"https:\/\/boomdenoticias.com\/index.php?rest_route=\/wp\/v2\/posts\/47018\/revisions"}],"wp:featuredmedia":[{"embeddable":true,"href":"https:\/\/boomdenoticias.com\/index.php?rest_route=\/wp\/v2\/media\/47019"}],"wp:attachment":[{"href":"https:\/\/boomdenoticias.com\/index.php?rest_route=%2Fwp%2Fv2%2Fmedia&parent=47018"}],"wp:term":[{"taxonomy":"category","embeddable":true,"href":"https:\/\/boomdenoticias.com\/index.php?rest_route=%2Fwp%2Fv2%2Fcategories&post=47018"},{"taxonomy":"post_tag","embeddable":true,"href":"https:\/\/boomdenoticias.com\/index.php?rest_route=%2Fwp%2Fv2%2Ftags&post=47018"}],"curies":[{"name":"wp","href":"https:\/\/api.w.org\/{rel}","templated":true}]}}